{"id":6957,"date":"2017-02-07T09:11:34","date_gmt":"2017-02-07T08:11:34","guid":{"rendered":"https:\/\/invest-park.com.pl\/?p=6957"},"modified":"2017-02-07T09:20:44","modified_gmt":"2017-02-07T08:20:44","slug":"special-economic-zones-in-the-new-model-of-vocational-education","status":"publish","type":"post","link":"https:\/\/archiwum.invest-park.com.pl\/en\/blog\/2017\/02\/07\/special-economic-zones-in-the-new-model-of-vocational-education\/","title":{"rendered":"Special economic zones in the new model of vocational education"},"content":{"rendered":"<p><strong>Representatives of companies managing special economic zones in Poland met in order to discuss the ways of supporting investors in their search for skilled workers and ways of adapting education to the needs of employers. The meeting, which was held in the Wa\u0142brzych Special Economic Zone \u201cINVEST-PARK\u201d on 20 January, 2017, was attended by Minister of National Education Krystyna Zalewska and Gra\u017cyna Ciurzy\u0144ska of the Investment Policy Department, who represented the Ministry of Development.<\/strong><!--more--><\/p>\n<p>For twenty years, special economic zones have been an effective instruments of stimulating economic growth. In almost every county there are sites covered by the zones. The total capital expenditure of all the tenants has reached almost PLN 120 billion, and almost 280,000 people have found jobs thanks to them.<\/p>\n<p>However, the changing economic reality, particularly on the labor market, makes it necessary to constantly adapt the educational process to the needs of employers. According to surveys conducted by the zones, companies are looking for engineers as well as cutting machine operators, electricians, mechanics, electromechanics and automation specialists. The tenants\u2019 recruitment plans for the next few years will result in the creation of several dozen thousand jobs connected with these professions. New jobs will also be generated by companies functioning in the broadly-defined environment of the tenants as cooperators or suppliers, which is bound to increase the demand for specialists.<\/p>\n<p><a href=\"https:\/\/archiwum.invest-park.com.pl\/blog\/2017\/01\/27\/specjalne-strefy-ekonomiczne-w-nowym-modelu-szkolnictwa-zawodowego\/sse-spotkanie-w-walbrzychu-2-2\/\" rel=\"attachment wp-att-6934\"><img loading=\"lazy\" decoding=\"async\" class=\"alignnone wp-image-6934 size-large\" src=\"https:\/\/archiwum.invest-park.com.pl\/wp-content\/uploads\/2017\/01\/SSE-spotkanie-w-Walbrzychu-21-e1485524785531-1024x373.jpg\" alt=\"SSE - spotkanie w Walbrzychu (2)\" width=\"1024\" height=\"373\" \/><\/a><\/p>\n<p>The meeting in Wa\u0142brzych was devoted to discussions about actions that will support companies in their search for skilled workers. The role of educational clusters established by the zones will be very important in this area. They currently gather around 300 entities such as companies, schools, local governments and other institutions connected with business. The clusters facilitate cooperation between schools and entrepreneurs by offering apprenticeships and training programs, conducting research projects in collaboration with universities, supporting students\u2019 associations and providing equipment that will be used as teaching aids. One of the most efficient forms of cooperation is classes sponsored by companies functioning in the zones. Over 100 of them have been created in the last two years.<\/p>\n<p>Representatives of special economic zones made the decision to support the new educational policies in regard to vocational education. The changes proposed by the Ministry of National Education are based on strengthening the position of entrepreneurs in the new schooling model. A declaration of support was signed in Wa\u0142brzych by Polish special economic zones, which also plan to intensify their efforts to not only solve the current staffing problems, but also act as a magnet for firms planning to conduct investment projects in Poland.<\/p>\n<p>[youtube_dd id=&#8217;Cp1o-VKyqEo&#8217;][\/youtube_dd]<\/p>\n<div class=\"wpmf-gallerys wpmf-gallerys-life \" ><div id=\"gallery-1\" class=\"gallery gallery_life wpmf_gallery_default gallery_default  gallery-columns-3 gallery-size-thumbnail gallery-link-file wpmf-has-border-radius-0 wpmf-gutterwidth-5 no_ratio\"><figure class=\"wpmf-gallery-item\" data-index=\"0\"><div class=\"wpmf-gallery-icon\"><div class=\"square_thumbnail\"><div class=\"img_centered\"><a class=\" not_video noLightbox\" data-lightbox=\"1\" data-href=\"https:\/\/archiwum.invest-park.com.pl\/wp-content\/uploads\/2017\/01\/SSE-spotkanie-w-Walbrzychu-1-1024x669.jpg\" title=\"SSE - spotkanie w Walbrzychu (1)\" target=\"_self\" data-index=\"0\"><img decoding=\"async\" class=\"wpmf_img\" alt=\"SSE - spotkanie w Walbrzychu (1)\" src=\"https:\/\/archiwum.invest-park.com.pl\/wp-content\/uploads\/2017\/01\/SSE-spotkanie-w-Walbrzychu-1-270x176.jpg\" data-type=\"wpmfgalleryimg\" data-lazy-src=\"https:\/\/archiwum.invest-park.com.pl\/wp-content\/uploads\/2017\/01\/SSE-spotkanie-w-Walbrzychu-1-270x176.jpg\"><\/a><\/div><\/div><\/div><\/figure><figure class=\"wpmf-gallery-item\" data-index=\"1\"><div class=\"wpmf-gallery-icon\"><div class=\"square_thumbnail\"><div class=\"img_centered\"><a class=\" not_video noLightbox\" data-lightbox=\"1\" data-href=\"https:\/\/archiwum.invest-park.com.pl\/wp-content\/uploads\/2017\/01\/SSE-spotkanie-w-Walbrzychu-2-1024x683.jpg\" title=\"SSE - spotkanie w Walbrzychu (2)\" target=\"_self\" data-index=\"1\"><img decoding=\"async\" class=\"wpmf_img\" alt=\"SSE - spotkanie w Walbrzychu (2)\" src=\"https:\/\/archiwum.invest-park.com.pl\/wp-content\/uploads\/2017\/01\/SSE-spotkanie-w-Walbrzychu-2-270x180.jpg\" data-type=\"wpmfgalleryimg\" data-lazy-src=\"https:\/\/archiwum.invest-park.com.pl\/wp-content\/uploads\/2017\/01\/SSE-spotkanie-w-Walbrzychu-2-270x180.jpg\"><\/a><\/div><\/div><\/div><\/figure><figure class=\"wpmf-gallery-item\" data-index=\"2\"><div class=\"wpmf-gallery-icon\"><div class=\"square_thumbnail\"><div class=\"img_centered\"><a class=\" not_video noLightbox\" data-lightbox=\"1\" data-href=\"https:\/\/archiwum.invest-park.com.pl\/wp-content\/uploads\/2017\/01\/SSE-spotkanie-w-Walbrzychu-3-1024x683.jpg\" title=\"SSE - spotkanie w Walbrzychu (3)\" target=\"_self\" data-index=\"2\"><img decoding=\"async\" class=\"wpmf_img\" alt=\"SSE - spotkanie w Walbrzychu (3)\" src=\"https:\/\/archiwum.invest-park.com.pl\/wp-content\/uploads\/2017\/01\/SSE-spotkanie-w-Walbrzychu-3-270x180.jpg\" data-type=\"wpmfgalleryimg\" data-lazy-src=\"https:\/\/archiwum.invest-park.com.pl\/wp-content\/uploads\/2017\/01\/SSE-spotkanie-w-Walbrzychu-3-270x180.jpg\"><\/a><\/div><\/div><\/div><\/figure><figure class=\"wpmf-gallery-item\" data-index=\"3\"><div class=\"wpmf-gallery-icon\"><div class=\"square_thumbnail\"><div class=\"img_centered\"><a class=\" not_video noLightbox\" data-lightbox=\"1\" data-href=\"https:\/\/archiwum.invest-park.com.pl\/wp-content\/uploads\/2017\/01\/SSE-spotkanie-w-Walbrzychu-4-1024x683.jpg\" title=\"SSE - spotkanie w Walbrzychu (4)\" target=\"_self\" data-index=\"3\"><img decoding=\"async\" class=\"wpmf_img\" alt=\"SSE - spotkanie w Walbrzychu (4)\" src=\"https:\/\/archiwum.invest-park.com.pl\/wp-content\/uploads\/2017\/01\/SSE-spotkanie-w-Walbrzychu-4-270x180.jpg\" data-type=\"wpmfgalleryimg\" data-lazy-src=\"https:\/\/archiwum.invest-park.com.pl\/wp-content\/uploads\/2017\/01\/SSE-spotkanie-w-Walbrzychu-4-270x180.jpg\"><\/a><\/div><\/div><\/div><\/figure><figure class=\"wpmf-gallery-item\" data-index=\"4\"><div class=\"wpmf-gallery-icon\"><div class=\"square_thumbnail\"><div class=\"img_centered\"><a class=\" not_video noLightbox\" data-lightbox=\"1\" data-href=\"https:\/\/archiwum.invest-park.com.pl\/wp-content\/uploads\/2017\/01\/SSE-spotkanie-w-Walbrzychu-5-1024x653.jpg\" title=\"SSE - spotkanie w Walbrzychu (5)\" target=\"_self\" data-index=\"4\"><img decoding=\"async\" class=\"wpmf_img\" alt=\"SSE - spotkanie w Walbrzychu (5)\" src=\"https:\/\/archiwum.invest-park.com.pl\/wp-content\/uploads\/2017\/01\/SSE-spotkanie-w-Walbrzychu-5-270x172.jpg\" data-type=\"wpmfgalleryimg\" data-lazy-src=\"https:\/\/archiwum.invest-park.com.pl\/wp-content\/uploads\/2017\/01\/SSE-spotkanie-w-Walbrzychu-5-270x172.jpg\"><\/a><\/div><\/div><\/div><\/figure><figure class=\"wpmf-gallery-item\" data-index=\"5\"><div class=\"wpmf-gallery-icon\"><div class=\"square_thumbnail\"><div class=\"img_centered\"><a class=\" not_video noLightbox\" data-lightbox=\"1\" data-href=\"https:\/\/archiwum.invest-park.com.pl\/wp-content\/uploads\/2017\/01\/SSE-spotkanie-w-Walbrzychu-6-669x1024.jpg\" title=\"SSE - spotkanie w Walbrzychu (6)\" target=\"_self\" data-index=\"5\"><img decoding=\"async\" class=\"wpmf_img\" alt=\"SSE - spotkanie w Walbrzychu (6)\" src=\"https:\/\/archiwum.invest-park.com.pl\/wp-content\/uploads\/2017\/01\/SSE-spotkanie-w-Walbrzychu-6-176x270.jpg\" data-type=\"wpmfgalleryimg\" data-lazy-src=\"https:\/\/archiwum.invest-park.com.pl\/wp-content\/uploads\/2017\/01\/SSE-spotkanie-w-Walbrzychu-6-176x270.jpg\"><\/a><\/div><\/div><\/div><\/figure><figure class=\"wpmf-gallery-item\" data-index=\"6\"><div class=\"wpmf-gallery-icon\"><div class=\"square_thumbnail\"><div class=\"img_centered\"><a class=\" not_video noLightbox\" data-lightbox=\"1\" data-href=\"https:\/\/archiwum.invest-park.com.pl\/wp-content\/uploads\/2017\/01\/SSE-spotkanie-w-Walbrzychu-7-1024x666.jpg\" title=\"SSE - spotkanie w Walbrzychu (7)\" target=\"_self\" data-index=\"6\"><img decoding=\"async\" class=\"wpmf_img\" alt=\"SSE - spotkanie w Walbrzychu (7)\" src=\"https:\/\/archiwum.invest-park.com.pl\/wp-content\/uploads\/2017\/01\/SSE-spotkanie-w-Walbrzychu-7-270x176.jpg\" data-type=\"wpmfgalleryimg\" data-lazy-src=\"https:\/\/archiwum.invest-park.com.pl\/wp-content\/uploads\/2017\/01\/SSE-spotkanie-w-Walbrzychu-7-270x176.jpg\"><\/a><\/div><\/div><\/div><\/figure><figure class=\"wpmf-gallery-item\" data-index=\"7\"><div class=\"wpmf-gallery-icon\"><div class=\"square_thumbnail\"><div class=\"img_centered\"><a class=\" not_video noLightbox\" data-lightbox=\"1\" data-href=\"https:\/\/archiwum.invest-park.com.pl\/wp-content\/uploads\/2017\/01\/SSE-spotkanie-w-Walbrzychu-8-1024x683.jpg\" title=\"SSE - spotkanie w Walbrzychu (8)\" target=\"_self\" data-index=\"7\"><img decoding=\"async\" class=\"wpmf_img\" alt=\"SSE - spotkanie w Walbrzychu (8)\" src=\"https:\/\/archiwum.invest-park.com.pl\/wp-content\/uploads\/2017\/01\/SSE-spotkanie-w-Walbrzychu-8-270x180.jpg\" data-type=\"wpmfgalleryimg\" data-lazy-src=\"https:\/\/archiwum.invest-park.com.pl\/wp-content\/uploads\/2017\/01\/SSE-spotkanie-w-Walbrzychu-8-270x180.jpg\"><\/a><\/div><\/div><\/div><\/figure><figure class=\"wpmf-gallery-item\" data-index=\"8\"><div class=\"wpmf-gallery-icon\"><div class=\"square_thumbnail\"><div class=\"img_centered\"><a class=\" not_video noLightbox\" data-lightbox=\"1\" data-href=\"https:\/\/archiwum.invest-park.com.pl\/wp-content\/uploads\/2017\/01\/SSE-spotkanie-w-Walbrzychu-9-1024x666.jpg\" title=\"SSE - spotkanie w Walbrzychu (9)\" target=\"_self\" data-index=\"8\"><img decoding=\"async\" class=\"wpmf_img\" alt=\"SSE - spotkanie w Walbrzychu (9)\" src=\"https:\/\/archiwum.invest-park.com.pl\/wp-content\/uploads\/2017\/01\/SSE-spotkanie-w-Walbrzychu-9-270x176.jpg\" data-type=\"wpmfgalleryimg\" data-lazy-src=\"https:\/\/archiwum.invest-park.com.pl\/wp-content\/uploads\/2017\/01\/SSE-spotkanie-w-Walbrzychu-9-270x176.jpg\"><\/a><\/div><\/div><\/div><\/figure><figure class=\"wpmf-gallery-item\" data-index=\"9\"><div class=\"wpmf-gallery-icon\"><div class=\"square_thumbnail\"><div class=\"img_centered\"><a class=\" not_video noLightbox\" data-lightbox=\"1\" data-href=\"https:\/\/archiwum.invest-park.com.pl\/wp-content\/uploads\/2017\/01\/SSE-spotkanie-w-Walbrzychu-10-1024x683.jpg\" title=\"SSE - spotkanie w Walbrzychu (10)\" target=\"_self\" data-index=\"9\"><img decoding=\"async\" class=\"wpmf_img\" alt=\"SSE - spotkanie w Walbrzychu (10)\" src=\"https:\/\/archiwum.invest-park.com.pl\/wp-content\/uploads\/2017\/01\/SSE-spotkanie-w-Walbrzychu-10-270x180.jpg\" data-type=\"wpmfgalleryimg\" data-lazy-src=\"https:\/\/archiwum.invest-park.com.pl\/wp-content\/uploads\/2017\/01\/SSE-spotkanie-w-Walbrzychu-10-270x180.jpg\"><\/a><\/div><\/div><\/div><\/figure><figure class=\"wpmf-gallery-item\" data-index=\"10\"><div class=\"wpmf-gallery-icon\"><div class=\"square_thumbnail\"><div class=\"img_centered\"><a class=\" not_video noLightbox\" data-lightbox=\"1\" data-href=\"https:\/\/archiwum.invest-park.com.pl\/wp-content\/uploads\/2017\/01\/SSE-spotkanie-w-Walbrzychu-11-812x1024.jpg\" title=\"SSE - spotkanie w Walbrzychu (11)\" target=\"_self\" data-index=\"10\"><img decoding=\"async\" class=\"wpmf_img\" alt=\"SSE - spotkanie w Walbrzychu (11)\" src=\"https:\/\/archiwum.invest-park.com.pl\/wp-content\/uploads\/2017\/01\/SSE-spotkanie-w-Walbrzychu-11-214x270.jpg\" data-type=\"wpmfgalleryimg\" data-lazy-src=\"https:\/\/archiwum.invest-park.com.pl\/wp-content\/uploads\/2017\/01\/SSE-spotkanie-w-Walbrzychu-11-214x270.jpg\"><\/a><\/div><\/div><\/div><\/figure><figure class=\"wpmf-gallery-item\" data-index=\"11\"><div class=\"wpmf-gallery-icon\"><div class=\"square_thumbnail\"><div class=\"img_centered\"><a class=\" not_video noLightbox\" data-lightbox=\"1\" data-href=\"https:\/\/archiwum.invest-park.com.pl\/wp-content\/uploads\/2017\/01\/SSE-spotkanie-w-Walbrzychu-12-1024x683.jpg\" title=\"SSE - spotkanie w Walbrzychu (12)\" target=\"_self\" data-index=\"11\"><img decoding=\"async\" class=\"wpmf_img\" alt=\"SSE - spotkanie w Walbrzychu (12)\" src=\"https:\/\/archiwum.invest-park.com.pl\/wp-content\/uploads\/2017\/01\/SSE-spotkanie-w-Walbrzychu-12-270x180.jpg\" data-type=\"wpmfgalleryimg\" data-lazy-src=\"https:\/\/archiwum.invest-park.com.pl\/wp-content\/uploads\/2017\/01\/SSE-spotkanie-w-Walbrzychu-12-270x180.jpg\"><\/a><\/div><\/div><\/div><\/figure><figure class=\"wpmf-gallery-item\" data-index=\"12\"><div class=\"wpmf-gallery-icon\"><div class=\"square_thumbnail\"><div class=\"img_centered\"><a class=\" not_video noLightbox\" data-lightbox=\"1\" data-href=\"https:\/\/archiwum.invest-park.com.pl\/wp-content\/uploads\/2017\/01\/SSE-spotkanie-w-Walbrzychu-13-1024x683.jpg\" title=\"SSE - spotkanie w Walbrzychu (13)\" target=\"_self\" data-index=\"12\"><img decoding=\"async\" class=\"wpmf_img\" alt=\"SSE - spotkanie w Walbrzychu (13)\" src=\"https:\/\/archiwum.invest-park.com.pl\/wp-content\/uploads\/2017\/01\/SSE-spotkanie-w-Walbrzychu-13-270x180.jpg\" data-type=\"wpmfgalleryimg\" data-lazy-src=\"https:\/\/archiwum.invest-park.com.pl\/wp-content\/uploads\/2017\/01\/SSE-spotkanie-w-Walbrzychu-13-270x180.jpg\"><\/a><\/div><\/div><\/div><\/figure><figure class=\"wpmf-gallery-item\" data-index=\"13\"><div class=\"wpmf-gallery-icon\"><div class=\"square_thumbnail\"><div class=\"img_centered\"><a class=\" not_video noLightbox\" data-lightbox=\"1\" data-href=\"https:\/\/archiwum.invest-park.com.pl\/wp-content\/uploads\/2017\/01\/SSE-spotkanie-w-Walbrzychu-14-1024x683.jpg\" title=\"SSE - spotkanie w Walbrzychu (14)\" target=\"_self\" data-index=\"13\"><img decoding=\"async\" class=\"wpmf_img\" alt=\"SSE - spotkanie w Walbrzychu (14)\" src=\"https:\/\/archiwum.invest-park.com.pl\/wp-content\/uploads\/2017\/01\/SSE-spotkanie-w-Walbrzychu-14-270x180.jpg\" data-type=\"wpmfgalleryimg\" data-lazy-src=\"https:\/\/archiwum.invest-park.com.pl\/wp-content\/uploads\/2017\/01\/SSE-spotkanie-w-Walbrzychu-14-270x180.jpg\"><\/a><\/div><\/div><\/div><\/figure><figure class=\"wpmf-gallery-item\" data-index=\"14\"><div class=\"wpmf-gallery-icon\"><div class=\"square_thumbnail\"><div class=\"img_centered\"><a class=\" not_video noLightbox\" data-lightbox=\"1\" data-href=\"https:\/\/archiwum.invest-park.com.pl\/wp-content\/uploads\/2017\/01\/SSE-spotkanie-w-Walbrzychu-15-1024x683.jpg\" title=\"SSE - spotkanie w Walbrzychu (15)\" target=\"_self\" data-index=\"14\"><img decoding=\"async\" class=\"wpmf_img\" alt=\"SSE - spotkanie w Walbrzychu (15)\" src=\"https:\/\/archiwum.invest-park.com.pl\/wp-content\/uploads\/2017\/01\/SSE-spotkanie-w-Walbrzychu-15-270x180.jpg\" data-type=\"wpmfgalleryimg\" data-lazy-src=\"https:\/\/archiwum.invest-park.com.pl\/wp-content\/uploads\/2017\/01\/SSE-spotkanie-w-Walbrzychu-15-270x180.jpg\"><\/a><\/div><\/div><\/div><\/figure><figure class=\"wpmf-gallery-item\" data-index=\"15\"><div class=\"wpmf-gallery-icon\"><div class=\"square_thumbnail\"><div class=\"img_centered\"><a class=\" not_video noLightbox\" data-lightbox=\"1\" data-href=\"https:\/\/archiwum.invest-park.com.pl\/wp-content\/uploads\/2017\/01\/SSE-spotkanie-w-Walbrzychu-16-1024x683.jpg\" title=\"SSE - spotkanie w Walbrzychu (16)\" target=\"_self\" data-index=\"15\"><img decoding=\"async\" class=\"wpmf_img\" alt=\"SSE - spotkanie w Walbrzychu (16)\" src=\"https:\/\/archiwum.invest-park.com.pl\/wp-content\/uploads\/2017\/01\/SSE-spotkanie-w-Walbrzychu-16-270x180.jpg\" data-type=\"wpmfgalleryimg\" data-lazy-src=\"https:\/\/archiwum.invest-park.com.pl\/wp-content\/uploads\/2017\/01\/SSE-spotkanie-w-Walbrzychu-16-270x180.jpg\"><\/a><\/div><\/div><\/div><\/figure><figure class=\"wpmf-gallery-item\" data-index=\"16\"><div class=\"wpmf-gallery-icon\"><div class=\"square_thumbnail\"><div class=\"img_centered\"><a class=\" not_video noLightbox\" data-lightbox=\"1\" data-href=\"https:\/\/archiwum.invest-park.com.pl\/wp-content\/uploads\/2017\/01\/SSE-spotkanie-w-Walbrzychu-17-1024x683.jpg\" title=\"SSE - spotkanie w Walbrzychu (17)\" target=\"_self\" data-index=\"16\"><img decoding=\"async\" class=\"wpmf_img\" alt=\"SSE - spotkanie w Walbrzychu (17)\" src=\"https:\/\/archiwum.invest-park.com.pl\/wp-content\/uploads\/2017\/01\/SSE-spotkanie-w-Walbrzychu-17-270x180.jpg\" data-type=\"wpmfgalleryimg\" data-lazy-src=\"https:\/\/archiwum.invest-park.com.pl\/wp-content\/uploads\/2017\/01\/SSE-spotkanie-w-Walbrzychu-17-270x180.jpg\"><\/a><\/div><\/div><\/div><\/figure><\/div><\/div>\n","protected":false},"excerpt":{"rendered":"<p>Representatives of companies managing special economic zones in Poland met in order to discuss the ways of supporting investors in their search for skilled workers and ways of adapting education to the needs of employers. The meeting, which was held in the Wa\u0142brzych Special Economic Zone \u201cINVEST-PARK\u201d on 20 January, 2017, was attended by Minister <\/p>\n<p class=\"text-right\"><a class=\"btn btn-secondary understrap-read-more-link\" href=\"https:\/\/archiwum.invest-park.com.pl\/en\/blog\/2017\/02\/07\/special-economic-zones-in-the-new-model-of-vocational-education\/\">Read More&#8230;<\/a><\/p>\n","protected":false},"author":1,"featured_media":6934,"comment_status":"open","ping_status":"closed","sticky":false,"template":"","format":"standard","meta":{"_acf_changed":false,"footnotes":""},"categories":[85],"tags":[],"class_list":["post-6957","post","type-post","status-publish","format-standard","has-post-thumbnail","hentry","category-news"],"acf":[],"yoast_head":"<!-- This site is optimized with the Yoast SEO plugin v27.5 - https:\/\/yoast.com\/product\/yoast-seo-wordpress\/ -->\n<title>Special economic zones in the new model of vocational education - WSSE &quot;INVEST-PARK&quot;. Wa\u0142brzyska Specjalna Strefa Ekonomiczna &quot;INVEST-PARK&quot;.<\/title>\n<meta name=\"robots\" content=\"index, follow, max-snippet:-1, max-image-preview:large, max-video-preview:-1\" \/>\n<link rel=\"canonical\" href=\"https:\/\/archiwum.invest-park.com.pl\/en\/blog\/2017\/02\/07\/special-economic-zones-in-the-new-model-of-vocational-education\/\" \/>\n<meta property=\"og:locale\" content=\"en_US\" \/>\n<meta property=\"og:type\" content=\"article\" \/>\n<meta property=\"og:title\" content=\"Special economic zones in the new model of vocational education - WSSE &quot;INVEST-PARK&quot;. Wa\u0142brzyska Specjalna Strefa Ekonomiczna &quot;INVEST-PARK&quot;.\" \/>\n<meta property=\"og:description\" content=\"Representatives of companies managing special economic zones in Poland met in order to discuss the ways of supporting investors in their search for skilled workers and ways of adapting education to the needs of employers. The meeting, which was held in the Wa\u0142brzych Special Economic Zone \u201cINVEST-PARK\u201d on 20 January, 2017, was attended by Minister Read More...\" \/>\n<meta property=\"og:url\" content=\"https:\/\/archiwum.invest-park.com.pl\/en\/blog\/2017\/02\/07\/special-economic-zones-in-the-new-model-of-vocational-education\/\" \/>\n<meta property=\"og:site_name\" content=\"WSSE &quot;INVEST-PARK&quot;. Wa\u0142brzyska Specjalna Strefa Ekonomiczna &quot;INVEST-PARK&quot;.\" \/>\n<meta property=\"article:published_time\" content=\"2017-02-07T08:11:34+00:00\" \/>\n<meta property=\"article:modified_time\" content=\"2017-02-07T08:20:44+00:00\" \/>\n<meta property=\"og:image\" content=\"https:\/\/archiwum.invest-park.com.pl\/wp-content\/uploads\/2017\/01\/SSE-spotkanie-w-Walbrzychu-21-e1485524785531.jpg\" \/>\n\t<meta property=\"og:image:width\" content=\"3456\" \/>\n\t<meta property=\"og:image:height\" content=\"1261\" \/>\n\t<meta property=\"og:image:type\" content=\"image\/jpeg\" \/>\n<meta name=\"author\" content=\"Pion IT\" \/>\n<meta name=\"twitter:label1\" content=\"Written by\" \/>\n\t<meta name=\"twitter:data1\" content=\"Pion IT\" \/>\n\t<meta name=\"twitter:label2\" content=\"Est. reading time\" \/>\n\t<meta name=\"twitter:data2\" content=\"2 minutes\" \/>\n<script type=\"application\/ld+json\" class=\"yoast-schema-graph\">{\"@context\":\"https:\\\/\\\/schema.org\",\"@graph\":[{\"@type\":\"Article\",\"@id\":\"https:\\\/\\\/archiwum.invest-park.com.pl\\\/en\\\/blog\\\/2017\\\/02\\\/07\\\/special-economic-zones-in-the-new-model-of-vocational-education\\\/#article\",\"isPartOf\":{\"@id\":\"https:\\\/\\\/archiwum.invest-park.com.pl\\\/en\\\/blog\\\/2017\\\/02\\\/07\\\/special-economic-zones-in-the-new-model-of-vocational-education\\\/\"},\"author\":{\"name\":\"Pion IT\",\"@id\":\"https:\\\/\\\/archiwum.invest-park.com.pl\\\/#\\\/schema\\\/person\\\/e1a25243ece3d709f69b2f07f15f97bd\"},\"headline\":\"Special economic zones in the new model of vocational education\",\"datePublished\":\"2017-02-07T08:11:34+00:00\",\"dateModified\":\"2017-02-07T08:20:44+00:00\",\"mainEntityOfPage\":{\"@id\":\"https:\\\/\\\/archiwum.invest-park.com.pl\\\/en\\\/blog\\\/2017\\\/02\\\/07\\\/special-economic-zones-in-the-new-model-of-vocational-education\\\/\"},\"wordCount\":445,\"commentCount\":0,\"image\":{\"@id\":\"https:\\\/\\\/archiwum.invest-park.com.pl\\\/en\\\/blog\\\/2017\\\/02\\\/07\\\/special-economic-zones-in-the-new-model-of-vocational-education\\\/#primaryimage\"},\"thumbnailUrl\":\"https:\\\/\\\/archiwum.invest-park.com.pl\\\/wp-content\\\/uploads\\\/2017\\\/01\\\/SSE-spotkanie-w-Walbrzychu-21-e1485524785531.jpg\",\"articleSection\":[\"News\"],\"inLanguage\":\"en-US\",\"potentialAction\":[{\"@type\":\"CommentAction\",\"name\":\"Comment\",\"target\":[\"https:\\\/\\\/archiwum.invest-park.com.pl\\\/en\\\/blog\\\/2017\\\/02\\\/07\\\/special-economic-zones-in-the-new-model-of-vocational-education\\\/#respond\"]}]},{\"@type\":\"WebPage\",\"@id\":\"https:\\\/\\\/archiwum.invest-park.com.pl\\\/en\\\/blog\\\/2017\\\/02\\\/07\\\/special-economic-zones-in-the-new-model-of-vocational-education\\\/\",\"url\":\"https:\\\/\\\/archiwum.invest-park.com.pl\\\/en\\\/blog\\\/2017\\\/02\\\/07\\\/special-economic-zones-in-the-new-model-of-vocational-education\\\/\",\"name\":\"Special economic zones in the new model of vocational education - WSSE &quot;INVEST-PARK&quot;. Wa\u0142brzyska Specjalna Strefa Ekonomiczna &quot;INVEST-PARK&quot;.\",\"isPartOf\":{\"@id\":\"https:\\\/\\\/archiwum.invest-park.com.pl\\\/#website\"},\"primaryImageOfPage\":{\"@id\":\"https:\\\/\\\/archiwum.invest-park.com.pl\\\/en\\\/blog\\\/2017\\\/02\\\/07\\\/special-economic-zones-in-the-new-model-of-vocational-education\\\/#primaryimage\"},\"image\":{\"@id\":\"https:\\\/\\\/archiwum.invest-park.com.pl\\\/en\\\/blog\\\/2017\\\/02\\\/07\\\/special-economic-zones-in-the-new-model-of-vocational-education\\\/#primaryimage\"},\"thumbnailUrl\":\"https:\\\/\\\/archiwum.invest-park.com.pl\\\/wp-content\\\/uploads\\\/2017\\\/01\\\/SSE-spotkanie-w-Walbrzychu-21-e1485524785531.jpg\",\"datePublished\":\"2017-02-07T08:11:34+00:00\",\"dateModified\":\"2017-02-07T08:20:44+00:00\",\"author\":{\"@id\":\"https:\\\/\\\/archiwum.invest-park.com.pl\\\/#\\\/schema\\\/person\\\/e1a25243ece3d709f69b2f07f15f97bd\"},\"breadcrumb\":{\"@id\":\"https:\\\/\\\/archiwum.invest-park.com.pl\\\/en\\\/blog\\\/2017\\\/02\\\/07\\\/special-economic-zones-in-the-new-model-of-vocational-education\\\/#breadcrumb\"},\"inLanguage\":\"en-US\",\"potentialAction\":[{\"@type\":\"ReadAction\",\"target\":[\"https:\\\/\\\/archiwum.invest-park.com.pl\\\/en\\\/blog\\\/2017\\\/02\\\/07\\\/special-economic-zones-in-the-new-model-of-vocational-education\\\/\"]}]},{\"@type\":\"ImageObject\",\"inLanguage\":\"en-US\",\"@id\":\"https:\\\/\\\/archiwum.invest-park.com.pl\\\/en\\\/blog\\\/2017\\\/02\\\/07\\\/special-economic-zones-in-the-new-model-of-vocational-education\\\/#primaryimage\",\"url\":\"https:\\\/\\\/archiwum.invest-park.com.pl\\\/wp-content\\\/uploads\\\/2017\\\/01\\\/SSE-spotkanie-w-Walbrzychu-21-e1485524785531.jpg\",\"contentUrl\":\"https:\\\/\\\/archiwum.invest-park.com.pl\\\/wp-content\\\/uploads\\\/2017\\\/01\\\/SSE-spotkanie-w-Walbrzychu-21-e1485524785531.jpg\",\"width\":3456,\"height\":1261},{\"@type\":\"BreadcrumbList\",\"@id\":\"https:\\\/\\\/archiwum.invest-park.com.pl\\\/en\\\/blog\\\/2017\\\/02\\\/07\\\/special-economic-zones-in-the-new-model-of-vocational-education\\\/#breadcrumb\",\"itemListElement\":[{\"@type\":\"ListItem\",\"position\":1,\"name\":\"Strona g\u0142\u00f3wna\",\"item\":\"https:\\\/\\\/archiwum.invest-park.com.pl\\\/en\\\/\"},{\"@type\":\"ListItem\",\"position\":2,\"name\":\"Special economic zones in the new model of vocational education\"}]},{\"@type\":\"WebSite\",\"@id\":\"https:\\\/\\\/archiwum.invest-park.com.pl\\\/#website\",\"url\":\"https:\\\/\\\/archiwum.invest-park.com.pl\\\/\",\"name\":\"WSSE &quot;INVEST-PARK&quot;. Wa\u0142brzyska Specjalna Strefa Ekonomiczna &quot;INVEST-PARK&quot;.\",\"description\":\"Wa\u0142brzyska Specjalna Strefa Ekonomiczna to jedna z najwi\u0119kszych i najdynamiczniej rozwijaj\u0105cych si\u0119 stref ekonomicznych w Polsce | Znajd\u017a tereny inwestycyjne z ulgami podatkowymi | Dzia\u0142ki inwestycyjne | Tereny inwestycyjne | Strefy ekonomiczne w Polsce | Invest in Poland in Special Economic Zone\",\"potentialAction\":[{\"@type\":\"SearchAction\",\"target\":{\"@type\":\"EntryPoint\",\"urlTemplate\":\"https:\\\/\\\/archiwum.invest-park.com.pl\\\/?s={search_term_string}\"},\"query-input\":{\"@type\":\"PropertyValueSpecification\",\"valueRequired\":true,\"valueName\":\"search_term_string\"}}],\"inLanguage\":\"en-US\"},{\"@type\":\"Person\",\"@id\":\"https:\\\/\\\/archiwum.invest-park.com.pl\\\/#\\\/schema\\\/person\\\/e1a25243ece3d709f69b2f07f15f97bd\",\"name\":\"Pion IT\",\"image\":{\"@type\":\"ImageObject\",\"inLanguage\":\"en-US\",\"@id\":\"https:\\\/\\\/secure.gravatar.com\\\/avatar\\\/c98fecba299a4b313b2b82702b1a69330e83b1d8288898b0d5a717c2eeeba508?s=96&d=mm&r=g\",\"url\":\"https:\\\/\\\/secure.gravatar.com\\\/avatar\\\/c98fecba299a4b313b2b82702b1a69330e83b1d8288898b0d5a717c2eeeba508?s=96&d=mm&r=g\",\"contentUrl\":\"https:\\\/\\\/secure.gravatar.com\\\/avatar\\\/c98fecba299a4b313b2b82702b1a69330e83b1d8288898b0d5a717c2eeeba508?s=96&d=mm&r=g\",\"caption\":\"Pion IT\"}}]}<\/script>\n<!-- \/ Yoast SEO plugin. -->","yoast_head_json":{"title":"Special economic zones in the new model of vocational education - WSSE &quot;INVEST-PARK&quot;. Wa\u0142brzyska Specjalna Strefa Ekonomiczna &quot;INVEST-PARK&quot;.","robots":{"index":"index","follow":"follow","max-snippet":"max-snippet:-1","max-image-preview":"max-image-preview:large","max-video-preview":"max-video-preview:-1"},"canonical":"https:\/\/archiwum.invest-park.com.pl\/en\/blog\/2017\/02\/07\/special-economic-zones-in-the-new-model-of-vocational-education\/","og_locale":"en_US","og_type":"article","og_title":"Special economic zones in the new model of vocational education - WSSE &quot;INVEST-PARK&quot;. Wa\u0142brzyska Specjalna Strefa Ekonomiczna &quot;INVEST-PARK&quot;.","og_description":"Representatives of companies managing special economic zones in Poland met in order to discuss the ways of supporting investors in their search for skilled workers and ways of adapting education to the needs of employers. The meeting, which was held in the Wa\u0142brzych Special Economic Zone \u201cINVEST-PARK\u201d on 20 January, 2017, was attended by Minister Read More...","og_url":"https:\/\/archiwum.invest-park.com.pl\/en\/blog\/2017\/02\/07\/special-economic-zones-in-the-new-model-of-vocational-education\/","og_site_name":"WSSE &quot;INVEST-PARK&quot;. Wa\u0142brzyska Specjalna Strefa Ekonomiczna &quot;INVEST-PARK&quot;.","article_published_time":"2017-02-07T08:11:34+00:00","article_modified_time":"2017-02-07T08:20:44+00:00","og_image":[{"width":3456,"height":1261,"url":"https:\/\/archiwum.invest-park.com.pl\/wp-content\/uploads\/2017\/01\/SSE-spotkanie-w-Walbrzychu-21-e1485524785531.jpg","type":"image\/jpeg"}],"author":"Pion IT","twitter_misc":{"Written by":"Pion IT","Est. reading time":"2 minutes"},"schema":{"@context":"https:\/\/schema.org","@graph":[{"@type":"Article","@id":"https:\/\/archiwum.invest-park.com.pl\/en\/blog\/2017\/02\/07\/special-economic-zones-in-the-new-model-of-vocational-education\/#article","isPartOf":{"@id":"https:\/\/archiwum.invest-park.com.pl\/en\/blog\/2017\/02\/07\/special-economic-zones-in-the-new-model-of-vocational-education\/"},"author":{"name":"Pion IT","@id":"https:\/\/archiwum.invest-park.com.pl\/#\/schema\/person\/e1a25243ece3d709f69b2f07f15f97bd"},"headline":"Special economic zones in the new model of vocational education","datePublished":"2017-02-07T08:11:34+00:00","dateModified":"2017-02-07T08:20:44+00:00","mainEntityOfPage":{"@id":"https:\/\/archiwum.invest-park.com.pl\/en\/blog\/2017\/02\/07\/special-economic-zones-in-the-new-model-of-vocational-education\/"},"wordCount":445,"commentCount":0,"image":{"@id":"https:\/\/archiwum.invest-park.com.pl\/en\/blog\/2017\/02\/07\/special-economic-zones-in-the-new-model-of-vocational-education\/#primaryimage"},"thumbnailUrl":"https:\/\/archiwum.invest-park.com.pl\/wp-content\/uploads\/2017\/01\/SSE-spotkanie-w-Walbrzychu-21-e1485524785531.jpg","articleSection":["News"],"inLanguage":"en-US","potentialAction":[{"@type":"CommentAction","name":"Comment","target":["https:\/\/archiwum.invest-park.com.pl\/en\/blog\/2017\/02\/07\/special-economic-zones-in-the-new-model-of-vocational-education\/#respond"]}]},{"@type":"WebPage","@id":"https:\/\/archiwum.invest-park.com.pl\/en\/blog\/2017\/02\/07\/special-economic-zones-in-the-new-model-of-vocational-education\/","url":"https:\/\/archiwum.invest-park.com.pl\/en\/blog\/2017\/02\/07\/special-economic-zones-in-the-new-model-of-vocational-education\/","name":"Special economic zones in the new model of vocational education - WSSE &quot;INVEST-PARK&quot;. Wa\u0142brzyska Specjalna Strefa Ekonomiczna &quot;INVEST-PARK&quot;.","isPartOf":{"@id":"https:\/\/archiwum.invest-park.com.pl\/#website"},"primaryImageOfPage":{"@id":"https:\/\/archiwum.invest-park.com.pl\/en\/blog\/2017\/02\/07\/special-economic-zones-in-the-new-model-of-vocational-education\/#primaryimage"},"image":{"@id":"https:\/\/archiwum.invest-park.com.pl\/en\/blog\/2017\/02\/07\/special-economic-zones-in-the-new-model-of-vocational-education\/#primaryimage"},"thumbnailUrl":"https:\/\/archiwum.invest-park.com.pl\/wp-content\/uploads\/2017\/01\/SSE-spotkanie-w-Walbrzychu-21-e1485524785531.jpg","datePublished":"2017-02-07T08:11:34+00:00","dateModified":"2017-02-07T08:20:44+00:00","author":{"@id":"https:\/\/archiwum.invest-park.com.pl\/#\/schema\/person\/e1a25243ece3d709f69b2f07f15f97bd"},"breadcrumb":{"@id":"https:\/\/archiwum.invest-park.com.pl\/en\/blog\/2017\/02\/07\/special-economic-zones-in-the-new-model-of-vocational-education\/#breadcrumb"},"inLanguage":"en-US","potentialAction":[{"@type":"ReadAction","target":["https:\/\/archiwum.invest-park.com.pl\/en\/blog\/2017\/02\/07\/special-economic-zones-in-the-new-model-of-vocational-education\/"]}]},{"@type":"ImageObject","inLanguage":"en-US","@id":"https:\/\/archiwum.invest-park.com.pl\/en\/blog\/2017\/02\/07\/special-economic-zones-in-the-new-model-of-vocational-education\/#primaryimage","url":"https:\/\/archiwum.invest-park.com.pl\/wp-content\/uploads\/2017\/01\/SSE-spotkanie-w-Walbrzychu-21-e1485524785531.jpg","contentUrl":"https:\/\/archiwum.invest-park.com.pl\/wp-content\/uploads\/2017\/01\/SSE-spotkanie-w-Walbrzychu-21-e1485524785531.jpg","width":3456,"height":1261},{"@type":"BreadcrumbList","@id":"https:\/\/archiwum.invest-park.com.pl\/en\/blog\/2017\/02\/07\/special-economic-zones-in-the-new-model-of-vocational-education\/#breadcrumb","itemListElement":[{"@type":"ListItem","position":1,"name":"Strona g\u0142\u00f3wna","item":"https:\/\/archiwum.invest-park.com.pl\/en\/"},{"@type":"ListItem","position":2,"name":"Special economic zones in the new model of vocational education"}]},{"@type":"WebSite","@id":"https:\/\/archiwum.invest-park.com.pl\/#website","url":"https:\/\/archiwum.invest-park.com.pl\/","name":"WSSE &quot;INVEST-PARK&quot;. Wa\u0142brzyska Specjalna Strefa Ekonomiczna &quot;INVEST-PARK&quot;.","description":"Wa\u0142brzyska Specjalna Strefa Ekonomiczna to jedna z najwi\u0119kszych i najdynamiczniej rozwijaj\u0105cych si\u0119 stref ekonomicznych w Polsce | Znajd\u017a tereny inwestycyjne z ulgami podatkowymi | Dzia\u0142ki inwestycyjne | Tereny inwestycyjne | Strefy ekonomiczne w Polsce | Invest in Poland in Special Economic Zone","potentialAction":[{"@type":"SearchAction","target":{"@type":"EntryPoint","urlTemplate":"https:\/\/archiwum.invest-park.com.pl\/?s={search_term_string}"},"query-input":{"@type":"PropertyValueSpecification","valueRequired":true,"valueName":"search_term_string"}}],"inLanguage":"en-US"},{"@type":"Person","@id":"https:\/\/archiwum.invest-park.com.pl\/#\/schema\/person\/e1a25243ece3d709f69b2f07f15f97bd","name":"Pion IT","image":{"@type":"ImageObject","inLanguage":"en-US","@id":"https:\/\/secure.gravatar.com\/avatar\/c98fecba299a4b313b2b82702b1a69330e83b1d8288898b0d5a717c2eeeba508?s=96&d=mm&r=g","url":"https:\/\/secure.gravatar.com\/avatar\/c98fecba299a4b313b2b82702b1a69330e83b1d8288898b0d5a717c2eeeba508?s=96&d=mm&r=g","contentUrl":"https:\/\/secure.gravatar.com\/avatar\/c98fecba299a4b313b2b82702b1a69330e83b1d8288898b0d5a717c2eeeba508?s=96&d=mm&r=g","caption":"Pion IT"}}]}},"_links":{"self":[{"href":"https:\/\/archiwum.invest-park.com.pl\/en\/wp-json\/wp\/v2\/posts\/6957","targetHints":{"allow":["GET"]}}],"collection":[{"href":"https:\/\/archiwum.invest-park.com.pl\/en\/wp-json\/wp\/v2\/posts"}],"about":[{"href":"https:\/\/archiwum.invest-park.com.pl\/en\/wp-json\/wp\/v2\/types\/post"}],"author":[{"embeddable":true,"href":"https:\/\/archiwum.invest-park.com.pl\/en\/wp-json\/wp\/v2\/users\/1"}],"replies":[{"embeddable":true,"href":"https:\/\/archiwum.invest-park.com.pl\/en\/wp-json\/wp\/v2\/comments?post=6957"}],"version-history":[{"count":1,"href":"https:\/\/archiwum.invest-park.com.pl\/en\/wp-json\/wp\/v2\/posts\/6957\/revisions"}],"predecessor-version":[{"id":6958,"href":"https:\/\/archiwum.invest-park.com.pl\/en\/wp-json\/wp\/v2\/posts\/6957\/revisions\/6958"}],"wp:featuredmedia":[{"embeddable":true,"href":"https:\/\/archiwum.invest-park.com.pl\/en\/wp-json\/wp\/v2\/media\/6934"}],"wp:attachment":[{"href":"https:\/\/archiwum.invest-park.com.pl\/en\/wp-json\/wp\/v2\/media?parent=6957"}],"wp:term":[{"taxonomy":"category","embeddable":true,"href":"https:\/\/archiwum.invest-park.com.pl\/en\/wp-json\/wp\/v2\/categories?post=6957"},{"taxonomy":"post_tag","embeddable":true,"href":"https:\/\/archiwum.invest-park.com.pl\/en\/wp-json\/wp\/v2\/tags?post=6957"}],"curies":[{"name":"wp","href":"https:\/\/api.w.org\/{rel}","templated":true}]}}