{"id":6953,"date":"2017-01-27T12:15:45","date_gmt":"2017-01-27T11:15:45","guid":{"rendered":"https:\/\/invest-park.com.pl\/?p=6953"},"modified":"2017-02-07T09:16:49","modified_gmt":"2017-02-07T08:16:49","slug":"towards-dual-education","status":"publish","type":"post","link":"https:\/\/archiwum.invest-park.com.pl\/en\/blog\/2017\/01\/27\/towards-dual-education\/","title":{"rendered":"Towards dual education"},"content":{"rendered":"<p><strong>The introduction of the two-stage professional school, greater inclusion of employers in the process of teaching new jobs and devising new curricula, and the increasingly important role of careers advisors \u2013 these were the subjects raised by Jadwiga Parada of the Ministry of National Education during a meeting of Wa\u0142brzych zone\u2019s educational cluster. The changes are intended to gradually introduce a dual system of education that will better address the needs of the economy.<\/strong><!--more--><\/p>\n<blockquote><p>\u201cClose cooperation with employers guarantees a better quality of education. They are the ones who are most aware of which specialists are needed and will be needed in a few years\u2019 time,\u201d emphasized Jadwiga Parada, Director of the Department of Vocational and Lifelong Learning at the Ministry of National Education.<\/p><\/blockquote>\n<p>The changes will result in replacing today\u2019s vocational schools with three-year professional schools of the first degree, which will teach one qualification and devote over 50% of teaching time to vocational education. Their graduates will be able to continue education in professional schools of the second degree, whose completion will result in obtaining secondary professional education and a technician\u2019s diploma confirmed by passing an exam in a second qualification.<\/p>\n<p>Another element of the changes is based on actively including entrepreneurs in the process of teaching new jobs and updating curricula. The Ministry of National Education has launched the so-called \u201cprofessional line\u201d, which strengthens its cooperation with ministers responsible for given professions. Moreover, curricula for teaching 54 jobs have been reviewed, new ones have been added, and some changes to job titles have been made. In order to raise students\u2019 awareness of the importance of career planning, professional advisory has been included in core curricula.<\/p>\n<blockquote><p>\u201cWe would like to include professional careers advisory lessons from Grade 7 of primary schools onwards. They will be intended to connect the students with the labor market by offering trips to companies and meetings with entrepreneurs, i.e. practitioners. So far, they have focused primarily on discovering the students\u2019 vocational aptitude,\u201d explained Mrs. Parada.<\/p><\/blockquote>\n<p>The meeting of the \u201cINVEST in EDU\u201d educational cluster was attended by its members, whose current number is almost 80 entities. New membership declarations are still being sent to the cluster.<\/p>\n<blockquote><p>\u201cSoon over 100 companies and institutions will be involved in the cluster\u2019s actions. In order to improve their effectiveness, we are planning to appoint the cluster board, which will perform both advisory and executive functions,\u201d said Krzysztof Drynda, President of the Wa\u0142brzych zone. \u201cWe would like to base the functioning of the cluster on three pillars, i.e. promotion of vocational education among young people, cooperation of employers and secondary schools, and projects conducted with universities.\u201d<\/p><\/blockquote>\n<p>In the nearest future, the cluster will prepare a student guide promoting company-sponsor classes and organise trips that will enable them to learn about different professions.<\/p>\n<p><a href=\"https:\/\/archiwum.invest-park.com.pl\/blog\/2017\/01\/19\/w-strone-ksztalcenia-dualnego-debata-w-walbrzychu-z-udzialem-przedstawiciela-men\/vii-spotkanie-klastra-1\/\" rel=\"attachment wp-att-6871\"><img loading=\"lazy\" decoding=\"async\" class=\"alignnone wp-image-6871 size-large\" src=\"https:\/\/archiwum.invest-park.com.pl\/wp-content\/uploads\/2017\/01\/VII-Spotkanie-klastra-1-1024x678.jpg\" alt=\"VII Spotkanie klastra 1\" width=\"1024\" height=\"678\" srcset=\"https:\/\/archiwum.invest-park.com.pl\/wp-content\/uploads\/2017\/01\/VII-Spotkanie-klastra-1-1024x678.jpg 1024w, https:\/\/archiwum.invest-park.com.pl\/wp-content\/uploads\/2017\/01\/VII-Spotkanie-klastra-1-270x179.jpg 270w, https:\/\/archiwum.invest-park.com.pl\/wp-content\/uploads\/2017\/01\/VII-Spotkanie-klastra-1-300x199.jpg 300w, https:\/\/archiwum.invest-park.com.pl\/wp-content\/uploads\/2017\/01\/VII-Spotkanie-klastra-1-768x509.jpg 768w, https:\/\/archiwum.invest-park.com.pl\/wp-content\/uploads\/2017\/01\/VII-Spotkanie-klastra-1-393x260.jpg 393w, https:\/\/archiwum.invest-park.com.pl\/wp-content\/uploads\/2017\/01\/VII-Spotkanie-klastra-1-600x397.jpg 600w\" sizes=\"auto, (max-width: 1024px) 100vw, 1024px\" \/><\/a><\/p>\n<p>&nbsp;<\/p>\n<p><a href=\"https:\/\/archiwum.invest-park.com.pl\/blog\/2017\/01\/19\/w-strone-ksztalcenia-dualnego-debata-w-walbrzychu-z-udzialem-przedstawiciela-men\/vii-spotkanie-klastra-2\/\" rel=\"attachment wp-att-6872\"><img loading=\"lazy\" decoding=\"async\" class=\"wp-image-6872 size-large\" src=\"https:\/\/archiwum.invest-park.com.pl\/wp-content\/uploads\/2017\/01\/VII-Spotkanie-klastra-2-1024x678.jpg\" alt=\"VII Spotkanie klastra 2\" width=\"1024\" height=\"678\" srcset=\"https:\/\/archiwum.invest-park.com.pl\/wp-content\/uploads\/2017\/01\/VII-Spotkanie-klastra-2-1024x678.jpg 1024w, https:\/\/archiwum.invest-park.com.pl\/wp-content\/uploads\/2017\/01\/VII-Spotkanie-klastra-2-270x179.jpg 270w, https:\/\/archiwum.invest-park.com.pl\/wp-content\/uploads\/2017\/01\/VII-Spotkanie-klastra-2-300x199.jpg 300w, https:\/\/archiwum.invest-park.com.pl\/wp-content\/uploads\/2017\/01\/VII-Spotkanie-klastra-2-768x509.jpg 768w, https:\/\/archiwum.invest-park.com.pl\/wp-content\/uploads\/2017\/01\/VII-Spotkanie-klastra-2-393x260.jpg 393w, https:\/\/archiwum.invest-park.com.pl\/wp-content\/uploads\/2017\/01\/VII-Spotkanie-klastra-2-600x397.jpg 600w\" sizes=\"auto, (max-width: 1024px) 100vw, 1024px\" \/><\/a><\/p>\n<p>&nbsp;<\/p>\n<p>&nbsp;<\/p>\n<p><a href=\"https:\/\/archiwum.invest-park.com.pl\/blog\/2017\/01\/19\/w-strone-ksztalcenia-dualnego-debata-w-walbrzychu-z-udzialem-przedstawiciela-men\/vii-spotkanie-klastra-3\/\" rel=\"attachment wp-att-6873\"><img loading=\"lazy\" decoding=\"async\" class=\"wp-image-6873 size-large\" src=\"https:\/\/archiwum.invest-park.com.pl\/wp-content\/uploads\/2017\/01\/VII-Spotkanie-klastra-3-1024x678.jpg\" alt=\"VII Spotkanie klastra 3\" width=\"1024\" height=\"678\" srcset=\"https:\/\/archiwum.invest-park.com.pl\/wp-content\/uploads\/2017\/01\/VII-Spotkanie-klastra-3-1024x678.jpg 1024w, https:\/\/archiwum.invest-park.com.pl\/wp-content\/uploads\/2017\/01\/VII-Spotkanie-klastra-3-270x179.jpg 270w, https:\/\/archiwum.invest-park.com.pl\/wp-content\/uploads\/2017\/01\/VII-Spotkanie-klastra-3-300x199.jpg 300w, https:\/\/archiwum.invest-park.com.pl\/wp-content\/uploads\/2017\/01\/VII-Spotkanie-klastra-3-768x509.jpg 768w, https:\/\/archiwum.invest-park.com.pl\/wp-content\/uploads\/2017\/01\/VII-Spotkanie-klastra-3-393x260.jpg 393w, https:\/\/archiwum.invest-park.com.pl\/wp-content\/uploads\/2017\/01\/VII-Spotkanie-klastra-3-600x397.jpg 600w\" sizes=\"auto, (max-width: 1024px) 100vw, 1024px\" \/><\/a><\/p>\n","protected":false},"excerpt":{"rendered":"<p>The introduction of the two-stage professional school, greater inclusion of employers in the process of teaching new jobs and devising new curricula, and the increasingly important role of careers advisors \u2013 these were the subjects raised by Jadwiga Parada of the Ministry of National Education during a meeting of Wa\u0142brzych zone\u2019s educational cluster. The changes <\/p>\n<p class=\"text-right\"><a class=\"btn btn-secondary understrap-read-more-link\" href=\"https:\/\/archiwum.invest-park.com.pl\/en\/blog\/2017\/01\/27\/towards-dual-education\/\">Read More&#8230;<\/a><\/p>\n","protected":false},"author":1,"featured_media":6875,"comment_status":"open","ping_status":"closed","sticky":false,"template":"","format":"standard","meta":{"_acf_changed":false,"footnotes":""},"categories":[85],"tags":[],"class_list":["post-6953","post","type-post","status-publish","format-standard","has-post-thumbnail","hentry","category-news"],"acf":[],"yoast_head":"<!-- This site is optimized with the Yoast SEO plugin v27.5 - https:\/\/yoast.com\/product\/yoast-seo-wordpress\/ -->\n<title>Towards dual education - WSSE &quot;INVEST-PARK&quot;. Wa\u0142brzyska Specjalna Strefa Ekonomiczna &quot;INVEST-PARK&quot;.<\/title>\n<meta name=\"robots\" content=\"index, follow, max-snippet:-1, max-image-preview:large, max-video-preview:-1\" \/>\n<link rel=\"canonical\" href=\"https:\/\/archiwum.invest-park.com.pl\/en\/blog\/2017\/01\/27\/towards-dual-education\/\" \/>\n<meta property=\"og:locale\" content=\"en_US\" \/>\n<meta property=\"og:type\" content=\"article\" \/>\n<meta property=\"og:title\" content=\"Towards dual education - WSSE &quot;INVEST-PARK&quot;. Wa\u0142brzyska Specjalna Strefa Ekonomiczna &quot;INVEST-PARK&quot;.\" \/>\n<meta property=\"og:description\" content=\"The introduction of the two-stage professional school, greater inclusion of employers in the process of teaching new jobs and devising new curricula, and the increasingly important role of careers advisors \u2013 these were the subjects raised by Jadwiga Parada of the Ministry of National Education during a meeting of Wa\u0142brzych zone\u2019s educational cluster. The changes Read More...\" \/>\n<meta property=\"og:url\" content=\"https:\/\/archiwum.invest-park.com.pl\/en\/blog\/2017\/01\/27\/towards-dual-education\/\" \/>\n<meta property=\"og:site_name\" content=\"WSSE &quot;INVEST-PARK&quot;. Wa\u0142brzyska Specjalna Strefa Ekonomiczna &quot;INVEST-PARK&quot;.\" \/>\n<meta property=\"article:published_time\" content=\"2017-01-27T11:15:45+00:00\" \/>\n<meta property=\"article:modified_time\" content=\"2017-02-07T08:16:49+00:00\" \/>\n<meta property=\"og:image\" content=\"https:\/\/archiwum.invest-park.com.pl\/wp-content\/uploads\/2017\/01\/VII-Spotkanie-klastra-11-e1484906032405.jpg\" \/>\n\t<meta property=\"og:image:width\" content=\"3450\" \/>\n\t<meta property=\"og:image:height\" content=\"1543\" \/>\n\t<meta property=\"og:image:type\" content=\"image\/jpeg\" \/>\n<meta name=\"author\" content=\"Pion IT\" \/>\n<meta name=\"twitter:label1\" content=\"Written by\" \/>\n\t<meta name=\"twitter:data1\" content=\"Pion IT\" \/>\n\t<meta name=\"twitter:label2\" content=\"Est. reading time\" \/>\n\t<meta name=\"twitter:data2\" content=\"2 minutes\" \/>\n<script type=\"application\/ld+json\" class=\"yoast-schema-graph\">{\"@context\":\"https:\\\/\\\/schema.org\",\"@graph\":[{\"@type\":\"Article\",\"@id\":\"https:\\\/\\\/archiwum.invest-park.com.pl\\\/en\\\/blog\\\/2017\\\/01\\\/27\\\/towards-dual-education\\\/#article\",\"isPartOf\":{\"@id\":\"https:\\\/\\\/archiwum.invest-park.com.pl\\\/en\\\/blog\\\/2017\\\/01\\\/27\\\/towards-dual-education\\\/\"},\"author\":{\"name\":\"Pion IT\",\"@id\":\"https:\\\/\\\/archiwum.invest-park.com.pl\\\/#\\\/schema\\\/person\\\/e1a25243ece3d709f69b2f07f15f97bd\"},\"headline\":\"Towards dual education\",\"datePublished\":\"2017-01-27T11:15:45+00:00\",\"dateModified\":\"2017-02-07T08:16:49+00:00\",\"mainEntityOfPage\":{\"@id\":\"https:\\\/\\\/archiwum.invest-park.com.pl\\\/en\\\/blog\\\/2017\\\/01\\\/27\\\/towards-dual-education\\\/\"},\"wordCount\":472,\"commentCount\":0,\"image\":{\"@id\":\"https:\\\/\\\/archiwum.invest-park.com.pl\\\/en\\\/blog\\\/2017\\\/01\\\/27\\\/towards-dual-education\\\/#primaryimage\"},\"thumbnailUrl\":\"https:\\\/\\\/archiwum.invest-park.com.pl\\\/wp-content\\\/uploads\\\/2017\\\/01\\\/VII-Spotkanie-klastra-11-e1484906032405.jpg\",\"articleSection\":[\"News\"],\"inLanguage\":\"en-US\",\"potentialAction\":[{\"@type\":\"CommentAction\",\"name\":\"Comment\",\"target\":[\"https:\\\/\\\/archiwum.invest-park.com.pl\\\/en\\\/blog\\\/2017\\\/01\\\/27\\\/towards-dual-education\\\/#respond\"]}]},{\"@type\":\"WebPage\",\"@id\":\"https:\\\/\\\/archiwum.invest-park.com.pl\\\/en\\\/blog\\\/2017\\\/01\\\/27\\\/towards-dual-education\\\/\",\"url\":\"https:\\\/\\\/archiwum.invest-park.com.pl\\\/en\\\/blog\\\/2017\\\/01\\\/27\\\/towards-dual-education\\\/\",\"name\":\"Towards dual education - WSSE &quot;INVEST-PARK&quot;. Wa\u0142brzyska Specjalna Strefa Ekonomiczna &quot;INVEST-PARK&quot;.\",\"isPartOf\":{\"@id\":\"https:\\\/\\\/archiwum.invest-park.com.pl\\\/#website\"},\"primaryImageOfPage\":{\"@id\":\"https:\\\/\\\/archiwum.invest-park.com.pl\\\/en\\\/blog\\\/2017\\\/01\\\/27\\\/towards-dual-education\\\/#primaryimage\"},\"image\":{\"@id\":\"https:\\\/\\\/archiwum.invest-park.com.pl\\\/en\\\/blog\\\/2017\\\/01\\\/27\\\/towards-dual-education\\\/#primaryimage\"},\"thumbnailUrl\":\"https:\\\/\\\/archiwum.invest-park.com.pl\\\/wp-content\\\/uploads\\\/2017\\\/01\\\/VII-Spotkanie-klastra-11-e1484906032405.jpg\",\"datePublished\":\"2017-01-27T11:15:45+00:00\",\"dateModified\":\"2017-02-07T08:16:49+00:00\",\"author\":{\"@id\":\"https:\\\/\\\/archiwum.invest-park.com.pl\\\/#\\\/schema\\\/person\\\/e1a25243ece3d709f69b2f07f15f97bd\"},\"breadcrumb\":{\"@id\":\"https:\\\/\\\/archiwum.invest-park.com.pl\\\/en\\\/blog\\\/2017\\\/01\\\/27\\\/towards-dual-education\\\/#breadcrumb\"},\"inLanguage\":\"en-US\",\"potentialAction\":[{\"@type\":\"ReadAction\",\"target\":[\"https:\\\/\\\/archiwum.invest-park.com.pl\\\/en\\\/blog\\\/2017\\\/01\\\/27\\\/towards-dual-education\\\/\"]}]},{\"@type\":\"ImageObject\",\"inLanguage\":\"en-US\",\"@id\":\"https:\\\/\\\/archiwum.invest-park.com.pl\\\/en\\\/blog\\\/2017\\\/01\\\/27\\\/towards-dual-education\\\/#primaryimage\",\"url\":\"https:\\\/\\\/archiwum.invest-park.com.pl\\\/wp-content\\\/uploads\\\/2017\\\/01\\\/VII-Spotkanie-klastra-11-e1484906032405.jpg\",\"contentUrl\":\"https:\\\/\\\/archiwum.invest-park.com.pl\\\/wp-content\\\/uploads\\\/2017\\\/01\\\/VII-Spotkanie-klastra-11-e1484906032405.jpg\",\"width\":3450,\"height\":1543},{\"@type\":\"BreadcrumbList\",\"@id\":\"https:\\\/\\\/archiwum.invest-park.com.pl\\\/en\\\/blog\\\/2017\\\/01\\\/27\\\/towards-dual-education\\\/#breadcrumb\",\"itemListElement\":[{\"@type\":\"ListItem\",\"position\":1,\"name\":\"Strona g\u0142\u00f3wna\",\"item\":\"https:\\\/\\\/archiwum.invest-park.com.pl\\\/en\\\/\"},{\"@type\":\"ListItem\",\"position\":2,\"name\":\"Towards dual education\"}]},{\"@type\":\"WebSite\",\"@id\":\"https:\\\/\\\/archiwum.invest-park.com.pl\\\/#website\",\"url\":\"https:\\\/\\\/archiwum.invest-park.com.pl\\\/\",\"name\":\"WSSE &quot;INVEST-PARK&quot;. Wa\u0142brzyska Specjalna Strefa Ekonomiczna &quot;INVEST-PARK&quot;.\",\"description\":\"Wa\u0142brzyska Specjalna Strefa Ekonomiczna to jedna z najwi\u0119kszych i najdynamiczniej rozwijaj\u0105cych si\u0119 stref ekonomicznych w Polsce | Znajd\u017a tereny inwestycyjne z ulgami podatkowymi | Dzia\u0142ki inwestycyjne | Tereny inwestycyjne | Strefy ekonomiczne w Polsce | Invest in Poland in Special Economic Zone\",\"potentialAction\":[{\"@type\":\"SearchAction\",\"target\":{\"@type\":\"EntryPoint\",\"urlTemplate\":\"https:\\\/\\\/archiwum.invest-park.com.pl\\\/?s={search_term_string}\"},\"query-input\":{\"@type\":\"PropertyValueSpecification\",\"valueRequired\":true,\"valueName\":\"search_term_string\"}}],\"inLanguage\":\"en-US\"},{\"@type\":\"Person\",\"@id\":\"https:\\\/\\\/archiwum.invest-park.com.pl\\\/#\\\/schema\\\/person\\\/e1a25243ece3d709f69b2f07f15f97bd\",\"name\":\"Pion IT\",\"image\":{\"@type\":\"ImageObject\",\"inLanguage\":\"en-US\",\"@id\":\"https:\\\/\\\/secure.gravatar.com\\\/avatar\\\/c98fecba299a4b313b2b82702b1a69330e83b1d8288898b0d5a717c2eeeba508?s=96&d=mm&r=g\",\"url\":\"https:\\\/\\\/secure.gravatar.com\\\/avatar\\\/c98fecba299a4b313b2b82702b1a69330e83b1d8288898b0d5a717c2eeeba508?s=96&d=mm&r=g\",\"contentUrl\":\"https:\\\/\\\/secure.gravatar.com\\\/avatar\\\/c98fecba299a4b313b2b82702b1a69330e83b1d8288898b0d5a717c2eeeba508?s=96&d=mm&r=g\",\"caption\":\"Pion IT\"}}]}<\/script>\n<!-- \/ Yoast SEO plugin. -->","yoast_head_json":{"title":"Towards dual education - WSSE &quot;INVEST-PARK&quot;. Wa\u0142brzyska Specjalna Strefa Ekonomiczna &quot;INVEST-PARK&quot;.","robots":{"index":"index","follow":"follow","max-snippet":"max-snippet:-1","max-image-preview":"max-image-preview:large","max-video-preview":"max-video-preview:-1"},"canonical":"https:\/\/archiwum.invest-park.com.pl\/en\/blog\/2017\/01\/27\/towards-dual-education\/","og_locale":"en_US","og_type":"article","og_title":"Towards dual education - WSSE &quot;INVEST-PARK&quot;. Wa\u0142brzyska Specjalna Strefa Ekonomiczna &quot;INVEST-PARK&quot;.","og_description":"The introduction of the two-stage professional school, greater inclusion of employers in the process of teaching new jobs and devising new curricula, and the increasingly important role of careers advisors \u2013 these were the subjects raised by Jadwiga Parada of the Ministry of National Education during a meeting of Wa\u0142brzych zone\u2019s educational cluster. The changes Read More...","og_url":"https:\/\/archiwum.invest-park.com.pl\/en\/blog\/2017\/01\/27\/towards-dual-education\/","og_site_name":"WSSE &quot;INVEST-PARK&quot;. Wa\u0142brzyska Specjalna Strefa Ekonomiczna &quot;INVEST-PARK&quot;.","article_published_time":"2017-01-27T11:15:45+00:00","article_modified_time":"2017-02-07T08:16:49+00:00","og_image":[{"width":3450,"height":1543,"url":"https:\/\/archiwum.invest-park.com.pl\/wp-content\/uploads\/2017\/01\/VII-Spotkanie-klastra-11-e1484906032405.jpg","type":"image\/jpeg"}],"author":"Pion IT","twitter_misc":{"Written by":"Pion IT","Est. reading time":"2 minutes"},"schema":{"@context":"https:\/\/schema.org","@graph":[{"@type":"Article","@id":"https:\/\/archiwum.invest-park.com.pl\/en\/blog\/2017\/01\/27\/towards-dual-education\/#article","isPartOf":{"@id":"https:\/\/archiwum.invest-park.com.pl\/en\/blog\/2017\/01\/27\/towards-dual-education\/"},"author":{"name":"Pion IT","@id":"https:\/\/archiwum.invest-park.com.pl\/#\/schema\/person\/e1a25243ece3d709f69b2f07f15f97bd"},"headline":"Towards dual education","datePublished":"2017-01-27T11:15:45+00:00","dateModified":"2017-02-07T08:16:49+00:00","mainEntityOfPage":{"@id":"https:\/\/archiwum.invest-park.com.pl\/en\/blog\/2017\/01\/27\/towards-dual-education\/"},"wordCount":472,"commentCount":0,"image":{"@id":"https:\/\/archiwum.invest-park.com.pl\/en\/blog\/2017\/01\/27\/towards-dual-education\/#primaryimage"},"thumbnailUrl":"https:\/\/archiwum.invest-park.com.pl\/wp-content\/uploads\/2017\/01\/VII-Spotkanie-klastra-11-e1484906032405.jpg","articleSection":["News"],"inLanguage":"en-US","potentialAction":[{"@type":"CommentAction","name":"Comment","target":["https:\/\/archiwum.invest-park.com.pl\/en\/blog\/2017\/01\/27\/towards-dual-education\/#respond"]}]},{"@type":"WebPage","@id":"https:\/\/archiwum.invest-park.com.pl\/en\/blog\/2017\/01\/27\/towards-dual-education\/","url":"https:\/\/archiwum.invest-park.com.pl\/en\/blog\/2017\/01\/27\/towards-dual-education\/","name":"Towards dual education - WSSE &quot;INVEST-PARK&quot;. Wa\u0142brzyska Specjalna Strefa Ekonomiczna &quot;INVEST-PARK&quot;.","isPartOf":{"@id":"https:\/\/archiwum.invest-park.com.pl\/#website"},"primaryImageOfPage":{"@id":"https:\/\/archiwum.invest-park.com.pl\/en\/blog\/2017\/01\/27\/towards-dual-education\/#primaryimage"},"image":{"@id":"https:\/\/archiwum.invest-park.com.pl\/en\/blog\/2017\/01\/27\/towards-dual-education\/#primaryimage"},"thumbnailUrl":"https:\/\/archiwum.invest-park.com.pl\/wp-content\/uploads\/2017\/01\/VII-Spotkanie-klastra-11-e1484906032405.jpg","datePublished":"2017-01-27T11:15:45+00:00","dateModified":"2017-02-07T08:16:49+00:00","author":{"@id":"https:\/\/archiwum.invest-park.com.pl\/#\/schema\/person\/e1a25243ece3d709f69b2f07f15f97bd"},"breadcrumb":{"@id":"https:\/\/archiwum.invest-park.com.pl\/en\/blog\/2017\/01\/27\/towards-dual-education\/#breadcrumb"},"inLanguage":"en-US","potentialAction":[{"@type":"ReadAction","target":["https:\/\/archiwum.invest-park.com.pl\/en\/blog\/2017\/01\/27\/towards-dual-education\/"]}]},{"@type":"ImageObject","inLanguage":"en-US","@id":"https:\/\/archiwum.invest-park.com.pl\/en\/blog\/2017\/01\/27\/towards-dual-education\/#primaryimage","url":"https:\/\/archiwum.invest-park.com.pl\/wp-content\/uploads\/2017\/01\/VII-Spotkanie-klastra-11-e1484906032405.jpg","contentUrl":"https:\/\/archiwum.invest-park.com.pl\/wp-content\/uploads\/2017\/01\/VII-Spotkanie-klastra-11-e1484906032405.jpg","width":3450,"height":1543},{"@type":"BreadcrumbList","@id":"https:\/\/archiwum.invest-park.com.pl\/en\/blog\/2017\/01\/27\/towards-dual-education\/#breadcrumb","itemListElement":[{"@type":"ListItem","position":1,"name":"Strona g\u0142\u00f3wna","item":"https:\/\/archiwum.invest-park.com.pl\/en\/"},{"@type":"ListItem","position":2,"name":"Towards dual education"}]},{"@type":"WebSite","@id":"https:\/\/archiwum.invest-park.com.pl\/#website","url":"https:\/\/archiwum.invest-park.com.pl\/","name":"WSSE &quot;INVEST-PARK&quot;. Wa\u0142brzyska Specjalna Strefa Ekonomiczna &quot;INVEST-PARK&quot;.","description":"Wa\u0142brzyska Specjalna Strefa Ekonomiczna to jedna z najwi\u0119kszych i najdynamiczniej rozwijaj\u0105cych si\u0119 stref ekonomicznych w Polsce | Znajd\u017a tereny inwestycyjne z ulgami podatkowymi | Dzia\u0142ki inwestycyjne | Tereny inwestycyjne | Strefy ekonomiczne w Polsce | Invest in Poland in Special Economic Zone","potentialAction":[{"@type":"SearchAction","target":{"@type":"EntryPoint","urlTemplate":"https:\/\/archiwum.invest-park.com.pl\/?s={search_term_string}"},"query-input":{"@type":"PropertyValueSpecification","valueRequired":true,"valueName":"search_term_string"}}],"inLanguage":"en-US"},{"@type":"Person","@id":"https:\/\/archiwum.invest-park.com.pl\/#\/schema\/person\/e1a25243ece3d709f69b2f07f15f97bd","name":"Pion IT","image":{"@type":"ImageObject","inLanguage":"en-US","@id":"https:\/\/secure.gravatar.com\/avatar\/c98fecba299a4b313b2b82702b1a69330e83b1d8288898b0d5a717c2eeeba508?s=96&d=mm&r=g","url":"https:\/\/secure.gravatar.com\/avatar\/c98fecba299a4b313b2b82702b1a69330e83b1d8288898b0d5a717c2eeeba508?s=96&d=mm&r=g","contentUrl":"https:\/\/secure.gravatar.com\/avatar\/c98fecba299a4b313b2b82702b1a69330e83b1d8288898b0d5a717c2eeeba508?s=96&d=mm&r=g","caption":"Pion IT"}}]}},"_links":{"self":[{"href":"https:\/\/archiwum.invest-park.com.pl\/en\/wp-json\/wp\/v2\/posts\/6953","targetHints":{"allow":["GET"]}}],"collection":[{"href":"https:\/\/archiwum.invest-park.com.pl\/en\/wp-json\/wp\/v2\/posts"}],"about":[{"href":"https:\/\/archiwum.invest-park.com.pl\/en\/wp-json\/wp\/v2\/types\/post"}],"author":[{"embeddable":true,"href":"https:\/\/archiwum.invest-park.com.pl\/en\/wp-json\/wp\/v2\/users\/1"}],"replies":[{"embeddable":true,"href":"https:\/\/archiwum.invest-park.com.pl\/en\/wp-json\/wp\/v2\/comments?post=6953"}],"version-history":[{"count":1,"href":"https:\/\/archiwum.invest-park.com.pl\/en\/wp-json\/wp\/v2\/posts\/6953\/revisions"}],"predecessor-version":[{"id":6956,"href":"https:\/\/archiwum.invest-park.com.pl\/en\/wp-json\/wp\/v2\/posts\/6953\/revisions\/6956"}],"wp:featuredmedia":[{"embeddable":true,"href":"https:\/\/archiwum.invest-park.com.pl\/en\/wp-json\/wp\/v2\/media\/6875"}],"wp:attachment":[{"href":"https:\/\/archiwum.invest-park.com.pl\/en\/wp-json\/wp\/v2\/media?parent=6953"}],"wp:term":[{"taxonomy":"category","embeddable":true,"href":"https:\/\/archiwum.invest-park.com.pl\/en\/wp-json\/wp\/v2\/categories?post=6953"},{"taxonomy":"post_tag","embeddable":true,"href":"https:\/\/archiwum.invest-park.com.pl\/en\/wp-json\/wp\/v2\/tags?post=6953"}],"curies":[{"name":"wp","href":"https:\/\/api.w.org\/{rel}","templated":true}]}}