{"id":6589,"date":"2016-10-21T16:17:16","date_gmt":"2016-10-21T14:17:16","guid":{"rendered":"https:\/\/invest-park.com.pl\/?p=6589"},"modified":"2016-10-24T15:12:25","modified_gmt":"2016-10-24T13:12:25","slug":"self-government-congress-in-opole","status":"publish","type":"post","link":"https:\/\/archiwum.invest-park.com.pl\/en\/blog\/2016\/10\/21\/self-government-congress-in-opole\/","title":{"rendered":"Self-government congress in Opole"},"content":{"rendered":"<p><strong>Adapting professional, technical and higher education to employers\u2019 needs and the effects of the functioning of special economic zones in Poland were among the topics discussed during the Self-government Congress, which was held in Opole. The event was attended by Deputy Prime Minister Jaros\u0142aw Gowin and Anna Zalewska, Minister of National Education.<\/strong><\/p>\n<p><!--more--><\/p>\n<p><a href=\"https:\/\/archiwum.invest-park.com.pl\/blog\/2016\/10\/19\/opolski-kongres-samorzadowy\/wsse-kongres-samorzadowy-2\/\" rel=\"attachment wp-att-6572\"><img loading=\"lazy\" decoding=\"async\" class=\"alignnone wp-image-6572 size-large\" src=\"https:\/\/archiwum.invest-park.com.pl\/wp-content\/uploads\/2016\/10\/WSSE-kongres-samorzadowy-2-e1477032561723-1024x368.jpg\" alt=\"WSSE - kongres samorzadowy (2)\" width=\"1024\" height=\"368\" \/><\/a><\/p>\n<p>During the two-day congress, the participants discussed the role and future of special economic zones in Poland. The total capital expenditure incurred by the tenants of SEZs has exceeded PLN 111 billion, while more than 300,000 people have found jobs thanks to them.<\/p>\n<blockquote><p>\u201cAs evidenced by different measures, over the last decade there has not been a single crisis moment in the zones. The number of jobs has increased by 60% in the last seven years,\u201d Miros\u0142aw Odziemczyk of the Polish Information and Foreign Investment Agency said during the discussion panel.<\/p>\n<p>\u201cThe stable functioning of companies and the number of new investment and reinvestment projects is the best proof of the necessity of the zones\u2019 existence,\u201d emphasized Maciej Badora, President of the Wa\u0142brzych zone. \u201cWe are still trying to make this tool more flexible in order to better address the investors\u2019 needs.\u201d<\/p><\/blockquote>\n<p>The changes in the educational system were discussed by Minister of National Education Anna Zalewska. She stressed that professional education will not only provide the graduates with a job, but it will also enable them to pursue further education, including at universities.<\/p>\n<blockquote><p>\u201cThere is more than 3 billion zlotys at the disposal of marshal offices to be spent on the development of vocational education,\u201d Minister Zalewska said. \u201cWe must use these funds to build a complementary system of professional and technical education, which will respond to the needs of employers.\u201d<\/p><\/blockquote>\n<p>Mrs. Zalewska confirmed that Polish entrepreneurs are ready to participate in the cost of education. She also talked about building the system using tools such as company-sponsored classes and educational clusters, in which special economic zones can participate.<\/p>\n<blockquote><p>\u201cThere are currently almost 200 firms functioning within the Wa\u0142brzych zone, which employ around 45,000 people. It is worth using this potential and the knowledge of entrepreneurs in building an efficient model of education,\u201d Krzysztof Drynda, Deputy President of WSEZ \u201cINVEST-PARK\u201d, said during the discussion panel.<\/p><\/blockquote>\n<p>He also emphasized that five classes sponsored by zone tenants are currently functioning under the patronage of the \u201cINVEST in EDU\u201d Educational Cluster.The role of entrepreneurs in the process of higher education was also highlighted by Deputy Prime Minister Jaros\u0142aw Gowin. The partnership of science and business, accompanied by active participation of self-governments, is one of the assumptions expressed in the plan of sustainable development.<\/p>\n<blockquote><p>\u201cThe first phase of change was an act decreasing bureaucracy at universities. However, let us focus on a project that will in a way become a constitution for Polish higher education institutions,\u201d said Mr. Gowin.<\/p><\/blockquote>\n<p>Panel discussions during the congress also concerned the financing of self-governments, managing municipal companies, using new technologies and advanced business processes. Around 1,000 people took part in the event held at the Exhibition and Congress Centre in Opole.<\/p>\n<div class=\"wpmf-gallerys wpmf-gallerys-life \" ><div id=\"gallery-1\" class=\"gallery gallery_life wpmf_gallery_default gallery_default  gallery-columns-3 gallery-size-thumbnail gallery-link-file wpmf-has-border-radius-0 wpmf-gutterwidth-5 no_ratio\"><figure class=\"wpmf-gallery-item\" data-index=\"0\"><div class=\"wpmf-gallery-icon\"><div class=\"square_thumbnail\"><div class=\"img_centered\"><a class=\" not_video noLightbox\" data-lightbox=\"1\" data-href=\"https:\/\/archiwum.invest-park.com.pl\/wp-content\/uploads\/2016\/10\/WSSE-kongres-samorzadowy-1-1024x678.jpg\" title=\"WSSE - kongres samorzadowy (1)\" target=\"_self\" data-index=\"0\"><img decoding=\"async\" class=\"wpmf_img\" alt=\"WSSE - kongres samorzadowy (1)\" src=\"https:\/\/archiwum.invest-park.com.pl\/wp-content\/uploads\/2016\/10\/WSSE-kongres-samorzadowy-1-270x179.jpg\" data-type=\"wpmfgalleryimg\" data-lazy-src=\"https:\/\/archiwum.invest-park.com.pl\/wp-content\/uploads\/2016\/10\/WSSE-kongres-samorzadowy-1-270x179.jpg\"><\/a><\/div><\/div><\/div><\/figure><figure class=\"wpmf-gallery-item\" data-index=\"1\"><div class=\"wpmf-gallery-icon\"><div class=\"square_thumbnail\"><div class=\"img_centered\"><a class=\" not_video noLightbox\" data-lightbox=\"1\" data-href=\"https:\/\/archiwum.invest-park.com.pl\/wp-content\/uploads\/2016\/10\/WSSE-kongres-samorzadowy-3-678x1024.jpg\" title=\"WSSE - kongres samorzadowy (3)\" target=\"_self\" data-index=\"1\"><img decoding=\"async\" class=\"wpmf_img\" alt=\"WSSE - kongres samorzadowy (3)\" src=\"https:\/\/archiwum.invest-park.com.pl\/wp-content\/uploads\/2016\/10\/WSSE-kongres-samorzadowy-3-179x270.jpg\" data-type=\"wpmfgalleryimg\" data-lazy-src=\"https:\/\/archiwum.invest-park.com.pl\/wp-content\/uploads\/2016\/10\/WSSE-kongres-samorzadowy-3-179x270.jpg\"><\/a><\/div><\/div><\/div><\/figure><figure class=\"wpmf-gallery-item\" data-index=\"2\"><div class=\"wpmf-gallery-icon\"><div class=\"square_thumbnail\"><div class=\"img_centered\"><a class=\" not_video noLightbox\" data-lightbox=\"1\" data-href=\"https:\/\/archiwum.invest-park.com.pl\/wp-content\/uploads\/2016\/10\/WSSE-kongres-samorzadowy-4-1024x678.jpg\" title=\"WSSE - kongres samorzadowy (4)\" target=\"_self\" data-index=\"2\"><img decoding=\"async\" class=\"wpmf_img\" alt=\"WSSE - kongres samorzadowy (4)\" src=\"https:\/\/archiwum.invest-park.com.pl\/wp-content\/uploads\/2016\/10\/WSSE-kongres-samorzadowy-4-270x179.jpg\" data-type=\"wpmfgalleryimg\" data-lazy-src=\"https:\/\/archiwum.invest-park.com.pl\/wp-content\/uploads\/2016\/10\/WSSE-kongres-samorzadowy-4-270x179.jpg\"><\/a><\/div><\/div><\/div><\/figure><figure class=\"wpmf-gallery-item\" data-index=\"3\"><div class=\"wpmf-gallery-icon\"><div class=\"square_thumbnail\"><div class=\"img_centered\"><a class=\" not_video noLightbox\" data-lightbox=\"1\" data-href=\"https:\/\/archiwum.invest-park.com.pl\/wp-content\/uploads\/2016\/10\/WSSE-kongres-samorzadowy-5-1024x678.jpg\" title=\"WSSE - kongres samorzadowy (5)\" target=\"_self\" data-index=\"3\"><img decoding=\"async\" class=\"wpmf_img\" alt=\"WSSE - kongres samorzadowy (5)\" src=\"https:\/\/archiwum.invest-park.com.pl\/wp-content\/uploads\/2016\/10\/WSSE-kongres-samorzadowy-5-270x179.jpg\" data-type=\"wpmfgalleryimg\" data-lazy-src=\"https:\/\/archiwum.invest-park.com.pl\/wp-content\/uploads\/2016\/10\/WSSE-kongres-samorzadowy-5-270x179.jpg\"><\/a><\/div><\/div><\/div><\/figure><figure class=\"wpmf-gallery-item\" data-index=\"4\"><div class=\"wpmf-gallery-icon\"><div class=\"square_thumbnail\"><div class=\"img_centered\"><a class=\" not_video noLightbox\" data-lightbox=\"1\" data-href=\"https:\/\/archiwum.invest-park.com.pl\/wp-content\/uploads\/2016\/10\/WSSE-kongres-samorzadowy-6-1024x678.jpg\" title=\"WSSE - kongres samorzadowy (6)\" target=\"_self\" data-index=\"4\"><img decoding=\"async\" class=\"wpmf_img\" alt=\"WSSE - kongres samorzadowy (6)\" src=\"https:\/\/archiwum.invest-park.com.pl\/wp-content\/uploads\/2016\/10\/WSSE-kongres-samorzadowy-6-270x179.jpg\" data-type=\"wpmfgalleryimg\" data-lazy-src=\"https:\/\/archiwum.invest-park.com.pl\/wp-content\/uploads\/2016\/10\/WSSE-kongres-samorzadowy-6-270x179.jpg\"><\/a><\/div><\/div><\/div><\/figure><figure class=\"wpmf-gallery-item\" data-index=\"5\"><div class=\"wpmf-gallery-icon\"><div class=\"square_thumbnail\"><div class=\"img_centered\"><a class=\" not_video noLightbox\" data-lightbox=\"1\" data-href=\"https:\/\/archiwum.invest-park.com.pl\/wp-content\/uploads\/2016\/10\/WSSE-kongres-samorzadowy-7-1024x678.jpg\" title=\"WSSE - kongres samorzadowy (7)\" target=\"_self\" data-index=\"5\"><img decoding=\"async\" class=\"wpmf_img\" alt=\"WSSE - kongres samorzadowy (7)\" src=\"https:\/\/archiwum.invest-park.com.pl\/wp-content\/uploads\/2016\/10\/WSSE-kongres-samorzadowy-7-270x179.jpg\" data-type=\"wpmfgalleryimg\" data-lazy-src=\"https:\/\/archiwum.invest-park.com.pl\/wp-content\/uploads\/2016\/10\/WSSE-kongres-samorzadowy-7-270x179.jpg\"><\/a><\/div><\/div><\/div><\/figure><\/div><\/div>\n<p>&nbsp;<\/p>\n","protected":false},"excerpt":{"rendered":"<p>Adapting professional, technical and higher education to employers\u2019 needs and the effects of the functioning of special economic zones in Poland were among the topics discussed during the Self-government Congress, which was held in Opole. The event was attended by Deputy Prime Minister Jaros\u0142aw Gowin and Anna Zalewska, Minister of National Education. <\/p>\n<p class=\"text-right\"><a class=\"btn btn-secondary understrap-read-more-link\" href=\"https:\/\/archiwum.invest-park.com.pl\/en\/blog\/2016\/10\/21\/self-government-congress-in-opole\/\">Read More&#8230;<\/a><\/p>\n","protected":false},"author":1,"featured_media":6572,"comment_status":"open","ping_status":"closed","sticky":false,"template":"","format":"standard","meta":{"_acf_changed":false,"footnotes":""},"categories":[85],"tags":[],"class_list":["post-6589","post","type-post","status-publish","format-standard","has-post-thumbnail","hentry","category-news"],"acf":[],"yoast_head":"<!-- This site is optimized with the Yoast SEO plugin v27.5 - https:\/\/yoast.com\/product\/yoast-seo-wordpress\/ -->\n<title>Self-government congress in Opole - WSSE &quot;INVEST-PARK&quot;. Wa\u0142brzyska Specjalna Strefa Ekonomiczna &quot;INVEST-PARK&quot;.<\/title>\n<meta name=\"robots\" content=\"index, follow, max-snippet:-1, max-image-preview:large, max-video-preview:-1\" \/>\n<link rel=\"canonical\" href=\"https:\/\/archiwum.invest-park.com.pl\/en\/blog\/2016\/10\/21\/self-government-congress-in-opole\/\" \/>\n<meta property=\"og:locale\" content=\"en_US\" \/>\n<meta property=\"og:type\" content=\"article\" \/>\n<meta property=\"og:title\" content=\"Self-government congress in Opole - WSSE &quot;INVEST-PARK&quot;. Wa\u0142brzyska Specjalna Strefa Ekonomiczna &quot;INVEST-PARK&quot;.\" \/>\n<meta property=\"og:description\" content=\"Adapting professional, technical and higher education to employers\u2019 needs and the effects of the functioning of special economic zones in Poland were among the topics discussed during the Self-government Congress, which was held in Opole. The event was attended by Deputy Prime Minister Jaros\u0142aw Gowin and Anna Zalewska, Minister of National Education. Read More...\" \/>\n<meta property=\"og:url\" content=\"https:\/\/archiwum.invest-park.com.pl\/en\/blog\/2016\/10\/21\/self-government-congress-in-opole\/\" \/>\n<meta property=\"og:site_name\" content=\"WSSE &quot;INVEST-PARK&quot;. Wa\u0142brzyska Specjalna Strefa Ekonomiczna &quot;INVEST-PARK&quot;.\" \/>\n<meta property=\"article:published_time\" content=\"2016-10-21T14:17:16+00:00\" \/>\n<meta property=\"article:modified_time\" content=\"2016-10-24T13:12:25+00:00\" \/>\n<meta property=\"og:image\" content=\"https:\/\/archiwum.invest-park.com.pl\/wp-content\/uploads\/2016\/10\/WSSE-kongres-samorzadowy-2-e1477032561723.jpg\" \/>\n\t<meta property=\"og:image:width\" content=\"2359\" \/>\n\t<meta property=\"og:image:height\" content=\"850\" \/>\n\t<meta property=\"og:image:type\" content=\"image\/jpeg\" \/>\n<meta name=\"author\" content=\"Pion IT\" \/>\n<meta name=\"twitter:label1\" content=\"Written by\" \/>\n\t<meta name=\"twitter:data1\" content=\"Pion IT\" \/>\n\t<meta name=\"twitter:label2\" content=\"Est. reading time\" \/>\n\t<meta name=\"twitter:data2\" content=\"3 minutes\" \/>\n<script type=\"application\/ld+json\" class=\"yoast-schema-graph\">{\"@context\":\"https:\\\/\\\/schema.org\",\"@graph\":[{\"@type\":\"Article\",\"@id\":\"https:\\\/\\\/archiwum.invest-park.com.pl\\\/en\\\/blog\\\/2016\\\/10\\\/21\\\/self-government-congress-in-opole\\\/#article\",\"isPartOf\":{\"@id\":\"https:\\\/\\\/archiwum.invest-park.com.pl\\\/en\\\/blog\\\/2016\\\/10\\\/21\\\/self-government-congress-in-opole\\\/\"},\"author\":{\"name\":\"Pion IT\",\"@id\":\"https:\\\/\\\/archiwum.invest-park.com.pl\\\/#\\\/schema\\\/person\\\/e1a25243ece3d709f69b2f07f15f97bd\"},\"headline\":\"Self-government congress in Opole\",\"datePublished\":\"2016-10-21T14:17:16+00:00\",\"dateModified\":\"2016-10-24T13:12:25+00:00\",\"mainEntityOfPage\":{\"@id\":\"https:\\\/\\\/archiwum.invest-park.com.pl\\\/en\\\/blog\\\/2016\\\/10\\\/21\\\/self-government-congress-in-opole\\\/\"},\"wordCount\":514,\"commentCount\":0,\"image\":{\"@id\":\"https:\\\/\\\/archiwum.invest-park.com.pl\\\/en\\\/blog\\\/2016\\\/10\\\/21\\\/self-government-congress-in-opole\\\/#primaryimage\"},\"thumbnailUrl\":\"https:\\\/\\\/archiwum.invest-park.com.pl\\\/wp-content\\\/uploads\\\/2016\\\/10\\\/WSSE-kongres-samorzadowy-2-e1477032561723.jpg\",\"articleSection\":[\"News\"],\"inLanguage\":\"en-US\",\"potentialAction\":[{\"@type\":\"CommentAction\",\"name\":\"Comment\",\"target\":[\"https:\\\/\\\/archiwum.invest-park.com.pl\\\/en\\\/blog\\\/2016\\\/10\\\/21\\\/self-government-congress-in-opole\\\/#respond\"]}]},{\"@type\":\"WebPage\",\"@id\":\"https:\\\/\\\/archiwum.invest-park.com.pl\\\/en\\\/blog\\\/2016\\\/10\\\/21\\\/self-government-congress-in-opole\\\/\",\"url\":\"https:\\\/\\\/archiwum.invest-park.com.pl\\\/en\\\/blog\\\/2016\\\/10\\\/21\\\/self-government-congress-in-opole\\\/\",\"name\":\"Self-government congress in Opole - WSSE &quot;INVEST-PARK&quot;. Wa\u0142brzyska Specjalna Strefa Ekonomiczna &quot;INVEST-PARK&quot;.\",\"isPartOf\":{\"@id\":\"https:\\\/\\\/archiwum.invest-park.com.pl\\\/#website\"},\"primaryImageOfPage\":{\"@id\":\"https:\\\/\\\/archiwum.invest-park.com.pl\\\/en\\\/blog\\\/2016\\\/10\\\/21\\\/self-government-congress-in-opole\\\/#primaryimage\"},\"image\":{\"@id\":\"https:\\\/\\\/archiwum.invest-park.com.pl\\\/en\\\/blog\\\/2016\\\/10\\\/21\\\/self-government-congress-in-opole\\\/#primaryimage\"},\"thumbnailUrl\":\"https:\\\/\\\/archiwum.invest-park.com.pl\\\/wp-content\\\/uploads\\\/2016\\\/10\\\/WSSE-kongres-samorzadowy-2-e1477032561723.jpg\",\"datePublished\":\"2016-10-21T14:17:16+00:00\",\"dateModified\":\"2016-10-24T13:12:25+00:00\",\"author\":{\"@id\":\"https:\\\/\\\/archiwum.invest-park.com.pl\\\/#\\\/schema\\\/person\\\/e1a25243ece3d709f69b2f07f15f97bd\"},\"breadcrumb\":{\"@id\":\"https:\\\/\\\/archiwum.invest-park.com.pl\\\/en\\\/blog\\\/2016\\\/10\\\/21\\\/self-government-congress-in-opole\\\/#breadcrumb\"},\"inLanguage\":\"en-US\",\"potentialAction\":[{\"@type\":\"ReadAction\",\"target\":[\"https:\\\/\\\/archiwum.invest-park.com.pl\\\/en\\\/blog\\\/2016\\\/10\\\/21\\\/self-government-congress-in-opole\\\/\"]}]},{\"@type\":\"ImageObject\",\"inLanguage\":\"en-US\",\"@id\":\"https:\\\/\\\/archiwum.invest-park.com.pl\\\/en\\\/blog\\\/2016\\\/10\\\/21\\\/self-government-congress-in-opole\\\/#primaryimage\",\"url\":\"https:\\\/\\\/archiwum.invest-park.com.pl\\\/wp-content\\\/uploads\\\/2016\\\/10\\\/WSSE-kongres-samorzadowy-2-e1477032561723.jpg\",\"contentUrl\":\"https:\\\/\\\/archiwum.invest-park.com.pl\\\/wp-content\\\/uploads\\\/2016\\\/10\\\/WSSE-kongres-samorzadowy-2-e1477032561723.jpg\",\"width\":2359,\"height\":850},{\"@type\":\"BreadcrumbList\",\"@id\":\"https:\\\/\\\/archiwum.invest-park.com.pl\\\/en\\\/blog\\\/2016\\\/10\\\/21\\\/self-government-congress-in-opole\\\/#breadcrumb\",\"itemListElement\":[{\"@type\":\"ListItem\",\"position\":1,\"name\":\"Strona g\u0142\u00f3wna\",\"item\":\"https:\\\/\\\/archiwum.invest-park.com.pl\\\/en\\\/\"},{\"@type\":\"ListItem\",\"position\":2,\"name\":\"Self-government congress in Opole\"}]},{\"@type\":\"WebSite\",\"@id\":\"https:\\\/\\\/archiwum.invest-park.com.pl\\\/#website\",\"url\":\"https:\\\/\\\/archiwum.invest-park.com.pl\\\/\",\"name\":\"WSSE &quot;INVEST-PARK&quot;. Wa\u0142brzyska Specjalna Strefa Ekonomiczna &quot;INVEST-PARK&quot;.\",\"description\":\"Wa\u0142brzyska Specjalna Strefa Ekonomiczna to jedna z najwi\u0119kszych i najdynamiczniej rozwijaj\u0105cych si\u0119 stref ekonomicznych w Polsce | Znajd\u017a tereny inwestycyjne z ulgami podatkowymi | Dzia\u0142ki inwestycyjne | Tereny inwestycyjne | Strefy ekonomiczne w Polsce | Invest in Poland in Special Economic Zone\",\"potentialAction\":[{\"@type\":\"SearchAction\",\"target\":{\"@type\":\"EntryPoint\",\"urlTemplate\":\"https:\\\/\\\/archiwum.invest-park.com.pl\\\/?s={search_term_string}\"},\"query-input\":{\"@type\":\"PropertyValueSpecification\",\"valueRequired\":true,\"valueName\":\"search_term_string\"}}],\"inLanguage\":\"en-US\"},{\"@type\":\"Person\",\"@id\":\"https:\\\/\\\/archiwum.invest-park.com.pl\\\/#\\\/schema\\\/person\\\/e1a25243ece3d709f69b2f07f15f97bd\",\"name\":\"Pion IT\",\"image\":{\"@type\":\"ImageObject\",\"inLanguage\":\"en-US\",\"@id\":\"https:\\\/\\\/secure.gravatar.com\\\/avatar\\\/c98fecba299a4b313b2b82702b1a69330e83b1d8288898b0d5a717c2eeeba508?s=96&d=mm&r=g\",\"url\":\"https:\\\/\\\/secure.gravatar.com\\\/avatar\\\/c98fecba299a4b313b2b82702b1a69330e83b1d8288898b0d5a717c2eeeba508?s=96&d=mm&r=g\",\"contentUrl\":\"https:\\\/\\\/secure.gravatar.com\\\/avatar\\\/c98fecba299a4b313b2b82702b1a69330e83b1d8288898b0d5a717c2eeeba508?s=96&d=mm&r=g\",\"caption\":\"Pion IT\"}}]}<\/script>\n<!-- \/ Yoast SEO plugin. -->","yoast_head_json":{"title":"Self-government congress in Opole - WSSE &quot;INVEST-PARK&quot;. Wa\u0142brzyska Specjalna Strefa Ekonomiczna &quot;INVEST-PARK&quot;.","robots":{"index":"index","follow":"follow","max-snippet":"max-snippet:-1","max-image-preview":"max-image-preview:large","max-video-preview":"max-video-preview:-1"},"canonical":"https:\/\/archiwum.invest-park.com.pl\/en\/blog\/2016\/10\/21\/self-government-congress-in-opole\/","og_locale":"en_US","og_type":"article","og_title":"Self-government congress in Opole - WSSE &quot;INVEST-PARK&quot;. Wa\u0142brzyska Specjalna Strefa Ekonomiczna &quot;INVEST-PARK&quot;.","og_description":"Adapting professional, technical and higher education to employers\u2019 needs and the effects of the functioning of special economic zones in Poland were among the topics discussed during the Self-government Congress, which was held in Opole. The event was attended by Deputy Prime Minister Jaros\u0142aw Gowin and Anna Zalewska, Minister of National Education. Read More...","og_url":"https:\/\/archiwum.invest-park.com.pl\/en\/blog\/2016\/10\/21\/self-government-congress-in-opole\/","og_site_name":"WSSE &quot;INVEST-PARK&quot;. Wa\u0142brzyska Specjalna Strefa Ekonomiczna &quot;INVEST-PARK&quot;.","article_published_time":"2016-10-21T14:17:16+00:00","article_modified_time":"2016-10-24T13:12:25+00:00","og_image":[{"width":2359,"height":850,"url":"https:\/\/archiwum.invest-park.com.pl\/wp-content\/uploads\/2016\/10\/WSSE-kongres-samorzadowy-2-e1477032561723.jpg","type":"image\/jpeg"}],"author":"Pion IT","twitter_misc":{"Written by":"Pion IT","Est. reading time":"3 minutes"},"schema":{"@context":"https:\/\/schema.org","@graph":[{"@type":"Article","@id":"https:\/\/archiwum.invest-park.com.pl\/en\/blog\/2016\/10\/21\/self-government-congress-in-opole\/#article","isPartOf":{"@id":"https:\/\/archiwum.invest-park.com.pl\/en\/blog\/2016\/10\/21\/self-government-congress-in-opole\/"},"author":{"name":"Pion IT","@id":"https:\/\/archiwum.invest-park.com.pl\/#\/schema\/person\/e1a25243ece3d709f69b2f07f15f97bd"},"headline":"Self-government congress in Opole","datePublished":"2016-10-21T14:17:16+00:00","dateModified":"2016-10-24T13:12:25+00:00","mainEntityOfPage":{"@id":"https:\/\/archiwum.invest-park.com.pl\/en\/blog\/2016\/10\/21\/self-government-congress-in-opole\/"},"wordCount":514,"commentCount":0,"image":{"@id":"https:\/\/archiwum.invest-park.com.pl\/en\/blog\/2016\/10\/21\/self-government-congress-in-opole\/#primaryimage"},"thumbnailUrl":"https:\/\/archiwum.invest-park.com.pl\/wp-content\/uploads\/2016\/10\/WSSE-kongres-samorzadowy-2-e1477032561723.jpg","articleSection":["News"],"inLanguage":"en-US","potentialAction":[{"@type":"CommentAction","name":"Comment","target":["https:\/\/archiwum.invest-park.com.pl\/en\/blog\/2016\/10\/21\/self-government-congress-in-opole\/#respond"]}]},{"@type":"WebPage","@id":"https:\/\/archiwum.invest-park.com.pl\/en\/blog\/2016\/10\/21\/self-government-congress-in-opole\/","url":"https:\/\/archiwum.invest-park.com.pl\/en\/blog\/2016\/10\/21\/self-government-congress-in-opole\/","name":"Self-government congress in Opole - WSSE &quot;INVEST-PARK&quot;. Wa\u0142brzyska Specjalna Strefa Ekonomiczna &quot;INVEST-PARK&quot;.","isPartOf":{"@id":"https:\/\/archiwum.invest-park.com.pl\/#website"},"primaryImageOfPage":{"@id":"https:\/\/archiwum.invest-park.com.pl\/en\/blog\/2016\/10\/21\/self-government-congress-in-opole\/#primaryimage"},"image":{"@id":"https:\/\/archiwum.invest-park.com.pl\/en\/blog\/2016\/10\/21\/self-government-congress-in-opole\/#primaryimage"},"thumbnailUrl":"https:\/\/archiwum.invest-park.com.pl\/wp-content\/uploads\/2016\/10\/WSSE-kongres-samorzadowy-2-e1477032561723.jpg","datePublished":"2016-10-21T14:17:16+00:00","dateModified":"2016-10-24T13:12:25+00:00","author":{"@id":"https:\/\/archiwum.invest-park.com.pl\/#\/schema\/person\/e1a25243ece3d709f69b2f07f15f97bd"},"breadcrumb":{"@id":"https:\/\/archiwum.invest-park.com.pl\/en\/blog\/2016\/10\/21\/self-government-congress-in-opole\/#breadcrumb"},"inLanguage":"en-US","potentialAction":[{"@type":"ReadAction","target":["https:\/\/archiwum.invest-park.com.pl\/en\/blog\/2016\/10\/21\/self-government-congress-in-opole\/"]}]},{"@type":"ImageObject","inLanguage":"en-US","@id":"https:\/\/archiwum.invest-park.com.pl\/en\/blog\/2016\/10\/21\/self-government-congress-in-opole\/#primaryimage","url":"https:\/\/archiwum.invest-park.com.pl\/wp-content\/uploads\/2016\/10\/WSSE-kongres-samorzadowy-2-e1477032561723.jpg","contentUrl":"https:\/\/archiwum.invest-park.com.pl\/wp-content\/uploads\/2016\/10\/WSSE-kongres-samorzadowy-2-e1477032561723.jpg","width":2359,"height":850},{"@type":"BreadcrumbList","@id":"https:\/\/archiwum.invest-park.com.pl\/en\/blog\/2016\/10\/21\/self-government-congress-in-opole\/#breadcrumb","itemListElement":[{"@type":"ListItem","position":1,"name":"Strona g\u0142\u00f3wna","item":"https:\/\/archiwum.invest-park.com.pl\/en\/"},{"@type":"ListItem","position":2,"name":"Self-government congress in Opole"}]},{"@type":"WebSite","@id":"https:\/\/archiwum.invest-park.com.pl\/#website","url":"https:\/\/archiwum.invest-park.com.pl\/","name":"WSSE &quot;INVEST-PARK&quot;. Wa\u0142brzyska Specjalna Strefa Ekonomiczna &quot;INVEST-PARK&quot;.","description":"Wa\u0142brzyska Specjalna Strefa Ekonomiczna to jedna z najwi\u0119kszych i najdynamiczniej rozwijaj\u0105cych si\u0119 stref ekonomicznych w Polsce | Znajd\u017a tereny inwestycyjne z ulgami podatkowymi | Dzia\u0142ki inwestycyjne | Tereny inwestycyjne | Strefy ekonomiczne w Polsce | Invest in Poland in Special Economic Zone","potentialAction":[{"@type":"SearchAction","target":{"@type":"EntryPoint","urlTemplate":"https:\/\/archiwum.invest-park.com.pl\/?s={search_term_string}"},"query-input":{"@type":"PropertyValueSpecification","valueRequired":true,"valueName":"search_term_string"}}],"inLanguage":"en-US"},{"@type":"Person","@id":"https:\/\/archiwum.invest-park.com.pl\/#\/schema\/person\/e1a25243ece3d709f69b2f07f15f97bd","name":"Pion IT","image":{"@type":"ImageObject","inLanguage":"en-US","@id":"https:\/\/secure.gravatar.com\/avatar\/c98fecba299a4b313b2b82702b1a69330e83b1d8288898b0d5a717c2eeeba508?s=96&d=mm&r=g","url":"https:\/\/secure.gravatar.com\/avatar\/c98fecba299a4b313b2b82702b1a69330e83b1d8288898b0d5a717c2eeeba508?s=96&d=mm&r=g","contentUrl":"https:\/\/secure.gravatar.com\/avatar\/c98fecba299a4b313b2b82702b1a69330e83b1d8288898b0d5a717c2eeeba508?s=96&d=mm&r=g","caption":"Pion IT"}}]}},"_links":{"self":[{"href":"https:\/\/archiwum.invest-park.com.pl\/en\/wp-json\/wp\/v2\/posts\/6589","targetHints":{"allow":["GET"]}}],"collection":[{"href":"https:\/\/archiwum.invest-park.com.pl\/en\/wp-json\/wp\/v2\/posts"}],"about":[{"href":"https:\/\/archiwum.invest-park.com.pl\/en\/wp-json\/wp\/v2\/types\/post"}],"author":[{"embeddable":true,"href":"https:\/\/archiwum.invest-park.com.pl\/en\/wp-json\/wp\/v2\/users\/1"}],"replies":[{"embeddable":true,"href":"https:\/\/archiwum.invest-park.com.pl\/en\/wp-json\/wp\/v2\/comments?post=6589"}],"version-history":[{"count":1,"href":"https:\/\/archiwum.invest-park.com.pl\/en\/wp-json\/wp\/v2\/posts\/6589\/revisions"}],"predecessor-version":[{"id":6590,"href":"https:\/\/archiwum.invest-park.com.pl\/en\/wp-json\/wp\/v2\/posts\/6589\/revisions\/6590"}],"wp:featuredmedia":[{"embeddable":true,"href":"https:\/\/archiwum.invest-park.com.pl\/en\/wp-json\/wp\/v2\/media\/6572"}],"wp:attachment":[{"href":"https:\/\/archiwum.invest-park.com.pl\/en\/wp-json\/wp\/v2\/media?parent=6589"}],"wp:term":[{"taxonomy":"category","embeddable":true,"href":"https:\/\/archiwum.invest-park.com.pl\/en\/wp-json\/wp\/v2\/categories?post=6589"},{"taxonomy":"post_tag","embeddable":true,"href":"https:\/\/archiwum.invest-park.com.pl\/en\/wp-json\/wp\/v2\/tags?post=6589"}],"curies":[{"name":"wp","href":"https:\/\/api.w.org\/{rel}","templated":true}]}}