{"id":6564,"date":"2016-10-18T08:36:01","date_gmt":"2016-10-18T06:36:01","guid":{"rendered":"https:\/\/invest-park.com.pl\/?p=6564"},"modified":"2016-10-21T08:42:35","modified_gmt":"2016-10-21T06:42:35","slug":"ifm-runs-the-research-and-development-center","status":"publish","type":"post","link":"https:\/\/archiwum.invest-park.com.pl\/en\/blog\/2016\/10\/18\/ifm-runs-the-research-and-development-center\/","title":{"rendered":"ifm runs the Research and Development Center"},"content":{"rendered":"<p><strong>As many as 100 engineers could be employed at ifm ecolink\u2019s Research and Development Center in Opole. During the ceremonious opening of the facility, the company signed a cooperation agreement with Opole University of Technology. The Center will prepare designs and patents for solutions that will be later implemented at the company\u2019s facility that is already functioning within the Wa\u0142brzych Special Economic Zone.<\/strong><!--more--><\/p>\n<figure id=\"attachment_6509\" aria-describedby=\"caption-attachment-6509\" style=\"width: 1024px\" class=\"wp-caption alignnone\"><a href=\"https:\/\/archiwum.invest-park.com.pl\/blog\/2016\/10\/10\/ifm-otwiera-centrum-badan-i-rozwoju\/ifm-br\/\" rel=\"attachment wp-att-6509\"><img loading=\"lazy\" decoding=\"async\" class=\"wp-image-6509 size-large\" src=\"https:\/\/archiwum.invest-park.com.pl\/wp-content\/uploads\/2016\/10\/ifm-B-R-1024x404.jpg\" alt=\"ifm B+R\" width=\"1024\" height=\"404\" srcset=\"https:\/\/archiwum.invest-park.com.pl\/wp-content\/uploads\/2016\/10\/ifm-B-R-1024x404.jpg 1024w, https:\/\/archiwum.invest-park.com.pl\/wp-content\/uploads\/2016\/10\/ifm-B-R-270x107.jpg 270w, https:\/\/archiwum.invest-park.com.pl\/wp-content\/uploads\/2016\/10\/ifm-B-R-300x118.jpg 300w, https:\/\/archiwum.invest-park.com.pl\/wp-content\/uploads\/2016\/10\/ifm-B-R-768x303.jpg 768w, https:\/\/archiwum.invest-park.com.pl\/wp-content\/uploads\/2016\/10\/ifm-B-R-600x237.jpg 600w, https:\/\/archiwum.invest-park.com.pl\/wp-content\/uploads\/2016\/10\/ifm-B-R-393x155.jpg 393w\" sizes=\"auto, (max-width: 1024px) 100vw, 1024px\" \/><\/a><figcaption id=\"caption-attachment-6509\" class=\"wp-caption-text\">As many as 100 engineers could be employed at ifm ecolink\u2019s Research and Development Center<\/figcaption><\/figure>\n<p>Ifm is a German manufacturer of industrial automation elements with plants in over 70 countries. In 2011, the company made the decision to invest in the Opole Subzone of the WSEZ. From the very beginning, ifm has been planning to construct an R&amp;D centre here.<\/p>\n<blockquote><p>\u201cI have always emphasized that we have no intention of being just a production facility. We also wanted to design and implement our own ideas,\u201d said Andrzej Durdy\u0144, member of the board of ifm ecolink and the initiator of the construction of the center. \u201cMuch is being said today about innovativeness, and our company is a prime example of such practices. We are going to follow this path and contribute to the development of Poland. It is also worth emphasizing that the national and local governments are creating very good conditions for carrying out innovative investment projects,\u201d he added.<\/p><\/blockquote>\n<p>The Research and Development Center covers an area of 3,700 m2. It is located in direct proximity of ifm\u2019s factory in Opole. At the moment, 20 engineers are employed here, but this number will ultimately grow to 100 programmers and designers responsible for devising new solutions and patents.<\/p>\n<blockquote><p>\u201cA strategy of innovation is an inseparable part of our firm\u2019s functioning. Thanks to the Center, we will be able to make this plan come true. The point is to translate theoretical knowledge taught at universities into practice,\u201d Martin Buck, President of ifm ecolink, stressed during the ceremony.<\/p><\/blockquote>\n<p>The company has signed a cooperation agreement with Opole University of Technology. Ifm will provide specialist equipment to the university, so that student can practice using the same equipment as in the facility.<\/p>\n<blockquote><p>\u201cWe have already cooperated with companies, but this is the first time that we have become a base for such a large and dynamically growing firm. We have even established relations with German universities in order to better respond to the needs of industry,\u201d explained Prof. Marek Tukiendorf, Rector of Opole University of Technology.<\/p><\/blockquote>\n<p>Ifm is currently carrying out a third investment project in the Wa\u0142brzych zone, which is based on expanding the area of the production floor by 4,000 m2. The facility will implement the effects of the work done at the Research and Development Center.<\/p>\n<figure id=\"attachment_6510\" aria-describedby=\"caption-attachment-6510\" style=\"width: 1024px\" class=\"wp-caption alignnone\"><a href=\"https:\/\/archiwum.invest-park.com.pl\/blog\/2016\/10\/10\/ifm-otwiera-centrum-badan-i-rozwoju\/ifm1\/\" rel=\"attachment wp-att-6510\"><img loading=\"lazy\" decoding=\"async\" class=\"wp-image-6510 size-large\" src=\"https:\/\/archiwum.invest-park.com.pl\/wp-content\/uploads\/2016\/10\/ifm1-e1476100067264-1024x496.jpg\" alt=\"Od pocz\u0105tku podkre\u015bla\u0142em, \u017ce nie chcemy by\u0107 jedynie zak\u0142adem produkcyjnym. Chcieli\u015bmy r\u00f3wnie\u017c projektowa\u0107 i wdra\u017ca\u0107 w \u017cycie w\u0142asne pomys\u0142y \u2013 opowiada Andrzej Durdy\u0144, cz\u0142onek zarz\u0105du ifm ecolink i inicjator budowy centrum\" width=\"1024\" height=\"496\" srcset=\"https:\/\/archiwum.invest-park.com.pl\/wp-content\/uploads\/2016\/10\/ifm1-e1476100067264-1024x496.jpg 1024w, https:\/\/archiwum.invest-park.com.pl\/wp-content\/uploads\/2016\/10\/ifm1-e1476100067264-270x131.jpg 270w, https:\/\/archiwum.invest-park.com.pl\/wp-content\/uploads\/2016\/10\/ifm1-e1476100067264-768x372.jpg 768w, https:\/\/archiwum.invest-park.com.pl\/wp-content\/uploads\/2016\/10\/ifm1-e1476100067264-600x291.jpg 600w, https:\/\/archiwum.invest-park.com.pl\/wp-content\/uploads\/2016\/10\/ifm1-e1476100067264-393x191.jpg 393w, https:\/\/archiwum.invest-park.com.pl\/wp-content\/uploads\/2016\/10\/ifm1-e1476100067264-300x145.jpg 300w, https:\/\/archiwum.invest-park.com.pl\/wp-content\/uploads\/2016\/10\/ifm1-e1476100067264.jpg 1972w\" sizes=\"auto, (max-width: 1024px) 100vw, 1024px\" \/><\/a><figcaption id=\"caption-attachment-6510\" class=\"wp-caption-text\">\u201cI have always emphasized that we have no intention of being just a production facility. We also wanted to design and implement our own ideas,\u201d said Andrzej Durdy\u0144, member of the board of ifm ecolink and initiator of the construction of the center<\/figcaption><\/figure>\n<p>&nbsp;<\/p>\n<figure id=\"attachment_6513\" aria-describedby=\"caption-attachment-6513\" style=\"width: 1024px\" class=\"wp-caption alignnone\"><a href=\"https:\/\/archiwum.invest-park.com.pl\/blog\/2016\/10\/10\/ifm-otwiera-centrum-badan-i-rozwoju\/ifm4\/\" rel=\"attachment wp-att-6513\"><img loading=\"lazy\" decoding=\"async\" class=\"wp-image-6513 size-large\" src=\"https:\/\/archiwum.invest-park.com.pl\/wp-content\/uploads\/2016\/10\/ifm4-1024x678.jpg\" alt=\"ifm4\" width=\"1024\" height=\"678\" srcset=\"https:\/\/archiwum.invest-park.com.pl\/wp-content\/uploads\/2016\/10\/ifm4-1024x678.jpg 1024w, https:\/\/archiwum.invest-park.com.pl\/wp-content\/uploads\/2016\/10\/ifm4-270x179.jpg 270w, https:\/\/archiwum.invest-park.com.pl\/wp-content\/uploads\/2016\/10\/ifm4-300x199.jpg 300w, https:\/\/archiwum.invest-park.com.pl\/wp-content\/uploads\/2016\/10\/ifm4-768x509.jpg 768w, https:\/\/archiwum.invest-park.com.pl\/wp-content\/uploads\/2016\/10\/ifm4-393x260.jpg 393w, https:\/\/archiwum.invest-park.com.pl\/wp-content\/uploads\/2016\/10\/ifm4-600x397.jpg 600w, https:\/\/archiwum.invest-park.com.pl\/wp-content\/uploads\/2016\/10\/ifm4.jpg 1972w\" sizes=\"auto, (max-width: 1024px) 100vw, 1024px\" \/><\/a><figcaption id=\"caption-attachment-6513\" class=\"wp-caption-text\">Deputy President of the WSEZ Krzysztof Drynda presented Andrzej Durdy\u0144 with the \u201cMilestone\u201d, awarded to entrepreneurs in recognition of their outstanding achievements<\/figcaption><\/figure>\n<p>&nbsp;<\/p>\n<figure id=\"attachment_6511\" aria-describedby=\"caption-attachment-6511\" style=\"width: 1024px\" class=\"wp-caption alignnone\"><a href=\"https:\/\/archiwum.invest-park.com.pl\/blog\/2016\/10\/10\/ifm-otwiera-centrum-badan-i-rozwoju\/ifm2\/\" rel=\"attachment wp-att-6511\"><img loading=\"lazy\" decoding=\"async\" class=\"wp-image-6511 size-large\" src=\"https:\/\/archiwum.invest-park.com.pl\/wp-content\/uploads\/2016\/10\/ifm2-1024x637.jpg\" alt=\"Podczas uroczysto\u015bci otwarcia centrum podpisano r\u00f3wnie\u017c umow\u0119 o wsp\u00f3\u0142pracy z Politechnik\u0105 Opolsk\u0105\" width=\"1024\" height=\"637\" srcset=\"https:\/\/archiwum.invest-park.com.pl\/wp-content\/uploads\/2016\/10\/ifm2-1024x637.jpg 1024w, https:\/\/archiwum.invest-park.com.pl\/wp-content\/uploads\/2016\/10\/ifm2-270x168.jpg 270w, https:\/\/archiwum.invest-park.com.pl\/wp-content\/uploads\/2016\/10\/ifm2-300x187.jpg 300w, https:\/\/archiwum.invest-park.com.pl\/wp-content\/uploads\/2016\/10\/ifm2-768x478.jpg 768w, https:\/\/archiwum.invest-park.com.pl\/wp-content\/uploads\/2016\/10\/ifm2-393x245.jpg 393w, https:\/\/archiwum.invest-park.com.pl\/wp-content\/uploads\/2016\/10\/ifm2-600x373.jpg 600w\" sizes=\"auto, (max-width: 1024px) 100vw, 1024px\" \/><\/a><figcaption id=\"caption-attachment-6511\" class=\"wp-caption-text\">During the ceremonious opening of the facility, the company signed a cooperation agreement with Opole University of Technology<\/figcaption><\/figure>\n<p>&nbsp;<\/p>\n<figure id=\"attachment_6512\" aria-describedby=\"caption-attachment-6512\" style=\"width: 1024px\" class=\"wp-caption alignnone\"><a href=\"https:\/\/archiwum.invest-park.com.pl\/blog\/2016\/10\/10\/ifm-otwiera-centrum-badan-i-rozwoju\/ifm3\/\" rel=\"attachment wp-att-6512\"><img loading=\"lazy\" decoding=\"async\" class=\"wp-image-6512 size-large\" src=\"https:\/\/archiwum.invest-park.com.pl\/wp-content\/uploads\/2016\/10\/ifm3-1024x704.jpg\" alt=\"Firma przekaza\u0142a politechnice specjalistyczny sprz\u0119t dydaktyczny\" width=\"1024\" height=\"704\" \/><\/a><figcaption id=\"caption-attachment-6512\" class=\"wp-caption-text\">The company has provided the university with specialist equipment<\/figcaption><\/figure>\n<p>&nbsp;<\/p>\n<p>&nbsp;<\/p>\n","protected":false},"excerpt":{"rendered":"<p>As many as 100 engineers could be employed at ifm ecolink\u2019s Research and Development Center in Opole. During the ceremonious opening of the facility, the company signed a cooperation agreement with Opole University of Technology. The Center will prepare designs and patents for solutions that will be later implemented at the company\u2019s facility that is <\/p>\n<p class=\"text-right\"><a class=\"btn btn-secondary understrap-read-more-link\" href=\"https:\/\/archiwum.invest-park.com.pl\/en\/blog\/2016\/10\/18\/ifm-runs-the-research-and-development-center\/\">Read More&#8230;<\/a><\/p>\n","protected":false},"author":1,"featured_media":6509,"comment_status":"open","ping_status":"closed","sticky":false,"template":"","format":"standard","meta":{"_acf_changed":false,"footnotes":""},"categories":[85],"tags":[],"class_list":["post-6564","post","type-post","status-publish","format-standard","has-post-thumbnail","hentry","category-news"],"acf":[],"yoast_head":"<!-- This site is optimized with the Yoast SEO plugin v27.5 - https:\/\/yoast.com\/product\/yoast-seo-wordpress\/ -->\n<title>ifm runs the Research and Development Center - WSSE &quot;INVEST-PARK&quot;. Wa\u0142brzyska Specjalna Strefa Ekonomiczna &quot;INVEST-PARK&quot;.<\/title>\n<meta name=\"robots\" content=\"index, follow, max-snippet:-1, max-image-preview:large, max-video-preview:-1\" \/>\n<link rel=\"canonical\" href=\"https:\/\/archiwum.invest-park.com.pl\/en\/blog\/2016\/10\/18\/ifm-runs-the-research-and-development-center\/\" \/>\n<meta property=\"og:locale\" content=\"en_US\" \/>\n<meta property=\"og:type\" content=\"article\" \/>\n<meta property=\"og:title\" content=\"ifm runs the Research and Development Center - WSSE &quot;INVEST-PARK&quot;. Wa\u0142brzyska Specjalna Strefa Ekonomiczna &quot;INVEST-PARK&quot;.\" \/>\n<meta property=\"og:description\" content=\"As many as 100 engineers could be employed at ifm ecolink\u2019s Research and Development Center in Opole. During the ceremonious opening of the facility, the company signed a cooperation agreement with Opole University of Technology. The Center will prepare designs and patents for solutions that will be later implemented at the company\u2019s facility that is Read More...\" \/>\n<meta property=\"og:url\" content=\"https:\/\/archiwum.invest-park.com.pl\/en\/blog\/2016\/10\/18\/ifm-runs-the-research-and-development-center\/\" \/>\n<meta property=\"og:site_name\" content=\"WSSE &quot;INVEST-PARK&quot;. Wa\u0142brzyska Specjalna Strefa Ekonomiczna &quot;INVEST-PARK&quot;.\" \/>\n<meta property=\"article:published_time\" content=\"2016-10-18T06:36:01+00:00\" \/>\n<meta property=\"article:modified_time\" content=\"2016-10-21T06:42:35+00:00\" \/>\n<meta property=\"og:image\" content=\"https:\/\/archiwum.invest-park.com.pl\/wp-content\/uploads\/2016\/10\/ifm-B-R.jpg\" \/>\n\t<meta property=\"og:image:width\" content=\"2393\" \/>\n\t<meta property=\"og:image:height\" content=\"945\" \/>\n\t<meta property=\"og:image:type\" content=\"image\/jpeg\" \/>\n<meta name=\"author\" content=\"Pion IT\" \/>\n<meta name=\"twitter:label1\" content=\"Written by\" \/>\n\t<meta name=\"twitter:data1\" content=\"Pion IT\" \/>\n\t<meta name=\"twitter:label2\" content=\"Est. reading time\" \/>\n\t<meta name=\"twitter:data2\" content=\"3 minutes\" \/>\n<script type=\"application\/ld+json\" class=\"yoast-schema-graph\">{\"@context\":\"https:\\\/\\\/schema.org\",\"@graph\":[{\"@type\":\"Article\",\"@id\":\"https:\\\/\\\/archiwum.invest-park.com.pl\\\/en\\\/blog\\\/2016\\\/10\\\/18\\\/ifm-runs-the-research-and-development-center\\\/#article\",\"isPartOf\":{\"@id\":\"https:\\\/\\\/archiwum.invest-park.com.pl\\\/en\\\/blog\\\/2016\\\/10\\\/18\\\/ifm-runs-the-research-and-development-center\\\/\"},\"author\":{\"name\":\"Pion IT\",\"@id\":\"https:\\\/\\\/archiwum.invest-park.com.pl\\\/#\\\/schema\\\/person\\\/e1a25243ece3d709f69b2f07f15f97bd\"},\"headline\":\"ifm runs the Research and Development Center\",\"datePublished\":\"2016-10-18T06:36:01+00:00\",\"dateModified\":\"2016-10-21T06:42:35+00:00\",\"mainEntityOfPage\":{\"@id\":\"https:\\\/\\\/archiwum.invest-park.com.pl\\\/en\\\/blog\\\/2016\\\/10\\\/18\\\/ifm-runs-the-research-and-development-center\\\/\"},\"wordCount\":588,\"commentCount\":0,\"image\":{\"@id\":\"https:\\\/\\\/archiwum.invest-park.com.pl\\\/en\\\/blog\\\/2016\\\/10\\\/18\\\/ifm-runs-the-research-and-development-center\\\/#primaryimage\"},\"thumbnailUrl\":\"https:\\\/\\\/archiwum.invest-park.com.pl\\\/wp-content\\\/uploads\\\/2016\\\/10\\\/ifm-B-R.jpg\",\"articleSection\":[\"News\"],\"inLanguage\":\"en-US\",\"potentialAction\":[{\"@type\":\"CommentAction\",\"name\":\"Comment\",\"target\":[\"https:\\\/\\\/archiwum.invest-park.com.pl\\\/en\\\/blog\\\/2016\\\/10\\\/18\\\/ifm-runs-the-research-and-development-center\\\/#respond\"]}]},{\"@type\":\"WebPage\",\"@id\":\"https:\\\/\\\/archiwum.invest-park.com.pl\\\/en\\\/blog\\\/2016\\\/10\\\/18\\\/ifm-runs-the-research-and-development-center\\\/\",\"url\":\"https:\\\/\\\/archiwum.invest-park.com.pl\\\/en\\\/blog\\\/2016\\\/10\\\/18\\\/ifm-runs-the-research-and-development-center\\\/\",\"name\":\"ifm runs the Research and Development Center - WSSE &quot;INVEST-PARK&quot;. Wa\u0142brzyska Specjalna Strefa Ekonomiczna &quot;INVEST-PARK&quot;.\",\"isPartOf\":{\"@id\":\"https:\\\/\\\/archiwum.invest-park.com.pl\\\/#website\"},\"primaryImageOfPage\":{\"@id\":\"https:\\\/\\\/archiwum.invest-park.com.pl\\\/en\\\/blog\\\/2016\\\/10\\\/18\\\/ifm-runs-the-research-and-development-center\\\/#primaryimage\"},\"image\":{\"@id\":\"https:\\\/\\\/archiwum.invest-park.com.pl\\\/en\\\/blog\\\/2016\\\/10\\\/18\\\/ifm-runs-the-research-and-development-center\\\/#primaryimage\"},\"thumbnailUrl\":\"https:\\\/\\\/archiwum.invest-park.com.pl\\\/wp-content\\\/uploads\\\/2016\\\/10\\\/ifm-B-R.jpg\",\"datePublished\":\"2016-10-18T06:36:01+00:00\",\"dateModified\":\"2016-10-21T06:42:35+00:00\",\"author\":{\"@id\":\"https:\\\/\\\/archiwum.invest-park.com.pl\\\/#\\\/schema\\\/person\\\/e1a25243ece3d709f69b2f07f15f97bd\"},\"breadcrumb\":{\"@id\":\"https:\\\/\\\/archiwum.invest-park.com.pl\\\/en\\\/blog\\\/2016\\\/10\\\/18\\\/ifm-runs-the-research-and-development-center\\\/#breadcrumb\"},\"inLanguage\":\"en-US\",\"potentialAction\":[{\"@type\":\"ReadAction\",\"target\":[\"https:\\\/\\\/archiwum.invest-park.com.pl\\\/en\\\/blog\\\/2016\\\/10\\\/18\\\/ifm-runs-the-research-and-development-center\\\/\"]}]},{\"@type\":\"ImageObject\",\"inLanguage\":\"en-US\",\"@id\":\"https:\\\/\\\/archiwum.invest-park.com.pl\\\/en\\\/blog\\\/2016\\\/10\\\/18\\\/ifm-runs-the-research-and-development-center\\\/#primaryimage\",\"url\":\"https:\\\/\\\/archiwum.invest-park.com.pl\\\/wp-content\\\/uploads\\\/2016\\\/10\\\/ifm-B-R.jpg\",\"contentUrl\":\"https:\\\/\\\/archiwum.invest-park.com.pl\\\/wp-content\\\/uploads\\\/2016\\\/10\\\/ifm-B-R.jpg\",\"width\":2393,\"height\":945},{\"@type\":\"BreadcrumbList\",\"@id\":\"https:\\\/\\\/archiwum.invest-park.com.pl\\\/en\\\/blog\\\/2016\\\/10\\\/18\\\/ifm-runs-the-research-and-development-center\\\/#breadcrumb\",\"itemListElement\":[{\"@type\":\"ListItem\",\"position\":1,\"name\":\"Strona g\u0142\u00f3wna\",\"item\":\"https:\\\/\\\/archiwum.invest-park.com.pl\\\/en\\\/\"},{\"@type\":\"ListItem\",\"position\":2,\"name\":\"ifm runs the Research and Development Center\"}]},{\"@type\":\"WebSite\",\"@id\":\"https:\\\/\\\/archiwum.invest-park.com.pl\\\/#website\",\"url\":\"https:\\\/\\\/archiwum.invest-park.com.pl\\\/\",\"name\":\"WSSE &quot;INVEST-PARK&quot;. Wa\u0142brzyska Specjalna Strefa Ekonomiczna &quot;INVEST-PARK&quot;.\",\"description\":\"Wa\u0142brzyska Specjalna Strefa Ekonomiczna to jedna z najwi\u0119kszych i najdynamiczniej rozwijaj\u0105cych si\u0119 stref ekonomicznych w Polsce | Znajd\u017a tereny inwestycyjne z ulgami podatkowymi | Dzia\u0142ki inwestycyjne | Tereny inwestycyjne | Strefy ekonomiczne w Polsce | Invest in Poland in Special Economic Zone\",\"potentialAction\":[{\"@type\":\"SearchAction\",\"target\":{\"@type\":\"EntryPoint\",\"urlTemplate\":\"https:\\\/\\\/archiwum.invest-park.com.pl\\\/?s={search_term_string}\"},\"query-input\":{\"@type\":\"PropertyValueSpecification\",\"valueRequired\":true,\"valueName\":\"search_term_string\"}}],\"inLanguage\":\"en-US\"},{\"@type\":\"Person\",\"@id\":\"https:\\\/\\\/archiwum.invest-park.com.pl\\\/#\\\/schema\\\/person\\\/e1a25243ece3d709f69b2f07f15f97bd\",\"name\":\"Pion IT\",\"image\":{\"@type\":\"ImageObject\",\"inLanguage\":\"en-US\",\"@id\":\"https:\\\/\\\/secure.gravatar.com\\\/avatar\\\/c98fecba299a4b313b2b82702b1a69330e83b1d8288898b0d5a717c2eeeba508?s=96&d=mm&r=g\",\"url\":\"https:\\\/\\\/secure.gravatar.com\\\/avatar\\\/c98fecba299a4b313b2b82702b1a69330e83b1d8288898b0d5a717c2eeeba508?s=96&d=mm&r=g\",\"contentUrl\":\"https:\\\/\\\/secure.gravatar.com\\\/avatar\\\/c98fecba299a4b313b2b82702b1a69330e83b1d8288898b0d5a717c2eeeba508?s=96&d=mm&r=g\",\"caption\":\"Pion IT\"}}]}<\/script>\n<!-- \/ Yoast SEO plugin. -->","yoast_head_json":{"title":"ifm runs the Research and Development Center - WSSE &quot;INVEST-PARK&quot;. Wa\u0142brzyska Specjalna Strefa Ekonomiczna &quot;INVEST-PARK&quot;.","robots":{"index":"index","follow":"follow","max-snippet":"max-snippet:-1","max-image-preview":"max-image-preview:large","max-video-preview":"max-video-preview:-1"},"canonical":"https:\/\/archiwum.invest-park.com.pl\/en\/blog\/2016\/10\/18\/ifm-runs-the-research-and-development-center\/","og_locale":"en_US","og_type":"article","og_title":"ifm runs the Research and Development Center - WSSE &quot;INVEST-PARK&quot;. Wa\u0142brzyska Specjalna Strefa Ekonomiczna &quot;INVEST-PARK&quot;.","og_description":"As many as 100 engineers could be employed at ifm ecolink\u2019s Research and Development Center in Opole. During the ceremonious opening of the facility, the company signed a cooperation agreement with Opole University of Technology. The Center will prepare designs and patents for solutions that will be later implemented at the company\u2019s facility that is Read More...","og_url":"https:\/\/archiwum.invest-park.com.pl\/en\/blog\/2016\/10\/18\/ifm-runs-the-research-and-development-center\/","og_site_name":"WSSE &quot;INVEST-PARK&quot;. Wa\u0142brzyska Specjalna Strefa Ekonomiczna &quot;INVEST-PARK&quot;.","article_published_time":"2016-10-18T06:36:01+00:00","article_modified_time":"2016-10-21T06:42:35+00:00","og_image":[{"width":2393,"height":945,"url":"https:\/\/archiwum.invest-park.com.pl\/wp-content\/uploads\/2016\/10\/ifm-B-R.jpg","type":"image\/jpeg"}],"author":"Pion IT","twitter_misc":{"Written by":"Pion IT","Est. reading time":"3 minutes"},"schema":{"@context":"https:\/\/schema.org","@graph":[{"@type":"Article","@id":"https:\/\/archiwum.invest-park.com.pl\/en\/blog\/2016\/10\/18\/ifm-runs-the-research-and-development-center\/#article","isPartOf":{"@id":"https:\/\/archiwum.invest-park.com.pl\/en\/blog\/2016\/10\/18\/ifm-runs-the-research-and-development-center\/"},"author":{"name":"Pion IT","@id":"https:\/\/archiwum.invest-park.com.pl\/#\/schema\/person\/e1a25243ece3d709f69b2f07f15f97bd"},"headline":"ifm runs the Research and Development Center","datePublished":"2016-10-18T06:36:01+00:00","dateModified":"2016-10-21T06:42:35+00:00","mainEntityOfPage":{"@id":"https:\/\/archiwum.invest-park.com.pl\/en\/blog\/2016\/10\/18\/ifm-runs-the-research-and-development-center\/"},"wordCount":588,"commentCount":0,"image":{"@id":"https:\/\/archiwum.invest-park.com.pl\/en\/blog\/2016\/10\/18\/ifm-runs-the-research-and-development-center\/#primaryimage"},"thumbnailUrl":"https:\/\/archiwum.invest-park.com.pl\/wp-content\/uploads\/2016\/10\/ifm-B-R.jpg","articleSection":["News"],"inLanguage":"en-US","potentialAction":[{"@type":"CommentAction","name":"Comment","target":["https:\/\/archiwum.invest-park.com.pl\/en\/blog\/2016\/10\/18\/ifm-runs-the-research-and-development-center\/#respond"]}]},{"@type":"WebPage","@id":"https:\/\/archiwum.invest-park.com.pl\/en\/blog\/2016\/10\/18\/ifm-runs-the-research-and-development-center\/","url":"https:\/\/archiwum.invest-park.com.pl\/en\/blog\/2016\/10\/18\/ifm-runs-the-research-and-development-center\/","name":"ifm runs the Research and Development Center - WSSE &quot;INVEST-PARK&quot;. Wa\u0142brzyska Specjalna Strefa Ekonomiczna &quot;INVEST-PARK&quot;.","isPartOf":{"@id":"https:\/\/archiwum.invest-park.com.pl\/#website"},"primaryImageOfPage":{"@id":"https:\/\/archiwum.invest-park.com.pl\/en\/blog\/2016\/10\/18\/ifm-runs-the-research-and-development-center\/#primaryimage"},"image":{"@id":"https:\/\/archiwum.invest-park.com.pl\/en\/blog\/2016\/10\/18\/ifm-runs-the-research-and-development-center\/#primaryimage"},"thumbnailUrl":"https:\/\/archiwum.invest-park.com.pl\/wp-content\/uploads\/2016\/10\/ifm-B-R.jpg","datePublished":"2016-10-18T06:36:01+00:00","dateModified":"2016-10-21T06:42:35+00:00","author":{"@id":"https:\/\/archiwum.invest-park.com.pl\/#\/schema\/person\/e1a25243ece3d709f69b2f07f15f97bd"},"breadcrumb":{"@id":"https:\/\/archiwum.invest-park.com.pl\/en\/blog\/2016\/10\/18\/ifm-runs-the-research-and-development-center\/#breadcrumb"},"inLanguage":"en-US","potentialAction":[{"@type":"ReadAction","target":["https:\/\/archiwum.invest-park.com.pl\/en\/blog\/2016\/10\/18\/ifm-runs-the-research-and-development-center\/"]}]},{"@type":"ImageObject","inLanguage":"en-US","@id":"https:\/\/archiwum.invest-park.com.pl\/en\/blog\/2016\/10\/18\/ifm-runs-the-research-and-development-center\/#primaryimage","url":"https:\/\/archiwum.invest-park.com.pl\/wp-content\/uploads\/2016\/10\/ifm-B-R.jpg","contentUrl":"https:\/\/archiwum.invest-park.com.pl\/wp-content\/uploads\/2016\/10\/ifm-B-R.jpg","width":2393,"height":945},{"@type":"BreadcrumbList","@id":"https:\/\/archiwum.invest-park.com.pl\/en\/blog\/2016\/10\/18\/ifm-runs-the-research-and-development-center\/#breadcrumb","itemListElement":[{"@type":"ListItem","position":1,"name":"Strona g\u0142\u00f3wna","item":"https:\/\/archiwum.invest-park.com.pl\/en\/"},{"@type":"ListItem","position":2,"name":"ifm runs the Research and Development Center"}]},{"@type":"WebSite","@id":"https:\/\/archiwum.invest-park.com.pl\/#website","url":"https:\/\/archiwum.invest-park.com.pl\/","name":"WSSE &quot;INVEST-PARK&quot;. Wa\u0142brzyska Specjalna Strefa Ekonomiczna &quot;INVEST-PARK&quot;.","description":"Wa\u0142brzyska Specjalna Strefa Ekonomiczna to jedna z najwi\u0119kszych i najdynamiczniej rozwijaj\u0105cych si\u0119 stref ekonomicznych w Polsce | Znajd\u017a tereny inwestycyjne z ulgami podatkowymi | Dzia\u0142ki inwestycyjne | Tereny inwestycyjne | Strefy ekonomiczne w Polsce | Invest in Poland in Special Economic Zone","potentialAction":[{"@type":"SearchAction","target":{"@type":"EntryPoint","urlTemplate":"https:\/\/archiwum.invest-park.com.pl\/?s={search_term_string}"},"query-input":{"@type":"PropertyValueSpecification","valueRequired":true,"valueName":"search_term_string"}}],"inLanguage":"en-US"},{"@type":"Person","@id":"https:\/\/archiwum.invest-park.com.pl\/#\/schema\/person\/e1a25243ece3d709f69b2f07f15f97bd","name":"Pion IT","image":{"@type":"ImageObject","inLanguage":"en-US","@id":"https:\/\/secure.gravatar.com\/avatar\/c98fecba299a4b313b2b82702b1a69330e83b1d8288898b0d5a717c2eeeba508?s=96&d=mm&r=g","url":"https:\/\/secure.gravatar.com\/avatar\/c98fecba299a4b313b2b82702b1a69330e83b1d8288898b0d5a717c2eeeba508?s=96&d=mm&r=g","contentUrl":"https:\/\/secure.gravatar.com\/avatar\/c98fecba299a4b313b2b82702b1a69330e83b1d8288898b0d5a717c2eeeba508?s=96&d=mm&r=g","caption":"Pion IT"}}]}},"_links":{"self":[{"href":"https:\/\/archiwum.invest-park.com.pl\/en\/wp-json\/wp\/v2\/posts\/6564","targetHints":{"allow":["GET"]}}],"collection":[{"href":"https:\/\/archiwum.invest-park.com.pl\/en\/wp-json\/wp\/v2\/posts"}],"about":[{"href":"https:\/\/archiwum.invest-park.com.pl\/en\/wp-json\/wp\/v2\/types\/post"}],"author":[{"embeddable":true,"href":"https:\/\/archiwum.invest-park.com.pl\/en\/wp-json\/wp\/v2\/users\/1"}],"replies":[{"embeddable":true,"href":"https:\/\/archiwum.invest-park.com.pl\/en\/wp-json\/wp\/v2\/comments?post=6564"}],"version-history":[{"count":1,"href":"https:\/\/archiwum.invest-park.com.pl\/en\/wp-json\/wp\/v2\/posts\/6564\/revisions"}],"predecessor-version":[{"id":6565,"href":"https:\/\/archiwum.invest-park.com.pl\/en\/wp-json\/wp\/v2\/posts\/6564\/revisions\/6565"}],"wp:featuredmedia":[{"embeddable":true,"href":"https:\/\/archiwum.invest-park.com.pl\/en\/wp-json\/wp\/v2\/media\/6509"}],"wp:attachment":[{"href":"https:\/\/archiwum.invest-park.com.pl\/en\/wp-json\/wp\/v2\/media?parent=6564"}],"wp:term":[{"taxonomy":"category","embeddable":true,"href":"https:\/\/archiwum.invest-park.com.pl\/en\/wp-json\/wp\/v2\/categories?post=6564"},{"taxonomy":"post_tag","embeddable":true,"href":"https:\/\/archiwum.invest-park.com.pl\/en\/wp-json\/wp\/v2\/tags?post=6564"}],"curies":[{"name":"wp","href":"https:\/\/api.w.org\/{rel}","templated":true}]}}