{"id":6561,"date":"2016-10-17T08:30:38","date_gmt":"2016-10-17T06:30:38","guid":{"rendered":"https:\/\/invest-park.com.pl\/?p=6561"},"modified":"2016-10-21T08:35:24","modified_gmt":"2016-10-21T06:35:24","slug":"fifteen-years-of-the-zarow-subzone","status":"publish","type":"post","link":"https:\/\/archiwum.invest-park.com.pl\/en\/blog\/2016\/10\/17\/fifteen-years-of-the-zarow-subzone\/","title":{"rendered":"Fifteen years of the \u017bar\u00f3w Subzone"},"content":{"rendered":"<p><strong>Over 100 ha used by investors who have spent more than PLN 1.1 bn, thirteen tenants and 2,300 employees \u2013 two decades ago, hardly anybody would imagine that \u017bar\u00f3w could become one of the most dynamic areas within the Wa\u0142brzych Special Economic Zone \u201cINVEST-PARK\u201d.<\/strong><!--more--><\/p>\n<p>The jubilee gala marking the 15th anniversary of establishing the \u017bar\u00f3w Subzone attracted many special guests, among them representatives of Japanese, Italian and Polish firms, business people and scientists, mayors and politicians from the neighboring towns, and many people who have contributed to the establishment and development of the subzone.<\/p>\n<blockquote><p>\u201cThe honored guests gathered here prove how important this event is, and how much the inhabitants of \u017bar\u00f3w, the gmina and the entire region benefit from the functioning of companies in \u017bar\u00f3w,\u201d said Maciej Badora, President of the Wa\u0142brzych zone.<\/p><\/blockquote>\n<p>The mayor of \u017bar\u00f3w thanked the tenants and their representatives for creating a positive economic image of the gmina. He also appreciated the role of the management board of the Wa\u0142brzych zone.<\/p>\n<blockquote><p>\u201cToday, when we are celebrating the 15th anniversary of the \u017bar\u00f3w zone, we can clearly see the scale of changes resulting from its functioning. Each new facility, which offers jobs to people and stable growth to the gmina, makes us very happy. I would like to thank you for your innumerable initiatives, kindness, involvement and great determination,\u201d said Leszek Michalak, who hosted the jubilee celebration.<\/p><\/blockquote>\n<p>The guest of honor was Ambassador of Japan to Poland Shigeo Matsutomi. The ambassador presented the mayor of \u017bar\u00f3w with the Award of the Minister of Foreign Affairs of Japan, which is given in recognition of outstanding contribution to promoting friendly relations between Japan and foreign countries.<\/p>\n<blockquote><p>\u201cWhen Japanese companies AKS, Yagi, Daicel and Bridgestone set up their factories in the subzone, \u017bar\u00f3w became one of the most important destinations for Japanese investors,\u201d Ambassador Matsutomi said.<\/p><\/blockquote>\n<p>Mayor of \u017bar\u00f3w Leszek Michalak and Deputy President of the WSEZ Micha\u0142 Szuka\u0142a presented representatives of firms that invested in \u017bar\u00f3w with special tokens of gratitude for their reliability and actions for the local development.<\/p>\n<figure id=\"attachment_6495\" aria-describedby=\"caption-attachment-6495\" style=\"width: 1024px\" class=\"wp-caption alignnone\"><a href=\"https:\/\/archiwum.invest-park.com.pl\/blog\/2016\/10\/07\/15-lecie-podstrefy-zarow\/fot-1\/\" rel=\"attachment wp-att-6495\"><img loading=\"lazy\" decoding=\"async\" class=\"wp-image-6495 size-large\" src=\"https:\/\/archiwum.invest-park.com.pl\/wp-content\/uploads\/2016\/10\/Fot.-1-1024x678.jpg\" alt=\"Prezes WSSE \u201eINVEST-PARK\u201d, Maciej Badora, wr\u0119cza pami\u0105tkowy agat burmistrzowi \u017barowa, Leszkowi Michalakowi, z podzi\u0119kowaniami za dotychczasow\u0105 wsp\u00f3\u0142prac\u0119\" width=\"1024\" height=\"678\" srcset=\"https:\/\/archiwum.invest-park.com.pl\/wp-content\/uploads\/2016\/10\/Fot.-1-1024x678.jpg 1024w, https:\/\/archiwum.invest-park.com.pl\/wp-content\/uploads\/2016\/10\/Fot.-1-270x179.jpg 270w, https:\/\/archiwum.invest-park.com.pl\/wp-content\/uploads\/2016\/10\/Fot.-1-300x199.jpg 300w, https:\/\/archiwum.invest-park.com.pl\/wp-content\/uploads\/2016\/10\/Fot.-1-768x509.jpg 768w, https:\/\/archiwum.invest-park.com.pl\/wp-content\/uploads\/2016\/10\/Fot.-1-393x260.jpg 393w, https:\/\/archiwum.invest-park.com.pl\/wp-content\/uploads\/2016\/10\/Fot.-1-600x397.jpg 600w\" sizes=\"auto, (max-width: 1024px) 100vw, 1024px\" \/><\/a><figcaption id=\"caption-attachment-6495\" class=\"wp-caption-text\">President of the WSEZ \u201cINVEST-PARK\u201d Maciej Badora presents Mayor of \u017bar\u00f3w Leszek Michalak with a commemorative agate to thank him for mutual cooperation<\/figcaption><\/figure>\n<p>&nbsp;<\/p>\n<figure id=\"attachment_6497\" aria-describedby=\"caption-attachment-6497\" style=\"width: 1024px\" class=\"wp-caption alignnone\"><a href=\"https:\/\/archiwum.invest-park.com.pl\/blog\/2016\/10\/07\/15-lecie-podstrefy-zarow\/fot-2-2\/\" rel=\"attachment wp-att-6497\"><img loading=\"lazy\" decoding=\"async\" class=\"wp-image-6497 size-large\" src=\"https:\/\/archiwum.invest-park.com.pl\/wp-content\/uploads\/2016\/10\/Fot.-21-1024x678.jpg\" alt=\"Brak opisu obrazka\" width=\"1024\" height=\"678\" srcset=\"https:\/\/archiwum.invest-park.com.pl\/wp-content\/uploads\/2016\/10\/Fot.-21-1024x678.jpg 1024w, https:\/\/archiwum.invest-park.com.pl\/wp-content\/uploads\/2016\/10\/Fot.-21-270x179.jpg 270w, https:\/\/archiwum.invest-park.com.pl\/wp-content\/uploads\/2016\/10\/Fot.-21-300x199.jpg 300w, https:\/\/archiwum.invest-park.com.pl\/wp-content\/uploads\/2016\/10\/Fot.-21-768x509.jpg 768w, https:\/\/archiwum.invest-park.com.pl\/wp-content\/uploads\/2016\/10\/Fot.-21-393x260.jpg 393w, https:\/\/archiwum.invest-park.com.pl\/wp-content\/uploads\/2016\/10\/Fot.-21-600x397.jpg 600w\" sizes=\"auto, (max-width: 1024px) 100vw, 1024px\" \/><\/a><figcaption id=\"caption-attachment-6497\" class=\"wp-caption-text\">Ambassador of Japan Shigeo Matsutomi receives a token of appreciation for supporting business in the Wa\u0142brzych zone from its president Maciej Badora<\/figcaption><\/figure>\n<p>&nbsp;<\/p>\n<figure id=\"attachment_6499\" aria-describedby=\"caption-attachment-6499\" style=\"width: 1024px\" class=\"wp-caption alignnone\"><a href=\"https:\/\/archiwum.invest-park.com.pl\/blog\/2016\/10\/07\/15-lecie-podstrefy-zarow\/fot-3\/\" rel=\"attachment wp-att-6499\"><img loading=\"lazy\" decoding=\"async\" class=\"wp-image-6499 size-large\" src=\"https:\/\/archiwum.invest-park.com.pl\/wp-content\/uploads\/2016\/10\/Fot.-3-1024x678.jpg\" alt=\"Brak opisu obrazka\" width=\"1024\" height=\"678\" srcset=\"https:\/\/archiwum.invest-park.com.pl\/wp-content\/uploads\/2016\/10\/Fot.-3-1024x678.jpg 1024w, https:\/\/archiwum.invest-park.com.pl\/wp-content\/uploads\/2016\/10\/Fot.-3-270x179.jpg 270w, https:\/\/archiwum.invest-park.com.pl\/wp-content\/uploads\/2016\/10\/Fot.-3-300x199.jpg 300w, https:\/\/archiwum.invest-park.com.pl\/wp-content\/uploads\/2016\/10\/Fot.-3-768x509.jpg 768w, https:\/\/archiwum.invest-park.com.pl\/wp-content\/uploads\/2016\/10\/Fot.-3-393x260.jpg 393w, https:\/\/archiwum.invest-park.com.pl\/wp-content\/uploads\/2016\/10\/Fot.-3-600x397.jpg 600w\" sizes=\"auto, (max-width: 1024px) 100vw, 1024px\" \/><\/a><figcaption id=\"caption-attachment-6499\" class=\"wp-caption-text\">Mayor Leszek Michalak presents an award for creating the economic image of the gmina of \u017bar\u00f3w to Deputy President Micha\u0142 Szuka\u0142a, who accepts it on behalf of the Management Board of the WSEZ \u201cINVEST-PARK\u201d<\/figcaption><\/figure>\n<p>&nbsp;<\/p>\n<figure id=\"attachment_6502\" aria-describedby=\"caption-attachment-6502\" style=\"width: 1024px\" class=\"wp-caption alignnone\"><a href=\"https:\/\/archiwum.invest-park.com.pl\/blog\/2016\/10\/07\/15-lecie-podstrefy-zarow\/fot-4\/\" rel=\"attachment wp-att-6502\"><img loading=\"lazy\" decoding=\"async\" class=\"wp-image-6502 size-large\" src=\"https:\/\/archiwum.invest-park.com.pl\/wp-content\/uploads\/2016\/10\/Fot.-4-1024x678.jpg\" alt=\"Brak opisu obrazka\" width=\"1024\" height=\"678\" srcset=\"https:\/\/archiwum.invest-park.com.pl\/wp-content\/uploads\/2016\/10\/Fot.-4-1024x678.jpg 1024w, https:\/\/archiwum.invest-park.com.pl\/wp-content\/uploads\/2016\/10\/Fot.-4-270x179.jpg 270w, https:\/\/archiwum.invest-park.com.pl\/wp-content\/uploads\/2016\/10\/Fot.-4-300x199.jpg 300w, https:\/\/archiwum.invest-park.com.pl\/wp-content\/uploads\/2016\/10\/Fot.-4-768x509.jpg 768w, https:\/\/archiwum.invest-park.com.pl\/wp-content\/uploads\/2016\/10\/Fot.-4-393x260.jpg 393w, https:\/\/archiwum.invest-park.com.pl\/wp-content\/uploads\/2016\/10\/Fot.-4-600x397.jpg 600w\" sizes=\"auto, (max-width: 1024px) 100vw, 1024px\" \/><\/a><figcaption id=\"caption-attachment-6502\" class=\"wp-caption-text\">People awarded for their contribution to the establishment and development of the \u017bar\u00f3w Subzone of the WSEZ \u201cINVEST-PARK\u201d and their work toward building a positive economic image of the gmina. From the left: Pawe\u0142 Go\u0142\u0119biowski, former head of the Polish Agency for Foreign Investment; Micha\u0142 Szuka\u0142a, Deputy President of the WSEZ \u201cINVEST-PARK\u201d, Shigeo Matsutomi, Ambassador of Japan; Pawe\u0142 Sowicz, Managing Director of Electrolux Poland in \u017bar\u00f3w, Alessandro Catani, General Manager at Colorobbia Polska; Katarzyna Dobrowolska, HR &amp; Administration Manager at Bridgestone Diversified Products Poland; Satoru Chigira, Deputy President of YAGI Factory Poland; Yuichi Naka, President of AKS Precision Ball Polska; Iwona Kosik, Deputy President of Daicel Safety Systems Europe<\/figcaption><\/figure>\n<p>&nbsp;<\/p>\n<p>&nbsp;<\/p>\n","protected":false},"excerpt":{"rendered":"<p>Over 100 ha used by investors who have spent more than PLN 1.1 bn, thirteen tenants and 2,300 employees \u2013 two decades ago, hardly anybody would imagine that \u017bar\u00f3w could become one of the most dynamic areas within the Wa\u0142brzych Special Economic Zone \u201cINVEST-PARK\u201d. <\/p>\n<p class=\"text-right\"><a class=\"btn btn-secondary understrap-read-more-link\" href=\"https:\/\/archiwum.invest-park.com.pl\/en\/blog\/2016\/10\/17\/fifteen-years-of-the-zarow-subzone\/\">Read More&#8230;<\/a><\/p>\n","protected":false},"author":1,"featured_media":6507,"comment_status":"open","ping_status":"closed","sticky":false,"template":"","format":"standard","meta":{"_acf_changed":false,"footnotes":""},"categories":[85],"tags":[],"class_list":["post-6561","post","type-post","status-publish","format-standard","has-post-thumbnail","hentry","category-news"],"acf":[],"yoast_head":"<!-- This site is optimized with the Yoast SEO plugin v27.5 - https:\/\/yoast.com\/product\/yoast-seo-wordpress\/ -->\n<title>Fifteen years of the \u017bar\u00f3w Subzone  - WSSE &quot;INVEST-PARK&quot;. Wa\u0142brzyska Specjalna Strefa Ekonomiczna &quot;INVEST-PARK&quot;.<\/title>\n<meta name=\"robots\" content=\"index, follow, max-snippet:-1, max-image-preview:large, max-video-preview:-1\" \/>\n<link rel=\"canonical\" href=\"https:\/\/archiwum.invest-park.com.pl\/en\/blog\/2016\/10\/17\/fifteen-years-of-the-zarow-subzone\/\" \/>\n<meta property=\"og:locale\" content=\"en_US\" \/>\n<meta property=\"og:type\" content=\"article\" \/>\n<meta property=\"og:title\" content=\"Fifteen years of the \u017bar\u00f3w Subzone  - WSSE &quot;INVEST-PARK&quot;. Wa\u0142brzyska Specjalna Strefa Ekonomiczna &quot;INVEST-PARK&quot;.\" \/>\n<meta property=\"og:description\" content=\"Over 100 ha used by investors who have spent more than PLN 1.1 bn, thirteen tenants and 2,300 employees \u2013 two decades ago, hardly anybody would imagine that \u017bar\u00f3w could become one of the most dynamic areas within the Wa\u0142brzych Special Economic Zone \u201cINVEST-PARK\u201d. Read More...\" \/>\n<meta property=\"og:url\" content=\"https:\/\/archiwum.invest-park.com.pl\/en\/blog\/2016\/10\/17\/fifteen-years-of-the-zarow-subzone\/\" \/>\n<meta property=\"og:site_name\" content=\"WSSE &quot;INVEST-PARK&quot;. Wa\u0142brzyska Specjalna Strefa Ekonomiczna &quot;INVEST-PARK&quot;.\" \/>\n<meta property=\"article:published_time\" content=\"2016-10-17T06:30:38+00:00\" \/>\n<meta property=\"article:modified_time\" content=\"2016-10-21T06:35:24+00:00\" \/>\n<meta property=\"og:image\" content=\"https:\/\/archiwum.invest-park.com.pl\/wp-content\/uploads\/2016\/10\/Fot.-41-e1476099745412.jpg\" \/>\n\t<meta property=\"og:image:width\" content=\"2949\" \/>\n\t<meta property=\"og:image:height\" content=\"1204\" \/>\n\t<meta property=\"og:image:type\" content=\"image\/jpeg\" \/>\n<meta name=\"author\" content=\"Pion IT\" \/>\n<meta name=\"twitter:label1\" content=\"Written by\" \/>\n\t<meta name=\"twitter:data1\" content=\"Pion IT\" \/>\n\t<meta name=\"twitter:label2\" content=\"Est. reading time\" \/>\n\t<meta name=\"twitter:data2\" content=\"3 minutes\" \/>\n<script type=\"application\/ld+json\" class=\"yoast-schema-graph\">{\"@context\":\"https:\\\/\\\/schema.org\",\"@graph\":[{\"@type\":\"Article\",\"@id\":\"https:\\\/\\\/archiwum.invest-park.com.pl\\\/en\\\/blog\\\/2016\\\/10\\\/17\\\/fifteen-years-of-the-zarow-subzone\\\/#article\",\"isPartOf\":{\"@id\":\"https:\\\/\\\/archiwum.invest-park.com.pl\\\/en\\\/blog\\\/2016\\\/10\\\/17\\\/fifteen-years-of-the-zarow-subzone\\\/\"},\"author\":{\"name\":\"Pion IT\",\"@id\":\"https:\\\/\\\/archiwum.invest-park.com.pl\\\/#\\\/schema\\\/person\\\/e1a25243ece3d709f69b2f07f15f97bd\"},\"headline\":\"Fifteen years of the \u017bar\u00f3w Subzone\",\"datePublished\":\"2016-10-17T06:30:38+00:00\",\"dateModified\":\"2016-10-21T06:35:24+00:00\",\"mainEntityOfPage\":{\"@id\":\"https:\\\/\\\/archiwum.invest-park.com.pl\\\/en\\\/blog\\\/2016\\\/10\\\/17\\\/fifteen-years-of-the-zarow-subzone\\\/\"},\"wordCount\":588,\"commentCount\":0,\"image\":{\"@id\":\"https:\\\/\\\/archiwum.invest-park.com.pl\\\/en\\\/blog\\\/2016\\\/10\\\/17\\\/fifteen-years-of-the-zarow-subzone\\\/#primaryimage\"},\"thumbnailUrl\":\"https:\\\/\\\/archiwum.invest-park.com.pl\\\/wp-content\\\/uploads\\\/2016\\\/10\\\/Fot.-41-e1476099745412.jpg\",\"articleSection\":[\"News\"],\"inLanguage\":\"en-US\",\"potentialAction\":[{\"@type\":\"CommentAction\",\"name\":\"Comment\",\"target\":[\"https:\\\/\\\/archiwum.invest-park.com.pl\\\/en\\\/blog\\\/2016\\\/10\\\/17\\\/fifteen-years-of-the-zarow-subzone\\\/#respond\"]}]},{\"@type\":\"WebPage\",\"@id\":\"https:\\\/\\\/archiwum.invest-park.com.pl\\\/en\\\/blog\\\/2016\\\/10\\\/17\\\/fifteen-years-of-the-zarow-subzone\\\/\",\"url\":\"https:\\\/\\\/archiwum.invest-park.com.pl\\\/en\\\/blog\\\/2016\\\/10\\\/17\\\/fifteen-years-of-the-zarow-subzone\\\/\",\"name\":\"Fifteen years of the \u017bar\u00f3w Subzone - WSSE &quot;INVEST-PARK&quot;. Wa\u0142brzyska Specjalna Strefa Ekonomiczna &quot;INVEST-PARK&quot;.\",\"isPartOf\":{\"@id\":\"https:\\\/\\\/archiwum.invest-park.com.pl\\\/#website\"},\"primaryImageOfPage\":{\"@id\":\"https:\\\/\\\/archiwum.invest-park.com.pl\\\/en\\\/blog\\\/2016\\\/10\\\/17\\\/fifteen-years-of-the-zarow-subzone\\\/#primaryimage\"},\"image\":{\"@id\":\"https:\\\/\\\/archiwum.invest-park.com.pl\\\/en\\\/blog\\\/2016\\\/10\\\/17\\\/fifteen-years-of-the-zarow-subzone\\\/#primaryimage\"},\"thumbnailUrl\":\"https:\\\/\\\/archiwum.invest-park.com.pl\\\/wp-content\\\/uploads\\\/2016\\\/10\\\/Fot.-41-e1476099745412.jpg\",\"datePublished\":\"2016-10-17T06:30:38+00:00\",\"dateModified\":\"2016-10-21T06:35:24+00:00\",\"author\":{\"@id\":\"https:\\\/\\\/archiwum.invest-park.com.pl\\\/#\\\/schema\\\/person\\\/e1a25243ece3d709f69b2f07f15f97bd\"},\"breadcrumb\":{\"@id\":\"https:\\\/\\\/archiwum.invest-park.com.pl\\\/en\\\/blog\\\/2016\\\/10\\\/17\\\/fifteen-years-of-the-zarow-subzone\\\/#breadcrumb\"},\"inLanguage\":\"en-US\",\"potentialAction\":[{\"@type\":\"ReadAction\",\"target\":[\"https:\\\/\\\/archiwum.invest-park.com.pl\\\/en\\\/blog\\\/2016\\\/10\\\/17\\\/fifteen-years-of-the-zarow-subzone\\\/\"]}]},{\"@type\":\"ImageObject\",\"inLanguage\":\"en-US\",\"@id\":\"https:\\\/\\\/archiwum.invest-park.com.pl\\\/en\\\/blog\\\/2016\\\/10\\\/17\\\/fifteen-years-of-the-zarow-subzone\\\/#primaryimage\",\"url\":\"https:\\\/\\\/archiwum.invest-park.com.pl\\\/wp-content\\\/uploads\\\/2016\\\/10\\\/Fot.-41-e1476099745412.jpg\",\"contentUrl\":\"https:\\\/\\\/archiwum.invest-park.com.pl\\\/wp-content\\\/uploads\\\/2016\\\/10\\\/Fot.-41-e1476099745412.jpg\",\"width\":2949,\"height\":1204},{\"@type\":\"BreadcrumbList\",\"@id\":\"https:\\\/\\\/archiwum.invest-park.com.pl\\\/en\\\/blog\\\/2016\\\/10\\\/17\\\/fifteen-years-of-the-zarow-subzone\\\/#breadcrumb\",\"itemListElement\":[{\"@type\":\"ListItem\",\"position\":1,\"name\":\"Strona g\u0142\u00f3wna\",\"item\":\"https:\\\/\\\/archiwum.invest-park.com.pl\\\/en\\\/\"},{\"@type\":\"ListItem\",\"position\":2,\"name\":\"Fifteen years of the \u017bar\u00f3w Subzone\"}]},{\"@type\":\"WebSite\",\"@id\":\"https:\\\/\\\/archiwum.invest-park.com.pl\\\/#website\",\"url\":\"https:\\\/\\\/archiwum.invest-park.com.pl\\\/\",\"name\":\"WSSE &quot;INVEST-PARK&quot;. Wa\u0142brzyska Specjalna Strefa Ekonomiczna &quot;INVEST-PARK&quot;.\",\"description\":\"Wa\u0142brzyska Specjalna Strefa Ekonomiczna to jedna z najwi\u0119kszych i najdynamiczniej rozwijaj\u0105cych si\u0119 stref ekonomicznych w Polsce | Znajd\u017a tereny inwestycyjne z ulgami podatkowymi | Dzia\u0142ki inwestycyjne | Tereny inwestycyjne | Strefy ekonomiczne w Polsce | Invest in Poland in Special Economic Zone\",\"potentialAction\":[{\"@type\":\"SearchAction\",\"target\":{\"@type\":\"EntryPoint\",\"urlTemplate\":\"https:\\\/\\\/archiwum.invest-park.com.pl\\\/?s={search_term_string}\"},\"query-input\":{\"@type\":\"PropertyValueSpecification\",\"valueRequired\":true,\"valueName\":\"search_term_string\"}}],\"inLanguage\":\"en-US\"},{\"@type\":\"Person\",\"@id\":\"https:\\\/\\\/archiwum.invest-park.com.pl\\\/#\\\/schema\\\/person\\\/e1a25243ece3d709f69b2f07f15f97bd\",\"name\":\"Pion IT\",\"image\":{\"@type\":\"ImageObject\",\"inLanguage\":\"en-US\",\"@id\":\"https:\\\/\\\/secure.gravatar.com\\\/avatar\\\/c98fecba299a4b313b2b82702b1a69330e83b1d8288898b0d5a717c2eeeba508?s=96&d=mm&r=g\",\"url\":\"https:\\\/\\\/secure.gravatar.com\\\/avatar\\\/c98fecba299a4b313b2b82702b1a69330e83b1d8288898b0d5a717c2eeeba508?s=96&d=mm&r=g\",\"contentUrl\":\"https:\\\/\\\/secure.gravatar.com\\\/avatar\\\/c98fecba299a4b313b2b82702b1a69330e83b1d8288898b0d5a717c2eeeba508?s=96&d=mm&r=g\",\"caption\":\"Pion IT\"}}]}<\/script>\n<!-- \/ Yoast SEO plugin. -->","yoast_head_json":{"title":"Fifteen years of the \u017bar\u00f3w Subzone  - WSSE &quot;INVEST-PARK&quot;. Wa\u0142brzyska Specjalna Strefa Ekonomiczna &quot;INVEST-PARK&quot;.","robots":{"index":"index","follow":"follow","max-snippet":"max-snippet:-1","max-image-preview":"max-image-preview:large","max-video-preview":"max-video-preview:-1"},"canonical":"https:\/\/archiwum.invest-park.com.pl\/en\/blog\/2016\/10\/17\/fifteen-years-of-the-zarow-subzone\/","og_locale":"en_US","og_type":"article","og_title":"Fifteen years of the \u017bar\u00f3w Subzone  - WSSE &quot;INVEST-PARK&quot;. Wa\u0142brzyska Specjalna Strefa Ekonomiczna &quot;INVEST-PARK&quot;.","og_description":"Over 100 ha used by investors who have spent more than PLN 1.1 bn, thirteen tenants and 2,300 employees \u2013 two decades ago, hardly anybody would imagine that \u017bar\u00f3w could become one of the most dynamic areas within the Wa\u0142brzych Special Economic Zone \u201cINVEST-PARK\u201d. Read More...","og_url":"https:\/\/archiwum.invest-park.com.pl\/en\/blog\/2016\/10\/17\/fifteen-years-of-the-zarow-subzone\/","og_site_name":"WSSE &quot;INVEST-PARK&quot;. Wa\u0142brzyska Specjalna Strefa Ekonomiczna &quot;INVEST-PARK&quot;.","article_published_time":"2016-10-17T06:30:38+00:00","article_modified_time":"2016-10-21T06:35:24+00:00","og_image":[{"width":2949,"height":1204,"url":"https:\/\/archiwum.invest-park.com.pl\/wp-content\/uploads\/2016\/10\/Fot.-41-e1476099745412.jpg","type":"image\/jpeg"}],"author":"Pion IT","twitter_misc":{"Written by":"Pion IT","Est. reading time":"3 minutes"},"schema":{"@context":"https:\/\/schema.org","@graph":[{"@type":"Article","@id":"https:\/\/archiwum.invest-park.com.pl\/en\/blog\/2016\/10\/17\/fifteen-years-of-the-zarow-subzone\/#article","isPartOf":{"@id":"https:\/\/archiwum.invest-park.com.pl\/en\/blog\/2016\/10\/17\/fifteen-years-of-the-zarow-subzone\/"},"author":{"name":"Pion IT","@id":"https:\/\/archiwum.invest-park.com.pl\/#\/schema\/person\/e1a25243ece3d709f69b2f07f15f97bd"},"headline":"Fifteen years of the \u017bar\u00f3w Subzone","datePublished":"2016-10-17T06:30:38+00:00","dateModified":"2016-10-21T06:35:24+00:00","mainEntityOfPage":{"@id":"https:\/\/archiwum.invest-park.com.pl\/en\/blog\/2016\/10\/17\/fifteen-years-of-the-zarow-subzone\/"},"wordCount":588,"commentCount":0,"image":{"@id":"https:\/\/archiwum.invest-park.com.pl\/en\/blog\/2016\/10\/17\/fifteen-years-of-the-zarow-subzone\/#primaryimage"},"thumbnailUrl":"https:\/\/archiwum.invest-park.com.pl\/wp-content\/uploads\/2016\/10\/Fot.-41-e1476099745412.jpg","articleSection":["News"],"inLanguage":"en-US","potentialAction":[{"@type":"CommentAction","name":"Comment","target":["https:\/\/archiwum.invest-park.com.pl\/en\/blog\/2016\/10\/17\/fifteen-years-of-the-zarow-subzone\/#respond"]}]},{"@type":"WebPage","@id":"https:\/\/archiwum.invest-park.com.pl\/en\/blog\/2016\/10\/17\/fifteen-years-of-the-zarow-subzone\/","url":"https:\/\/archiwum.invest-park.com.pl\/en\/blog\/2016\/10\/17\/fifteen-years-of-the-zarow-subzone\/","name":"Fifteen years of the \u017bar\u00f3w Subzone - WSSE &quot;INVEST-PARK&quot;. Wa\u0142brzyska Specjalna Strefa Ekonomiczna &quot;INVEST-PARK&quot;.","isPartOf":{"@id":"https:\/\/archiwum.invest-park.com.pl\/#website"},"primaryImageOfPage":{"@id":"https:\/\/archiwum.invest-park.com.pl\/en\/blog\/2016\/10\/17\/fifteen-years-of-the-zarow-subzone\/#primaryimage"},"image":{"@id":"https:\/\/archiwum.invest-park.com.pl\/en\/blog\/2016\/10\/17\/fifteen-years-of-the-zarow-subzone\/#primaryimage"},"thumbnailUrl":"https:\/\/archiwum.invest-park.com.pl\/wp-content\/uploads\/2016\/10\/Fot.-41-e1476099745412.jpg","datePublished":"2016-10-17T06:30:38+00:00","dateModified":"2016-10-21T06:35:24+00:00","author":{"@id":"https:\/\/archiwum.invest-park.com.pl\/#\/schema\/person\/e1a25243ece3d709f69b2f07f15f97bd"},"breadcrumb":{"@id":"https:\/\/archiwum.invest-park.com.pl\/en\/blog\/2016\/10\/17\/fifteen-years-of-the-zarow-subzone\/#breadcrumb"},"inLanguage":"en-US","potentialAction":[{"@type":"ReadAction","target":["https:\/\/archiwum.invest-park.com.pl\/en\/blog\/2016\/10\/17\/fifteen-years-of-the-zarow-subzone\/"]}]},{"@type":"ImageObject","inLanguage":"en-US","@id":"https:\/\/archiwum.invest-park.com.pl\/en\/blog\/2016\/10\/17\/fifteen-years-of-the-zarow-subzone\/#primaryimage","url":"https:\/\/archiwum.invest-park.com.pl\/wp-content\/uploads\/2016\/10\/Fot.-41-e1476099745412.jpg","contentUrl":"https:\/\/archiwum.invest-park.com.pl\/wp-content\/uploads\/2016\/10\/Fot.-41-e1476099745412.jpg","width":2949,"height":1204},{"@type":"BreadcrumbList","@id":"https:\/\/archiwum.invest-park.com.pl\/en\/blog\/2016\/10\/17\/fifteen-years-of-the-zarow-subzone\/#breadcrumb","itemListElement":[{"@type":"ListItem","position":1,"name":"Strona g\u0142\u00f3wna","item":"https:\/\/archiwum.invest-park.com.pl\/en\/"},{"@type":"ListItem","position":2,"name":"Fifteen years of the \u017bar\u00f3w Subzone"}]},{"@type":"WebSite","@id":"https:\/\/archiwum.invest-park.com.pl\/#website","url":"https:\/\/archiwum.invest-park.com.pl\/","name":"WSSE &quot;INVEST-PARK&quot;. Wa\u0142brzyska Specjalna Strefa Ekonomiczna &quot;INVEST-PARK&quot;.","description":"Wa\u0142brzyska Specjalna Strefa Ekonomiczna to jedna z najwi\u0119kszych i najdynamiczniej rozwijaj\u0105cych si\u0119 stref ekonomicznych w Polsce | Znajd\u017a tereny inwestycyjne z ulgami podatkowymi | Dzia\u0142ki inwestycyjne | Tereny inwestycyjne | Strefy ekonomiczne w Polsce | Invest in Poland in Special Economic Zone","potentialAction":[{"@type":"SearchAction","target":{"@type":"EntryPoint","urlTemplate":"https:\/\/archiwum.invest-park.com.pl\/?s={search_term_string}"},"query-input":{"@type":"PropertyValueSpecification","valueRequired":true,"valueName":"search_term_string"}}],"inLanguage":"en-US"},{"@type":"Person","@id":"https:\/\/archiwum.invest-park.com.pl\/#\/schema\/person\/e1a25243ece3d709f69b2f07f15f97bd","name":"Pion IT","image":{"@type":"ImageObject","inLanguage":"en-US","@id":"https:\/\/secure.gravatar.com\/avatar\/c98fecba299a4b313b2b82702b1a69330e83b1d8288898b0d5a717c2eeeba508?s=96&d=mm&r=g","url":"https:\/\/secure.gravatar.com\/avatar\/c98fecba299a4b313b2b82702b1a69330e83b1d8288898b0d5a717c2eeeba508?s=96&d=mm&r=g","contentUrl":"https:\/\/secure.gravatar.com\/avatar\/c98fecba299a4b313b2b82702b1a69330e83b1d8288898b0d5a717c2eeeba508?s=96&d=mm&r=g","caption":"Pion IT"}}]}},"_links":{"self":[{"href":"https:\/\/archiwum.invest-park.com.pl\/en\/wp-json\/wp\/v2\/posts\/6561","targetHints":{"allow":["GET"]}}],"collection":[{"href":"https:\/\/archiwum.invest-park.com.pl\/en\/wp-json\/wp\/v2\/posts"}],"about":[{"href":"https:\/\/archiwum.invest-park.com.pl\/en\/wp-json\/wp\/v2\/types\/post"}],"author":[{"embeddable":true,"href":"https:\/\/archiwum.invest-park.com.pl\/en\/wp-json\/wp\/v2\/users\/1"}],"replies":[{"embeddable":true,"href":"https:\/\/archiwum.invest-park.com.pl\/en\/wp-json\/wp\/v2\/comments?post=6561"}],"version-history":[{"count":2,"href":"https:\/\/archiwum.invest-park.com.pl\/en\/wp-json\/wp\/v2\/posts\/6561\/revisions"}],"predecessor-version":[{"id":6563,"href":"https:\/\/archiwum.invest-park.com.pl\/en\/wp-json\/wp\/v2\/posts\/6561\/revisions\/6563"}],"wp:featuredmedia":[{"embeddable":true,"href":"https:\/\/archiwum.invest-park.com.pl\/en\/wp-json\/wp\/v2\/media\/6507"}],"wp:attachment":[{"href":"https:\/\/archiwum.invest-park.com.pl\/en\/wp-json\/wp\/v2\/media?parent=6561"}],"wp:term":[{"taxonomy":"category","embeddable":true,"href":"https:\/\/archiwum.invest-park.com.pl\/en\/wp-json\/wp\/v2\/categories?post=6561"},{"taxonomy":"post_tag","embeddable":true,"href":"https:\/\/archiwum.invest-park.com.pl\/en\/wp-json\/wp\/v2\/tags?post=6561"}],"curies":[{"name":"wp","href":"https:\/\/api.w.org\/{rel}","templated":true}]}}