{"id":6393,"date":"2016-08-22T14:44:47","date_gmt":"2016-08-22T12:44:47","guid":{"rendered":"https:\/\/invest-park.com.pl\/?p=6393"},"modified":"2016-08-23T09:45:18","modified_gmt":"2016-08-23T07:45:18","slug":"sitech-begins-the-production-for-volkswagen","status":"publish","type":"post","link":"https:\/\/archiwum.invest-park.com.pl\/en\/blog\/2016\/08\/22\/sitech-begins-the-production-for-volkswagen\/","title":{"rendered":"Sitech begins the production for Volkswagen"},"content":{"rendered":"<p><strong>The Sitech company is about to begin the production of car seats for Volkswagen in Wrze\u015bnia. Sitech\u2019s facility is located in a production hall built by the Wa\u0142brzych Special Economic Zone in close proximity to the premises owned by the German motorization giant. Volkswagen\u2019s subsidiary is going to employ over 80 people.<\/strong><!--more--><\/p>\n<p><a href=\"https:\/\/archiwum.invest-park.com.pl\/blog\/2016\/08\/22\/sitech-rozpocznie-produkcje-dla-volkswagena\/hala-przemyslowa-wybudowana-przez-wsse-we-wrzesni\/\" rel=\"attachment wp-att-6388\"><img loading=\"lazy\" decoding=\"async\" class=\"alignnone wp-image-6388 size-large\" src=\"https:\/\/archiwum.invest-park.com.pl\/wp-content\/uploads\/2016\/08\/Hala-przemys\u0142owa-wybudowana-przez-WSSE-we-Wrze\u015bni-e1471861081284-1024x419.jpg\" alt=\"Hala przemys\u0142owa wybudowana przez WSSE we Wrze\u015bni\" width=\"1024\" height=\"419\" \/><\/a><\/p>\n<p>Sitech, a company belonging to the Volkswagen group, is a producer of car seat components and complete seats. The firm was set up in 1998. At present it employs around 5,000 workers in seven factories, three of which are located in Poland.<\/p>\n<blockquote><p>\u201cThe Wrze\u015bnia factory is going to be our first Polish facility that will make complete car seats. The development of our competences in Poland has strategic importance for our future,\u201d said Thomas Hegel Gunther, President of the Board of Sitech, during the opening ceremony.<\/p><\/blockquote>\n<p>The production of car seats for the Crafter model will be launched this fall. Thanks to the proximity of Volkswagen\u2019s plant, the seats will be delivered in the Just in Sequence system, directly to the production line. More than 100 thousand seats per year will come off the line.<\/p>\n<blockquote><p>\u201cWrze\u015bnia offers perfect conditions for our new facility in terms of infrastructure and labor market policies,\u201d said Adam Holewa, Managing Technical Director and Director of Sitech in Poland. \u201cBy creating more than 80 jobs, we are contributing to the economic development of the region.\u201d<\/p><\/blockquote>\n<p>The factory occupies part of a production floor that was constructed by the Wa\u0142brzych Special Economic Zone. The other half of the facility (ca. 5,000 m2) can still be rented by investors. In total, there are 90 ha of land still available in the Wrze\u015bnia Economic Activity Zone near Volkswagen\u2019s plant. Entrepreneurs operating in the WSEZ are eligible for tax exemptions of up to 45% of capital expenditure or labor cost in the first two years.<\/p>\n<p><a href=\"https:\/\/archiwum.invest-park.com.pl\/blog\/2016\/08\/22\/sitech-rozpocznie-produkcje-dla-volkswagena\/uroczystosc-otwarcia-zakladu-sitech-we-wrzesni\/\" rel=\"attachment wp-att-6387\"><img loading=\"lazy\" decoding=\"async\" class=\"alignnone wp-image-6387 size-large\" src=\"https:\/\/archiwum.invest-park.com.pl\/wp-content\/uploads\/2016\/08\/Uroczysto\u015b\u0107-otwarcia-zak\u0142adu-Sitech-we-Wrze\u015bni-1024x678.jpg\" alt=\"Uroczysto\u015b\u0107 otwarcia zak\u0142adu Sitech we Wrze\u015bni\" width=\"1024\" height=\"678\" srcset=\"https:\/\/archiwum.invest-park.com.pl\/wp-content\/uploads\/2016\/08\/Uroczysto\u015b\u0107-otwarcia-zak\u0142adu-Sitech-we-Wrze\u015bni-1024x678.jpg 1024w, https:\/\/archiwum.invest-park.com.pl\/wp-content\/uploads\/2016\/08\/Uroczysto\u015b\u0107-otwarcia-zak\u0142adu-Sitech-we-Wrze\u015bni-270x179.jpg 270w, https:\/\/archiwum.invest-park.com.pl\/wp-content\/uploads\/2016\/08\/Uroczysto\u015b\u0107-otwarcia-zak\u0142adu-Sitech-we-Wrze\u015bni-300x199.jpg 300w, https:\/\/archiwum.invest-park.com.pl\/wp-content\/uploads\/2016\/08\/Uroczysto\u015b\u0107-otwarcia-zak\u0142adu-Sitech-we-Wrze\u015bni-768x509.jpg 768w, https:\/\/archiwum.invest-park.com.pl\/wp-content\/uploads\/2016\/08\/Uroczysto\u015b\u0107-otwarcia-zak\u0142adu-Sitech-we-Wrze\u015bni-393x260.jpg 393w, https:\/\/archiwum.invest-park.com.pl\/wp-content\/uploads\/2016\/08\/Uroczysto\u015b\u0107-otwarcia-zak\u0142adu-Sitech-we-Wrze\u015bni-600x397.jpg 600w\" sizes=\"auto, (max-width: 1024px) 100vw, 1024px\" \/><\/a><\/p>\n<p><a href=\"https:\/\/archiwum.invest-park.com.pl\/blog\/2016\/08\/22\/sitech-rozpocznie-produkcje-dla-volkswagena\/thomas-hegel-gunther-prezes-zarzadu-sitech\/\" rel=\"attachment wp-att-6386\"><img loading=\"lazy\" decoding=\"async\" class=\"alignnone wp-image-6386 size-large\" src=\"https:\/\/archiwum.invest-park.com.pl\/wp-content\/uploads\/2016\/08\/Thomas-Hegel-Gunther-prezes-zarz\u0105du-Sitech-678x1024.jpg\" alt=\"Thomas Hegel Gunther prezes zarz\u0105du Sitech\" width=\"678\" height=\"1024\" srcset=\"https:\/\/archiwum.invest-park.com.pl\/wp-content\/uploads\/2016\/08\/Thomas-Hegel-Gunther-prezes-zarz\u0105du-Sitech-678x1024.jpg 678w, https:\/\/archiwum.invest-park.com.pl\/wp-content\/uploads\/2016\/08\/Thomas-Hegel-Gunther-prezes-zarz\u0105du-Sitech-179x270.jpg 179w, https:\/\/archiwum.invest-park.com.pl\/wp-content\/uploads\/2016\/08\/Thomas-Hegel-Gunther-prezes-zarz\u0105du-Sitech-199x300.jpg 199w, https:\/\/archiwum.invest-park.com.pl\/wp-content\/uploads\/2016\/08\/Thomas-Hegel-Gunther-prezes-zarz\u0105du-Sitech-768x1160.jpg 768w, https:\/\/archiwum.invest-park.com.pl\/wp-content\/uploads\/2016\/08\/Thomas-Hegel-Gunther-prezes-zarz\u0105du-Sitech-600x906.jpg 600w, https:\/\/archiwum.invest-park.com.pl\/wp-content\/uploads\/2016\/08\/Thomas-Hegel-Gunther-prezes-zarz\u0105du-Sitech-393x593.jpg 393w\" sizes=\"auto, (max-width: 678px) 100vw, 678px\" \/><\/a><\/p>\n<p><a href=\"https:\/\/archiwum.invest-park.com.pl\/blog\/2016\/08\/22\/sitech-rozpocznie-produkcje-dla-volkswagena\/adam-holewa-dyrektor-zakladu-sitech-w-polsce\/\" rel=\"attachment wp-att-6385\"><img loading=\"lazy\" decoding=\"async\" class=\"alignnone wp-image-6385 size-large\" src=\"https:\/\/archiwum.invest-park.com.pl\/wp-content\/uploads\/2016\/08\/Adam-Holewa-Dyrektor-Zak\u0142adu-Sitech-w-Polsce-1024x678.jpg\" alt=\"Adam Holewa Dyrektor Zak\u0142adu Sitech w Polsce\" width=\"1024\" height=\"678\" srcset=\"https:\/\/archiwum.invest-park.com.pl\/wp-content\/uploads\/2016\/08\/Adam-Holewa-Dyrektor-Zak\u0142adu-Sitech-w-Polsce-1024x678.jpg 1024w, https:\/\/archiwum.invest-park.com.pl\/wp-content\/uploads\/2016\/08\/Adam-Holewa-Dyrektor-Zak\u0142adu-Sitech-w-Polsce-270x179.jpg 270w, https:\/\/archiwum.invest-park.com.pl\/wp-content\/uploads\/2016\/08\/Adam-Holewa-Dyrektor-Zak\u0142adu-Sitech-w-Polsce-300x199.jpg 300w, https:\/\/archiwum.invest-park.com.pl\/wp-content\/uploads\/2016\/08\/Adam-Holewa-Dyrektor-Zak\u0142adu-Sitech-w-Polsce-768x509.jpg 768w, https:\/\/archiwum.invest-park.com.pl\/wp-content\/uploads\/2016\/08\/Adam-Holewa-Dyrektor-Zak\u0142adu-Sitech-w-Polsce-393x260.jpg 393w, https:\/\/archiwum.invest-park.com.pl\/wp-content\/uploads\/2016\/08\/Adam-Holewa-Dyrektor-Zak\u0142adu-Sitech-w-Polsce-600x397.jpg 600w\" sizes=\"auto, (max-width: 1024px) 100vw, 1024px\" \/><\/a><\/p>\n<p>&nbsp;<\/p>\n","protected":false},"excerpt":{"rendered":"<p>The Sitech company is about to begin the production of car seats for Volkswagen in Wrze\u015bnia. Sitech\u2019s facility is located in a production hall built by the Wa\u0142brzych Special Economic Zone in close proximity to the premises owned by the German motorization giant. Volkswagen\u2019s subsidiary is going to employ over 80 people. <\/p>\n<p class=\"text-right\"><a class=\"btn btn-secondary understrap-read-more-link\" href=\"https:\/\/archiwum.invest-park.com.pl\/en\/blog\/2016\/08\/22\/sitech-begins-the-production-for-volkswagen\/\">Read More&#8230;<\/a><\/p>\n","protected":false},"author":1,"featured_media":6388,"comment_status":"open","ping_status":"closed","sticky":false,"template":"","format":"standard","meta":{"_acf_changed":false,"footnotes":""},"categories":[85],"tags":[],"class_list":["post-6393","post","type-post","status-publish","format-standard","has-post-thumbnail","hentry","category-news"],"acf":[],"yoast_head":"<!-- This site is optimized with the Yoast SEO plugin v27.5 - https:\/\/yoast.com\/product\/yoast-seo-wordpress\/ -->\n<title>Sitech begins the production for Volkswagen - WSSE &quot;INVEST-PARK&quot;. Wa\u0142brzyska Specjalna Strefa Ekonomiczna &quot;INVEST-PARK&quot;.<\/title>\n<meta name=\"robots\" content=\"index, follow, max-snippet:-1, max-image-preview:large, max-video-preview:-1\" \/>\n<link rel=\"canonical\" href=\"https:\/\/archiwum.invest-park.com.pl\/en\/blog\/2016\/08\/22\/sitech-begins-the-production-for-volkswagen\/\" \/>\n<meta property=\"og:locale\" content=\"en_US\" \/>\n<meta property=\"og:type\" content=\"article\" \/>\n<meta property=\"og:title\" content=\"Sitech begins the production for Volkswagen - WSSE &quot;INVEST-PARK&quot;. Wa\u0142brzyska Specjalna Strefa Ekonomiczna &quot;INVEST-PARK&quot;.\" \/>\n<meta property=\"og:description\" content=\"The Sitech company is about to begin the production of car seats for Volkswagen in Wrze\u015bnia. Sitech\u2019s facility is located in a production hall built by the Wa\u0142brzych Special Economic Zone in close proximity to the premises owned by the German motorization giant. Volkswagen\u2019s subsidiary is going to employ over 80 people. Read More...\" \/>\n<meta property=\"og:url\" content=\"https:\/\/archiwum.invest-park.com.pl\/en\/blog\/2016\/08\/22\/sitech-begins-the-production-for-volkswagen\/\" \/>\n<meta property=\"og:site_name\" content=\"WSSE &quot;INVEST-PARK&quot;. Wa\u0142brzyska Specjalna Strefa Ekonomiczna &quot;INVEST-PARK&quot;.\" \/>\n<meta property=\"article:published_time\" content=\"2016-08-22T12:44:47+00:00\" \/>\n<meta property=\"article:modified_time\" content=\"2016-08-23T07:45:18+00:00\" \/>\n<meta property=\"og:image\" content=\"https:\/\/archiwum.invest-park.com.pl\/wp-content\/uploads\/2016\/08\/Hala-przemys\u0142owa-wybudowana-przez-WSSE-we-Wrze\u015bni-e1471861081284.jpg\" \/>\n\t<meta property=\"og:image:width\" content=\"4928\" \/>\n\t<meta property=\"og:image:height\" content=\"2020\" \/>\n\t<meta property=\"og:image:type\" content=\"image\/jpeg\" \/>\n<meta name=\"author\" content=\"Pion IT\" \/>\n<meta name=\"twitter:label1\" content=\"Written by\" \/>\n\t<meta name=\"twitter:data1\" content=\"Pion IT\" \/>\n\t<meta name=\"twitter:label2\" content=\"Est. reading time\" \/>\n\t<meta name=\"twitter:data2\" content=\"2 minutes\" \/>\n<script type=\"application\/ld+json\" class=\"yoast-schema-graph\">{\"@context\":\"https:\\\/\\\/schema.org\",\"@graph\":[{\"@type\":\"Article\",\"@id\":\"https:\\\/\\\/archiwum.invest-park.com.pl\\\/en\\\/blog\\\/2016\\\/08\\\/22\\\/sitech-begins-the-production-for-volkswagen\\\/#article\",\"isPartOf\":{\"@id\":\"https:\\\/\\\/archiwum.invest-park.com.pl\\\/en\\\/blog\\\/2016\\\/08\\\/22\\\/sitech-begins-the-production-for-volkswagen\\\/\"},\"author\":{\"name\":\"Pion IT\",\"@id\":\"https:\\\/\\\/archiwum.invest-park.com.pl\\\/#\\\/schema\\\/person\\\/e1a25243ece3d709f69b2f07f15f97bd\"},\"headline\":\"Sitech begins the production for Volkswagen\",\"datePublished\":\"2016-08-22T12:44:47+00:00\",\"dateModified\":\"2016-08-23T07:45:18+00:00\",\"mainEntityOfPage\":{\"@id\":\"https:\\\/\\\/archiwum.invest-park.com.pl\\\/en\\\/blog\\\/2016\\\/08\\\/22\\\/sitech-begins-the-production-for-volkswagen\\\/\"},\"wordCount\":316,\"commentCount\":0,\"image\":{\"@id\":\"https:\\\/\\\/archiwum.invest-park.com.pl\\\/en\\\/blog\\\/2016\\\/08\\\/22\\\/sitech-begins-the-production-for-volkswagen\\\/#primaryimage\"},\"thumbnailUrl\":\"https:\\\/\\\/archiwum.invest-park.com.pl\\\/wp-content\\\/uploads\\\/2016\\\/08\\\/Hala-przemys\u0142owa-wybudowana-przez-WSSE-we-Wrze\u015bni-e1471861081284.jpg\",\"articleSection\":[\"News\"],\"inLanguage\":\"en-US\",\"potentialAction\":[{\"@type\":\"CommentAction\",\"name\":\"Comment\",\"target\":[\"https:\\\/\\\/archiwum.invest-park.com.pl\\\/en\\\/blog\\\/2016\\\/08\\\/22\\\/sitech-begins-the-production-for-volkswagen\\\/#respond\"]}]},{\"@type\":\"WebPage\",\"@id\":\"https:\\\/\\\/archiwum.invest-park.com.pl\\\/en\\\/blog\\\/2016\\\/08\\\/22\\\/sitech-begins-the-production-for-volkswagen\\\/\",\"url\":\"https:\\\/\\\/archiwum.invest-park.com.pl\\\/en\\\/blog\\\/2016\\\/08\\\/22\\\/sitech-begins-the-production-for-volkswagen\\\/\",\"name\":\"Sitech begins the production for Volkswagen - WSSE &quot;INVEST-PARK&quot;. Wa\u0142brzyska Specjalna Strefa Ekonomiczna &quot;INVEST-PARK&quot;.\",\"isPartOf\":{\"@id\":\"https:\\\/\\\/archiwum.invest-park.com.pl\\\/#website\"},\"primaryImageOfPage\":{\"@id\":\"https:\\\/\\\/archiwum.invest-park.com.pl\\\/en\\\/blog\\\/2016\\\/08\\\/22\\\/sitech-begins-the-production-for-volkswagen\\\/#primaryimage\"},\"image\":{\"@id\":\"https:\\\/\\\/archiwum.invest-park.com.pl\\\/en\\\/blog\\\/2016\\\/08\\\/22\\\/sitech-begins-the-production-for-volkswagen\\\/#primaryimage\"},\"thumbnailUrl\":\"https:\\\/\\\/archiwum.invest-park.com.pl\\\/wp-content\\\/uploads\\\/2016\\\/08\\\/Hala-przemys\u0142owa-wybudowana-przez-WSSE-we-Wrze\u015bni-e1471861081284.jpg\",\"datePublished\":\"2016-08-22T12:44:47+00:00\",\"dateModified\":\"2016-08-23T07:45:18+00:00\",\"author\":{\"@id\":\"https:\\\/\\\/archiwum.invest-park.com.pl\\\/#\\\/schema\\\/person\\\/e1a25243ece3d709f69b2f07f15f97bd\"},\"breadcrumb\":{\"@id\":\"https:\\\/\\\/archiwum.invest-park.com.pl\\\/en\\\/blog\\\/2016\\\/08\\\/22\\\/sitech-begins-the-production-for-volkswagen\\\/#breadcrumb\"},\"inLanguage\":\"en-US\",\"potentialAction\":[{\"@type\":\"ReadAction\",\"target\":[\"https:\\\/\\\/archiwum.invest-park.com.pl\\\/en\\\/blog\\\/2016\\\/08\\\/22\\\/sitech-begins-the-production-for-volkswagen\\\/\"]}]},{\"@type\":\"ImageObject\",\"inLanguage\":\"en-US\",\"@id\":\"https:\\\/\\\/archiwum.invest-park.com.pl\\\/en\\\/blog\\\/2016\\\/08\\\/22\\\/sitech-begins-the-production-for-volkswagen\\\/#primaryimage\",\"url\":\"https:\\\/\\\/archiwum.invest-park.com.pl\\\/wp-content\\\/uploads\\\/2016\\\/08\\\/Hala-przemys\u0142owa-wybudowana-przez-WSSE-we-Wrze\u015bni-e1471861081284.jpg\",\"contentUrl\":\"https:\\\/\\\/archiwum.invest-park.com.pl\\\/wp-content\\\/uploads\\\/2016\\\/08\\\/Hala-przemys\u0142owa-wybudowana-przez-WSSE-we-Wrze\u015bni-e1471861081284.jpg\",\"width\":4928,\"height\":2020},{\"@type\":\"BreadcrumbList\",\"@id\":\"https:\\\/\\\/archiwum.invest-park.com.pl\\\/en\\\/blog\\\/2016\\\/08\\\/22\\\/sitech-begins-the-production-for-volkswagen\\\/#breadcrumb\",\"itemListElement\":[{\"@type\":\"ListItem\",\"position\":1,\"name\":\"Strona g\u0142\u00f3wna\",\"item\":\"https:\\\/\\\/archiwum.invest-park.com.pl\\\/en\\\/\"},{\"@type\":\"ListItem\",\"position\":2,\"name\":\"Sitech begins the production for Volkswagen\"}]},{\"@type\":\"WebSite\",\"@id\":\"https:\\\/\\\/archiwum.invest-park.com.pl\\\/#website\",\"url\":\"https:\\\/\\\/archiwum.invest-park.com.pl\\\/\",\"name\":\"WSSE &quot;INVEST-PARK&quot;. Wa\u0142brzyska Specjalna Strefa Ekonomiczna &quot;INVEST-PARK&quot;.\",\"description\":\"Wa\u0142brzyska Specjalna Strefa Ekonomiczna to jedna z najwi\u0119kszych i najdynamiczniej rozwijaj\u0105cych si\u0119 stref ekonomicznych w Polsce | Znajd\u017a tereny inwestycyjne z ulgami podatkowymi | Dzia\u0142ki inwestycyjne | Tereny inwestycyjne | Strefy ekonomiczne w Polsce | Invest in Poland in Special Economic Zone\",\"potentialAction\":[{\"@type\":\"SearchAction\",\"target\":{\"@type\":\"EntryPoint\",\"urlTemplate\":\"https:\\\/\\\/archiwum.invest-park.com.pl\\\/?s={search_term_string}\"},\"query-input\":{\"@type\":\"PropertyValueSpecification\",\"valueRequired\":true,\"valueName\":\"search_term_string\"}}],\"inLanguage\":\"en-US\"},{\"@type\":\"Person\",\"@id\":\"https:\\\/\\\/archiwum.invest-park.com.pl\\\/#\\\/schema\\\/person\\\/e1a25243ece3d709f69b2f07f15f97bd\",\"name\":\"Pion IT\",\"image\":{\"@type\":\"ImageObject\",\"inLanguage\":\"en-US\",\"@id\":\"https:\\\/\\\/secure.gravatar.com\\\/avatar\\\/c98fecba299a4b313b2b82702b1a69330e83b1d8288898b0d5a717c2eeeba508?s=96&d=mm&r=g\",\"url\":\"https:\\\/\\\/secure.gravatar.com\\\/avatar\\\/c98fecba299a4b313b2b82702b1a69330e83b1d8288898b0d5a717c2eeeba508?s=96&d=mm&r=g\",\"contentUrl\":\"https:\\\/\\\/secure.gravatar.com\\\/avatar\\\/c98fecba299a4b313b2b82702b1a69330e83b1d8288898b0d5a717c2eeeba508?s=96&d=mm&r=g\",\"caption\":\"Pion IT\"}}]}<\/script>\n<!-- \/ Yoast SEO plugin. -->","yoast_head_json":{"title":"Sitech begins the production for Volkswagen - WSSE &quot;INVEST-PARK&quot;. Wa\u0142brzyska Specjalna Strefa Ekonomiczna &quot;INVEST-PARK&quot;.","robots":{"index":"index","follow":"follow","max-snippet":"max-snippet:-1","max-image-preview":"max-image-preview:large","max-video-preview":"max-video-preview:-1"},"canonical":"https:\/\/archiwum.invest-park.com.pl\/en\/blog\/2016\/08\/22\/sitech-begins-the-production-for-volkswagen\/","og_locale":"en_US","og_type":"article","og_title":"Sitech begins the production for Volkswagen - WSSE &quot;INVEST-PARK&quot;. Wa\u0142brzyska Specjalna Strefa Ekonomiczna &quot;INVEST-PARK&quot;.","og_description":"The Sitech company is about to begin the production of car seats for Volkswagen in Wrze\u015bnia. Sitech\u2019s facility is located in a production hall built by the Wa\u0142brzych Special Economic Zone in close proximity to the premises owned by the German motorization giant. Volkswagen\u2019s subsidiary is going to employ over 80 people. Read More...","og_url":"https:\/\/archiwum.invest-park.com.pl\/en\/blog\/2016\/08\/22\/sitech-begins-the-production-for-volkswagen\/","og_site_name":"WSSE &quot;INVEST-PARK&quot;. Wa\u0142brzyska Specjalna Strefa Ekonomiczna &quot;INVEST-PARK&quot;.","article_published_time":"2016-08-22T12:44:47+00:00","article_modified_time":"2016-08-23T07:45:18+00:00","og_image":[{"width":4928,"height":2020,"url":"https:\/\/archiwum.invest-park.com.pl\/wp-content\/uploads\/2016\/08\/Hala-przemys\u0142owa-wybudowana-przez-WSSE-we-Wrze\u015bni-e1471861081284.jpg","type":"image\/jpeg"}],"author":"Pion IT","twitter_misc":{"Written by":"Pion IT","Est. reading time":"2 minutes"},"schema":{"@context":"https:\/\/schema.org","@graph":[{"@type":"Article","@id":"https:\/\/archiwum.invest-park.com.pl\/en\/blog\/2016\/08\/22\/sitech-begins-the-production-for-volkswagen\/#article","isPartOf":{"@id":"https:\/\/archiwum.invest-park.com.pl\/en\/blog\/2016\/08\/22\/sitech-begins-the-production-for-volkswagen\/"},"author":{"name":"Pion IT","@id":"https:\/\/archiwum.invest-park.com.pl\/#\/schema\/person\/e1a25243ece3d709f69b2f07f15f97bd"},"headline":"Sitech begins the production for Volkswagen","datePublished":"2016-08-22T12:44:47+00:00","dateModified":"2016-08-23T07:45:18+00:00","mainEntityOfPage":{"@id":"https:\/\/archiwum.invest-park.com.pl\/en\/blog\/2016\/08\/22\/sitech-begins-the-production-for-volkswagen\/"},"wordCount":316,"commentCount":0,"image":{"@id":"https:\/\/archiwum.invest-park.com.pl\/en\/blog\/2016\/08\/22\/sitech-begins-the-production-for-volkswagen\/#primaryimage"},"thumbnailUrl":"https:\/\/archiwum.invest-park.com.pl\/wp-content\/uploads\/2016\/08\/Hala-przemys\u0142owa-wybudowana-przez-WSSE-we-Wrze\u015bni-e1471861081284.jpg","articleSection":["News"],"inLanguage":"en-US","potentialAction":[{"@type":"CommentAction","name":"Comment","target":["https:\/\/archiwum.invest-park.com.pl\/en\/blog\/2016\/08\/22\/sitech-begins-the-production-for-volkswagen\/#respond"]}]},{"@type":"WebPage","@id":"https:\/\/archiwum.invest-park.com.pl\/en\/blog\/2016\/08\/22\/sitech-begins-the-production-for-volkswagen\/","url":"https:\/\/archiwum.invest-park.com.pl\/en\/blog\/2016\/08\/22\/sitech-begins-the-production-for-volkswagen\/","name":"Sitech begins the production for Volkswagen - WSSE &quot;INVEST-PARK&quot;. Wa\u0142brzyska Specjalna Strefa Ekonomiczna &quot;INVEST-PARK&quot;.","isPartOf":{"@id":"https:\/\/archiwum.invest-park.com.pl\/#website"},"primaryImageOfPage":{"@id":"https:\/\/archiwum.invest-park.com.pl\/en\/blog\/2016\/08\/22\/sitech-begins-the-production-for-volkswagen\/#primaryimage"},"image":{"@id":"https:\/\/archiwum.invest-park.com.pl\/en\/blog\/2016\/08\/22\/sitech-begins-the-production-for-volkswagen\/#primaryimage"},"thumbnailUrl":"https:\/\/archiwum.invest-park.com.pl\/wp-content\/uploads\/2016\/08\/Hala-przemys\u0142owa-wybudowana-przez-WSSE-we-Wrze\u015bni-e1471861081284.jpg","datePublished":"2016-08-22T12:44:47+00:00","dateModified":"2016-08-23T07:45:18+00:00","author":{"@id":"https:\/\/archiwum.invest-park.com.pl\/#\/schema\/person\/e1a25243ece3d709f69b2f07f15f97bd"},"breadcrumb":{"@id":"https:\/\/archiwum.invest-park.com.pl\/en\/blog\/2016\/08\/22\/sitech-begins-the-production-for-volkswagen\/#breadcrumb"},"inLanguage":"en-US","potentialAction":[{"@type":"ReadAction","target":["https:\/\/archiwum.invest-park.com.pl\/en\/blog\/2016\/08\/22\/sitech-begins-the-production-for-volkswagen\/"]}]},{"@type":"ImageObject","inLanguage":"en-US","@id":"https:\/\/archiwum.invest-park.com.pl\/en\/blog\/2016\/08\/22\/sitech-begins-the-production-for-volkswagen\/#primaryimage","url":"https:\/\/archiwum.invest-park.com.pl\/wp-content\/uploads\/2016\/08\/Hala-przemys\u0142owa-wybudowana-przez-WSSE-we-Wrze\u015bni-e1471861081284.jpg","contentUrl":"https:\/\/archiwum.invest-park.com.pl\/wp-content\/uploads\/2016\/08\/Hala-przemys\u0142owa-wybudowana-przez-WSSE-we-Wrze\u015bni-e1471861081284.jpg","width":4928,"height":2020},{"@type":"BreadcrumbList","@id":"https:\/\/archiwum.invest-park.com.pl\/en\/blog\/2016\/08\/22\/sitech-begins-the-production-for-volkswagen\/#breadcrumb","itemListElement":[{"@type":"ListItem","position":1,"name":"Strona g\u0142\u00f3wna","item":"https:\/\/archiwum.invest-park.com.pl\/en\/"},{"@type":"ListItem","position":2,"name":"Sitech begins the production for Volkswagen"}]},{"@type":"WebSite","@id":"https:\/\/archiwum.invest-park.com.pl\/#website","url":"https:\/\/archiwum.invest-park.com.pl\/","name":"WSSE &quot;INVEST-PARK&quot;. Wa\u0142brzyska Specjalna Strefa Ekonomiczna &quot;INVEST-PARK&quot;.","description":"Wa\u0142brzyska Specjalna Strefa Ekonomiczna to jedna z najwi\u0119kszych i najdynamiczniej rozwijaj\u0105cych si\u0119 stref ekonomicznych w Polsce | Znajd\u017a tereny inwestycyjne z ulgami podatkowymi | Dzia\u0142ki inwestycyjne | Tereny inwestycyjne | Strefy ekonomiczne w Polsce | Invest in Poland in Special Economic Zone","potentialAction":[{"@type":"SearchAction","target":{"@type":"EntryPoint","urlTemplate":"https:\/\/archiwum.invest-park.com.pl\/?s={search_term_string}"},"query-input":{"@type":"PropertyValueSpecification","valueRequired":true,"valueName":"search_term_string"}}],"inLanguage":"en-US"},{"@type":"Person","@id":"https:\/\/archiwum.invest-park.com.pl\/#\/schema\/person\/e1a25243ece3d709f69b2f07f15f97bd","name":"Pion IT","image":{"@type":"ImageObject","inLanguage":"en-US","@id":"https:\/\/secure.gravatar.com\/avatar\/c98fecba299a4b313b2b82702b1a69330e83b1d8288898b0d5a717c2eeeba508?s=96&d=mm&r=g","url":"https:\/\/secure.gravatar.com\/avatar\/c98fecba299a4b313b2b82702b1a69330e83b1d8288898b0d5a717c2eeeba508?s=96&d=mm&r=g","contentUrl":"https:\/\/secure.gravatar.com\/avatar\/c98fecba299a4b313b2b82702b1a69330e83b1d8288898b0d5a717c2eeeba508?s=96&d=mm&r=g","caption":"Pion IT"}}]}},"_links":{"self":[{"href":"https:\/\/archiwum.invest-park.com.pl\/en\/wp-json\/wp\/v2\/posts\/6393","targetHints":{"allow":["GET"]}}],"collection":[{"href":"https:\/\/archiwum.invest-park.com.pl\/en\/wp-json\/wp\/v2\/posts"}],"about":[{"href":"https:\/\/archiwum.invest-park.com.pl\/en\/wp-json\/wp\/v2\/types\/post"}],"author":[{"embeddable":true,"href":"https:\/\/archiwum.invest-park.com.pl\/en\/wp-json\/wp\/v2\/users\/1"}],"replies":[{"embeddable":true,"href":"https:\/\/archiwum.invest-park.com.pl\/en\/wp-json\/wp\/v2\/comments?post=6393"}],"version-history":[{"count":1,"href":"https:\/\/archiwum.invest-park.com.pl\/en\/wp-json\/wp\/v2\/posts\/6393\/revisions"}],"predecessor-version":[{"id":6394,"href":"https:\/\/archiwum.invest-park.com.pl\/en\/wp-json\/wp\/v2\/posts\/6393\/revisions\/6394"}],"wp:featuredmedia":[{"embeddable":true,"href":"https:\/\/archiwum.invest-park.com.pl\/en\/wp-json\/wp\/v2\/media\/6388"}],"wp:attachment":[{"href":"https:\/\/archiwum.invest-park.com.pl\/en\/wp-json\/wp\/v2\/media?parent=6393"}],"wp:term":[{"taxonomy":"category","embeddable":true,"href":"https:\/\/archiwum.invest-park.com.pl\/en\/wp-json\/wp\/v2\/categories?post=6393"},{"taxonomy":"post_tag","embeddable":true,"href":"https:\/\/archiwum.invest-park.com.pl\/en\/wp-json\/wp\/v2\/tags?post=6393"}],"curies":[{"name":"wp","href":"https:\/\/api.w.org\/{rel}","templated":true}]}}