{"id":6303,"date":"2016-07-12T14:27:49","date_gmt":"2016-07-12T12:27:49","guid":{"rendered":"https:\/\/invest-park.com.pl\/?p=6303"},"modified":"2018-05-28T10:38:56","modified_gmt":"2018-05-28T08:38:56","slug":"new-jobs-in-the-walbrzych-zone-2","status":"publish","type":"post","link":"https:\/\/archiwum.invest-park.com.pl\/en\/blog\/2016\/07\/12\/new-jobs-in-the-walbrzych-zone-2\/","title":{"rendered":"New jobs in the Wa\u0142brzych zone"},"content":{"rendered":"<p><strong>Over 400 jobs will be generated by 16 entrepreneurs who have decided to invest in the Wa\u0142brzych zone in the first half-year of 2016. The ceremony of granting the permits to conduct business activity, accompanied by an official banquet, was held at the Ksi\u0105\u017c Castle. The event was attended by Deputy Minister of Development Tadeusz Ko\u015bci\u0144ski, Lower Silesian authorities and representatives of self-governments.<\/strong><!--more--><\/p>\n<blockquote><p>\u201cWe want the Polish economy not to be oriented at cheap production, but to enter the phase of innovativeness. It makes us happy that the new investment projects to be carried out in the Wa\u0142brzych zone are also connected with the new technologies,\u201d emphasised Mr. Ko\u015bci\u0144ski, Undersecretary of State at the Ministry of Development.<\/p><\/blockquote>\n<p>During the gala, entrepreneurs were presented with the permits to conduct business activity in the Wa\u0142brzych zone by Mr. Ko\u015bci\u0144ski, President of the Wa\u0142brzych Special Economic Zone Maciej Badora, and Deputy President Micha\u0142 Szuka\u0142a.<\/p>\n<p>Eleven out of sixteen permits are connected with investments in Dolno\u015bl\u0105skie Province. The Wa\u0142brzych zone covers 2,060 ha of land in 26 subzones in this province; almost half of it remains at the disposal of entrepreneurs.<\/p>\n<blockquote><p>\u201cI am convinced that you have decided to d business in one of the most attractive destinations in Europe,\u201d Kamil Zieli\u0144ski, Deputy Governor of Dolno\u015bl\u0105skie Province, told the entrepreneurs attending the event. \u201cThe presence of central government representatives at this ceremony means that we will do our best to help you to constantly develop,\u201d he added.<\/p><\/blockquote>\n<p>Two new investment projects will be carried out in the Wroc\u0142aw subzone. There are currently 17 tenants functioning there, who have incurred PLN 1.8 billion of capital expenditure and employ over 8,300 people.<\/p>\n<p>In Wroc\u0142aw, BSH Sprz\u0119t Gospodarstwa Domowego, a manufacturer of home appliances, will expand its facility. At a cost of PLN 76 million, the company will increase the number of employees by at least 150 people. It has already been the second permit received by the German producer; the company\u2019s total capital expenditure has exceeded PLN 152 million and it employs 450 people.<\/p>\n<p>The second permit to conduct business activity was also issued to HSV Polska, a Dutch company planning to expand its facility in order to increase production volumes. The plant produces packaging, technical components and Styrofoam insulation of domestic appliances. At least five jobs will be generated as a result of the expansion, while the cost of the project will exceed PLN 1 million.<\/p>\n<p>In Dzier\u017coni\u00f3w, BROEN S.A. will carry out another investment project intended to expand its production floor. The new plant will increase the production volumes of valves used in heating, air conditioning, gas and other industrial installations. The cost of the investment will exceed PLN 12 million and 10 new employees will be taken on.<\/p>\n<blockquote><p>\u201cI am an inhabitant of Dzier\u017coni\u00f3w and a local patriot. We have decided to invest in the town again in order to make it more difficult for our shareholders to leave it,\u201d jokingly said Ryszard Krzy\u015bk\u00f3w, President of the Board.<\/p><\/blockquote>\n<p>In Bielawa, Jamtex will erect a facility for production of bed linen, tablecloths, towels and curtains. The Polish company will employ at least 25 people and incur capital expenditure exceeding PLN 2 million.<\/p>\n<p>Two investments will be carried out in K\u0142odzko. Wessel-Poliamid will construct a factory producing components for vacuum cleaners, especially nozzles and pipes. The Polish-German firm will invest over PLN 25 million and generate minimum 100 jobs.<\/p>\n<blockquote><p>\u201cI believe it won\u2019t be our last word and last permit to operate in the zone,\u201d said Marcin Depczyk, President of the Board.<\/p><\/blockquote>\n<p>Also in K\u0142odzko, a new plant will be built by TechPlast, a Polish producer of plastic elements used in the home appliance industry. The microcompany will employ at least 10 people and invest more than PLN 4.5 million.<\/p>\n<p>The PCC Group, which has five subsidiaries in Brzeg Dolny, has decided to start another investment project. PCC Exol, a producer of substances used in home and cosmetic chemicals, will expand its facility in order to increase production volumes. The investment is estimated to cost over PLN 15 million, and eight new employees will be hired.<\/p>\n<p>The Polish company Pebek will build a plant in \u015awidnica, where at least eight people will be employed. The factory will produce paving blocks, concrete slabs and tiles. The cost of the investment will exceed PLN 5.4 million.<\/p>\n<p>Elektros will expand the existing facility in Boles\u0142awiec. The new project is connected with the construction of a new production floor where electrical appliances will be made. The company will also offer warehousing services. The investment will cost PLN 2.5 million and lead to the creation of five new jobs.<\/p>\n<p>The Italian company Inoxveneta, which provides metal processing services, will conduct another investment project at a cost of PLN 4.3 million. Five new employees will be employed at the new production floor.<\/p>\n<blockquote><p>\u201cWe have decided to reinvest here because we feel good in the Strzelin subzone. We are counting on future growth and innovative solutions,\u201d Bartosz Dreszer, Key Account Manager at Inoxveneta, emphasised during the ceremony.<\/p><\/blockquote>\n<p>GKN Driveline, a British company owning two plants in Ole\u015bnica, has decided to carry out a third project. The company will spend PLN 138 million to expand its factory and purchase production lines. The plant produces innovative driveline components. At present, almost 1,000 employees work for the company.<\/p>\n<p>Four new investments will be carried out in the WSEZ territories in Opolskie Province. The Italian company Moretto will expand its facility in Prudnik and increase production volumes. The cost of the investment includes the purchase of machines and installations to be used in the production of components for ventilation hoods and pumps used in the home appliances industry as well as components for the automotive industry. The entrepreneur has declared a willingness to invest at least PLN 3.7 million and employ 11 new workers.<\/p>\n<p>ALSECCO has decided to conduct its fourth investment project in Nysa. The Polish manufacturer of window and door frames is going to expand the existing facility. The company will invest PLN 9 million, and thanks to it at least 15 people will find jobs at the factory.<\/p>\n<blockquote><p>\u201cI have been observing Alsecco for almost 20 years,\u201d said Marek Rymarz, Deputy Mayor of Nysa. \u201cA company that started in the proverbial garage has become the pride of our town. This titan of business is constantly growing and exploring new opportunities.\u201d<\/p><\/blockquote>\n<p>In Opole, Ladrob will conduct R&amp;D and production activities connected with making feeds and preparations for farm animals. The microcompany with Polish capital will incur capital expenditure of at least PLN 1.1 million and employ three new people.<\/p>\n<p>A second company has decided to invest in Leszno, Wielkopolskie Province. Robinsons Polska, a British company specializing in metal processing services, will build a plant where gates, barriers and other steel constructions will be made. The investor has undertaken to spend PLN 1.5 million and hire at least eight people.<\/p>\n<blockquote><p>\u201cEach new permit that we issue makes us happy. Eight new tenants have joined us, while another eight companies have decided to expand their existing facilities. It confirms that they feel good in the zone and are going to further develop,\u201d said Maciej Badora, President of the Wa\u0142brzych SEZ.<\/p><\/blockquote>\n<p>The Wa\u0142brzych Special Economic Zone \u201cINVEST-PARK\u201d is currently the largest of 14 SEZs functioning in Poland. It covers 3,344 ha of land in 49 subzones. 190 companies are conducting business activity within the zone. They have invested almost PLN 22 billion and employ almost 45,000 people.<\/p>\n<p><a href=\"https:\/\/archiwum.invest-park.com.pl\/blog\/2016\/07\/08\/kolejne-miejsca-pracy-w-walbrzyskiej-strefie\/wreczenie-zezwolen-zdjecie-wspolne\/\" rel=\"attachment wp-att-6156\"><img loading=\"lazy\" decoding=\"async\" class=\"alignnone wp-image-6156 size-large\" src=\"https:\/\/archiwum.invest-park.com.pl\/wp-content\/uploads\/2016\/07\/Wreczenie-zezwole\u0144-zdj\u0119cie-wsp\u00f3lne-1024x576.jpg\" alt=\"Wreczenie zezwole\u0144 - zdj\u0119cie wsp\u00f3lne\" width=\"1024\" height=\"576\" srcset=\"https:\/\/archiwum.invest-park.com.pl\/wp-content\/uploads\/2016\/07\/Wreczenie-zezwole\u0144-zdj\u0119cie-wsp\u00f3lne-1024x576.jpg 1024w, https:\/\/archiwum.invest-park.com.pl\/wp-content\/uploads\/2016\/07\/Wreczenie-zezwole\u0144-zdj\u0119cie-wsp\u00f3lne-270x152.jpg 270w, https:\/\/archiwum.invest-park.com.pl\/wp-content\/uploads\/2016\/07\/Wreczenie-zezwole\u0144-zdj\u0119cie-wsp\u00f3lne-300x169.jpg 300w, https:\/\/archiwum.invest-park.com.pl\/wp-content\/uploads\/2016\/07\/Wreczenie-zezwole\u0144-zdj\u0119cie-wsp\u00f3lne-768x432.jpg 768w, https:\/\/archiwum.invest-park.com.pl\/wp-content\/uploads\/2016\/07\/Wreczenie-zezwole\u0144-zdj\u0119cie-wsp\u00f3lne-600x338.jpg 600w, https:\/\/archiwum.invest-park.com.pl\/wp-content\/uploads\/2016\/07\/Wreczenie-zezwole\u0144-zdj\u0119cie-wsp\u00f3lne-393x221.jpg 393w, https:\/\/archiwum.invest-park.com.pl\/wp-content\/uploads\/2016\/07\/Wreczenie-zezwole\u0144-zdj\u0119cie-wsp\u00f3lne-180x100.jpg 180w\" sizes=\"auto, (max-width: 1024px) 100vw, 1024px\" \/><\/a><\/p>\n<div class=\"wpmf-gallerys wpmf-gallerys-life \" ><div id=\"gallery-1\" class=\"gallery gallery_life wpmf_gallery_default gallery_default  gallery-columns-3 gallery-size-thumbnail gallery-link-post wpmf-has-border-radius-0 wpmf-gutterwidth-5 no_ratio\"><figure class=\"wpmf-gallery-item\" data-index=\"0\"><div class=\"wpmf-gallery-icon\"><div class=\"square_thumbnail\"><div class=\"img_centered\"><a class=\" not_video noLightbox\" data-lightbox=\"0\" data-href=\"https:\/\/archiwum.invest-park.com.pl\/wp-content\/uploads\/2016\/07\/Gala-wr\u0119czenia-zezwole\u0144-1-1024x683.jpg\" title=\"Gala wr\u0119czenia zezwole\u0144 1\" target=\"_self\" data-index=\"0\"><img decoding=\"async\" class=\"wpmf_img\" alt=\"Gala wr\u0119czenia zezwole\u0144 1\" src=\"https:\/\/archiwum.invest-park.com.pl\/wp-content\/uploads\/2016\/07\/Gala-wr\u0119czenia-zezwole\u0144-1-270x180.jpg\" data-type=\"wpmfgalleryimg\" data-lazy-src=\"https:\/\/archiwum.invest-park.com.pl\/wp-content\/uploads\/2016\/07\/Gala-wr\u0119czenia-zezwole\u0144-1-270x180.jpg\"><\/a><\/div><\/div><\/div><\/figure><figure class=\"wpmf-gallery-item\" data-index=\"1\"><div class=\"wpmf-gallery-icon\"><div class=\"square_thumbnail\"><div class=\"img_centered\"><a class=\" not_video noLightbox\" data-lightbox=\"0\" data-href=\"https:\/\/archiwum.invest-park.com.pl\/wp-content\/uploads\/2016\/07\/Gala-wr\u0119czenia-zezwole\u0144-2-1024x683.jpg\" title=\"Gala wr\u0119czenia zezwole\u0144 2\" target=\"_self\" data-index=\"1\"><img decoding=\"async\" class=\"wpmf_img\" alt=\"Gala wr\u0119czenia zezwole\u0144 2\" src=\"https:\/\/archiwum.invest-park.com.pl\/wp-content\/uploads\/2016\/07\/Gala-wr\u0119czenia-zezwole\u0144-2-270x180.jpg\" data-type=\"wpmfgalleryimg\" data-lazy-src=\"https:\/\/archiwum.invest-park.com.pl\/wp-content\/uploads\/2016\/07\/Gala-wr\u0119czenia-zezwole\u0144-2-270x180.jpg\"><\/a><\/div><\/div><\/div><\/figure><figure class=\"wpmf-gallery-item\" data-index=\"2\"><div class=\"wpmf-gallery-icon\"><div class=\"square_thumbnail\"><div class=\"img_centered\"><a class=\" not_video noLightbox\" data-lightbox=\"0\" data-href=\"https:\/\/archiwum.invest-park.com.pl\/wp-content\/uploads\/2016\/07\/Gala-wr\u0119czenia-zezwole\u0144-3-1024x683.jpg\" title=\"Gala wr\u0119czenia zezwole\u0144 3\" target=\"_self\" data-index=\"2\"><img decoding=\"async\" class=\"wpmf_img\" alt=\"Gala wr\u0119czenia zezwole\u0144 3\" src=\"https:\/\/archiwum.invest-park.com.pl\/wp-content\/uploads\/2016\/07\/Gala-wr\u0119czenia-zezwole\u0144-3-270x180.jpg\" data-type=\"wpmfgalleryimg\" data-lazy-src=\"https:\/\/archiwum.invest-park.com.pl\/wp-content\/uploads\/2016\/07\/Gala-wr\u0119czenia-zezwole\u0144-3-270x180.jpg\"><\/a><\/div><\/div><\/div><\/figure><figure class=\"wpmf-gallery-item\" data-index=\"3\"><div class=\"wpmf-gallery-icon\"><div class=\"square_thumbnail\"><div class=\"img_centered\"><a class=\" not_video noLightbox\" data-lightbox=\"0\" data-href=\"https:\/\/archiwum.invest-park.com.pl\/wp-content\/uploads\/2016\/07\/Gala-wr\u0119czenia-zezwole\u0144-4-1024x683.jpg\" title=\"Gala wr\u0119czenia zezwole\u0144 4\" target=\"_self\" data-index=\"3\"><img decoding=\"async\" class=\"wpmf_img\" alt=\"Gala wr\u0119czenia zezwole\u0144 4\" src=\"https:\/\/archiwum.invest-park.com.pl\/wp-content\/uploads\/2016\/07\/Gala-wr\u0119czenia-zezwole\u0144-4-270x180.jpg\" data-type=\"wpmfgalleryimg\" data-lazy-src=\"https:\/\/archiwum.invest-park.com.pl\/wp-content\/uploads\/2016\/07\/Gala-wr\u0119czenia-zezwole\u0144-4-270x180.jpg\"><\/a><\/div><\/div><\/div><\/figure><figure class=\"wpmf-gallery-item\" data-index=\"4\"><div class=\"wpmf-gallery-icon\"><div class=\"square_thumbnail\"><div class=\"img_centered\"><a class=\" not_video noLightbox\" data-lightbox=\"0\" data-href=\"https:\/\/archiwum.invest-park.com.pl\/wp-content\/uploads\/2016\/07\/Maciej-Badora-Prezes-WSSE-1024x683.jpg\" title=\"Maciej Badora Prezes WSSE\" target=\"_self\" data-index=\"4\"><img decoding=\"async\" class=\"wpmf_img\" alt=\"Maciej Badora Prezes WSSE\" src=\"https:\/\/archiwum.invest-park.com.pl\/wp-content\/uploads\/2016\/07\/Maciej-Badora-Prezes-WSSE-270x180.jpg\" data-type=\"wpmfgalleryimg\" data-lazy-src=\"https:\/\/archiwum.invest-park.com.pl\/wp-content\/uploads\/2016\/07\/Maciej-Badora-Prezes-WSSE-270x180.jpg\"><\/a><\/div><\/div><\/div><\/figure><figure class=\"wpmf-gallery-item\" data-index=\"5\"><div class=\"wpmf-gallery-icon\"><div class=\"square_thumbnail\"><div class=\"img_centered\"><a class=\" not_video noLightbox\" data-lightbox=\"0\" data-href=\"https:\/\/archiwum.invest-park.com.pl\/wp-content\/uploads\/2016\/07\/Tadeusz-Ko\u015bci\u0144ski-Wiceminister-Rozwoju-1024x683.jpg\" title=\"Tadeusz Ko\u015bci\u0144ski Wiceminister Rozwoju\" target=\"_self\" data-index=\"5\"><img decoding=\"async\" class=\"wpmf_img\" alt=\"Tadeusz Ko\u015bci\u0144ski Wiceminister Rozwoju\" src=\"https:\/\/archiwum.invest-park.com.pl\/wp-content\/uploads\/2016\/07\/Tadeusz-Ko\u015bci\u0144ski-Wiceminister-Rozwoju-270x180.jpg\" data-type=\"wpmfgalleryimg\" data-lazy-src=\"https:\/\/archiwum.invest-park.com.pl\/wp-content\/uploads\/2016\/07\/Tadeusz-Ko\u015bci\u0144ski-Wiceminister-Rozwoju-270x180.jpg\"><\/a><\/div><\/div><\/div><\/figure><figure class=\"wpmf-gallery-item\" data-index=\"6\"><div class=\"wpmf-gallery-icon\"><div class=\"square_thumbnail\"><div class=\"img_centered\"><a class=\" not_video noLightbox\" data-lightbox=\"0\" data-href=\"https:\/\/archiwum.invest-park.com.pl\/wp-content\/uploads\/2016\/07\/Kamil-Zieli\u0144ski-Wicewojewoda-Dolno\u015bl\u0105ski-1024x683.jpg\" title=\"Kamil Zieli\u0144ski Wicewojewoda Dolno\u015bl\u0105ski\" target=\"_self\" data-index=\"6\"><img decoding=\"async\" class=\"wpmf_img\" alt=\"Kamil Zieli\u0144ski Wicewojewoda Dolno\u015bl\u0105ski\" src=\"https:\/\/archiwum.invest-park.com.pl\/wp-content\/uploads\/2016\/07\/Kamil-Zieli\u0144ski-Wicewojewoda-Dolno\u015bl\u0105ski-270x180.jpg\" data-type=\"wpmfgalleryimg\" data-lazy-src=\"https:\/\/archiwum.invest-park.com.pl\/wp-content\/uploads\/2016\/07\/Kamil-Zieli\u0144ski-Wicewojewoda-Dolno\u015bl\u0105ski-270x180.jpg\"><\/a><\/div><\/div><\/div><\/figure><figure class=\"wpmf-gallery-item\" data-index=\"7\"><div class=\"wpmf-gallery-icon\"><div class=\"square_thumbnail\"><div class=\"img_centered\"><a class=\" not_video noLightbox\" data-lightbox=\"0\" data-href=\"https:\/\/archiwum.invest-park.com.pl\/wp-content\/uploads\/2016\/07\/PODSTREFA-WROC\u0141AW-HSV-683x1024.jpg\" title=\"PODSTREFA WROC\u0141AW- HSV\" target=\"_self\" data-index=\"7\"><img decoding=\"async\" class=\"wpmf_img\" alt=\"PODSTREFA WROC\u0141AW- HSV\" src=\"https:\/\/archiwum.invest-park.com.pl\/wp-content\/uploads\/2016\/07\/PODSTREFA-WROC\u0141AW-HSV-180x270.jpg\" data-type=\"wpmfgalleryimg\" data-lazy-src=\"https:\/\/archiwum.invest-park.com.pl\/wp-content\/uploads\/2016\/07\/PODSTREFA-WROC\u0141AW-HSV-180x270.jpg\"><\/a><\/div><\/div><\/div><\/figure><figure class=\"wpmf-gallery-item\" data-index=\"8\"><div class=\"wpmf-gallery-icon\"><div class=\"square_thumbnail\"><div class=\"img_centered\"><a class=\" not_video noLightbox\" data-lightbox=\"0\" data-href=\"https:\/\/archiwum.invest-park.com.pl\/wp-content\/uploads\/2016\/07\/PODSTREFA-WROC\u0141AW-BSH-1024x683.jpg\" title=\"PODSTREFA WROC\u0141AW- BSH\" target=\"_self\" data-index=\"8\"><img decoding=\"async\" class=\"wpmf_img\" alt=\"PODSTREFA WROC\u0141AW- BSH\" src=\"https:\/\/archiwum.invest-park.com.pl\/wp-content\/uploads\/2016\/07\/PODSTREFA-WROC\u0141AW-BSH-270x180.jpg\" data-type=\"wpmfgalleryimg\" data-lazy-src=\"https:\/\/archiwum.invest-park.com.pl\/wp-content\/uploads\/2016\/07\/PODSTREFA-WROC\u0141AW-BSH-270x180.jpg\"><\/a><\/div><\/div><\/div><\/figure><figure class=\"wpmf-gallery-item\" data-index=\"9\"><div class=\"wpmf-gallery-icon\"><div class=\"square_thumbnail\"><div class=\"img_centered\"><a class=\" not_video noLightbox\" data-lightbox=\"0\" data-href=\"https:\/\/archiwum.invest-park.com.pl\/wp-content\/uploads\/2016\/07\/PODSTREFA-\u015aWIDNICA-PEBEK-1024x683.jpg\" title=\"PODSTREFA \u015aWIDNICA- PEBEK\" target=\"_self\" data-index=\"9\"><img decoding=\"async\" class=\"wpmf_img\" alt=\"PODSTREFA \u015aWIDNICA- PEBEK\" src=\"https:\/\/archiwum.invest-park.com.pl\/wp-content\/uploads\/2016\/07\/PODSTREFA-\u015aWIDNICA-PEBEK-270x180.jpg\" data-type=\"wpmfgalleryimg\" data-lazy-src=\"https:\/\/archiwum.invest-park.com.pl\/wp-content\/uploads\/2016\/07\/PODSTREFA-\u015aWIDNICA-PEBEK-270x180.jpg\"><\/a><\/div><\/div><\/div><\/figure><figure class=\"wpmf-gallery-item\" data-index=\"10\"><div class=\"wpmf-gallery-icon\"><div class=\"square_thumbnail\"><div class=\"img_centered\"><a class=\" not_video noLightbox\" data-lightbox=\"0\" data-href=\"https:\/\/archiwum.invest-park.com.pl\/wp-content\/uploads\/2016\/07\/PODSTREFA-STRZELIN-INOXVENETA-1024x683.jpg\" title=\"PODSTREFA STRZELIN- INOXVENETA\" target=\"_self\" data-index=\"10\"><img decoding=\"async\" class=\"wpmf_img\" alt=\"PODSTREFA STRZELIN- INOXVENETA\" src=\"https:\/\/archiwum.invest-park.com.pl\/wp-content\/uploads\/2016\/07\/PODSTREFA-STRZELIN-INOXVENETA-270x180.jpg\" data-type=\"wpmfgalleryimg\" data-lazy-src=\"https:\/\/archiwum.invest-park.com.pl\/wp-content\/uploads\/2016\/07\/PODSTREFA-STRZELIN-INOXVENETA-270x180.jpg\"><\/a><\/div><\/div><\/div><\/figure><figure class=\"wpmf-gallery-item\" data-index=\"11\"><div class=\"wpmf-gallery-icon\"><div class=\"square_thumbnail\"><div class=\"img_centered\"><a class=\" not_video noLightbox\" data-lightbox=\"0\" data-href=\"https:\/\/archiwum.invest-park.com.pl\/wp-content\/uploads\/2016\/07\/PODSTREFA-PRUDNIK-MORETTO-1024x683.jpg\" title=\"PODSTREFA PRUDNIK- MORETTO\" target=\"_self\" data-index=\"11\"><img decoding=\"async\" class=\"wpmf_img\" alt=\"PODSTREFA PRUDNIK- MORETTO\" src=\"https:\/\/archiwum.invest-park.com.pl\/wp-content\/uploads\/2016\/07\/PODSTREFA-PRUDNIK-MORETTO-270x180.jpg\" data-type=\"wpmfgalleryimg\" data-lazy-src=\"https:\/\/archiwum.invest-park.com.pl\/wp-content\/uploads\/2016\/07\/PODSTREFA-PRUDNIK-MORETTO-270x180.jpg\"><\/a><\/div><\/div><\/div><\/figure><figure class=\"wpmf-gallery-item\" data-index=\"12\"><div class=\"wpmf-gallery-icon\"><div class=\"square_thumbnail\"><div class=\"img_centered\"><a class=\" not_video noLightbox\" data-lightbox=\"0\" data-href=\"https:\/\/archiwum.invest-park.com.pl\/wp-content\/uploads\/2016\/07\/PODSTREFA-OLE\u015aNICA-GKN-DRIVELINE-2-683x1024.jpg\" title=\"PODSTREFA OLE\u015aNICA- GKN DRIVELINE 2\" target=\"_self\" data-index=\"12\"><img decoding=\"async\" class=\"wpmf_img\" alt=\"PODSTREFA OLE\u015aNICA- GKN DRIVELINE 2\" src=\"https:\/\/archiwum.invest-park.com.pl\/wp-content\/uploads\/2016\/07\/PODSTREFA-OLE\u015aNICA-GKN-DRIVELINE-2-180x270.jpg\" data-type=\"wpmfgalleryimg\" data-lazy-src=\"https:\/\/archiwum.invest-park.com.pl\/wp-content\/uploads\/2016\/07\/PODSTREFA-OLE\u015aNICA-GKN-DRIVELINE-2-180x270.jpg\"><\/a><\/div><\/div><\/div><\/figure><figure class=\"wpmf-gallery-item\" data-index=\"13\"><div class=\"wpmf-gallery-icon\"><div class=\"square_thumbnail\"><div class=\"img_centered\"><a class=\" not_video noLightbox\" data-lightbox=\"0\" data-href=\"https:\/\/archiwum.invest-park.com.pl\/wp-content\/uploads\/2016\/07\/PODSTREFA-NYSA-WICEBURMISTRZ-M.-RYMARZ-1024x682.jpg\" title=\"PODSTREFA NYSA- WICEBURMISTRZ M. RYMARZ\" target=\"_self\" data-index=\"13\"><img decoding=\"async\" class=\"wpmf_img\" alt=\"PODSTREFA NYSA- WICEBURMISTRZ M. RYMARZ\" src=\"https:\/\/archiwum.invest-park.com.pl\/wp-content\/uploads\/2016\/07\/PODSTREFA-NYSA-WICEBURMISTRZ-M.-RYMARZ-270x180.jpg\" data-type=\"wpmfgalleryimg\" data-lazy-src=\"https:\/\/archiwum.invest-park.com.pl\/wp-content\/uploads\/2016\/07\/PODSTREFA-NYSA-WICEBURMISTRZ-M.-RYMARZ-270x180.jpg\"><\/a><\/div><\/div><\/div><\/figure><figure class=\"wpmf-gallery-item\" data-index=\"14\"><div class=\"wpmf-gallery-icon\"><div class=\"square_thumbnail\"><div class=\"img_centered\"><a class=\" not_video noLightbox\" data-lightbox=\"0\" data-href=\"https:\/\/archiwum.invest-park.com.pl\/wp-content\/uploads\/2016\/07\/PODSTREFA-K\u0141ODZKO-W\u00d3JT-S.-LONGAWA-1024x683.jpg\" title=\"PODSTREFA K\u0141ODZKO- W\u00d3JT S. LONGAWA\" target=\"_self\" data-index=\"14\"><img decoding=\"async\" class=\"wpmf_img\" alt=\"PODSTREFA K\u0141ODZKO- W\u00d3JT S. LONGAWA\" src=\"https:\/\/archiwum.invest-park.com.pl\/wp-content\/uploads\/2016\/07\/PODSTREFA-K\u0141ODZKO-W\u00d3JT-S.-LONGAWA-270x180.jpg\" data-type=\"wpmfgalleryimg\" data-lazy-src=\"https:\/\/archiwum.invest-park.com.pl\/wp-content\/uploads\/2016\/07\/PODSTREFA-K\u0141ODZKO-W\u00d3JT-S.-LONGAWA-270x180.jpg\"><\/a><\/div><\/div><\/div><\/figure><figure class=\"wpmf-gallery-item\" data-index=\"15\"><div class=\"wpmf-gallery-icon\"><div class=\"square_thumbnail\"><div class=\"img_centered\"><a class=\" not_video noLightbox\" data-lightbox=\"0\" data-href=\"https:\/\/archiwum.invest-park.com.pl\/wp-content\/uploads\/2016\/07\/PODSTREFA-K\u0141ODZKO-WESSEL-POLIAMID-1024x683.jpg\" title=\"PODSTREFA K\u0141ODZKO- WESSEL-POLIAMID\" target=\"_self\" data-index=\"15\"><img decoding=\"async\" class=\"wpmf_img\" alt=\"PODSTREFA K\u0141ODZKO- WESSEL-POLIAMID\" src=\"https:\/\/archiwum.invest-park.com.pl\/wp-content\/uploads\/2016\/07\/PODSTREFA-K\u0141ODZKO-WESSEL-POLIAMID-270x180.jpg\" data-type=\"wpmfgalleryimg\" data-lazy-src=\"https:\/\/archiwum.invest-park.com.pl\/wp-content\/uploads\/2016\/07\/PODSTREFA-K\u0141ODZKO-WESSEL-POLIAMID-270x180.jpg\"><\/a><\/div><\/div><\/div><\/figure><figure class=\"wpmf-gallery-item\" data-index=\"16\"><div class=\"wpmf-gallery-icon\"><div class=\"square_thumbnail\"><div class=\"img_centered\"><a class=\" not_video noLightbox\" data-lightbox=\"0\" data-href=\"https:\/\/archiwum.invest-park.com.pl\/wp-content\/uploads\/2016\/07\/PODSTREFA-K\u0141ODZKO-TECHPLAST-683x1024.jpg\" title=\"PODSTREFA K\u0141ODZKO- TECHPLAST\" target=\"_self\" data-index=\"16\"><img decoding=\"async\" class=\"wpmf_img\" alt=\"PODSTREFA K\u0141ODZKO- TECHPLAST\" src=\"https:\/\/archiwum.invest-park.com.pl\/wp-content\/uploads\/2016\/07\/PODSTREFA-K\u0141ODZKO-TECHPLAST-180x270.jpg\" data-type=\"wpmfgalleryimg\" data-lazy-src=\"https:\/\/archiwum.invest-park.com.pl\/wp-content\/uploads\/2016\/07\/PODSTREFA-K\u0141ODZKO-TECHPLAST-180x270.jpg\"><\/a><\/div><\/div><\/div><\/figure><figure class=\"wpmf-gallery-item\" data-index=\"17\"><div class=\"wpmf-gallery-icon\"><div class=\"square_thumbnail\"><div class=\"img_centered\"><a class=\" not_video noLightbox\" data-lightbox=\"0\" data-href=\"https:\/\/archiwum.invest-park.com.pl\/wp-content\/uploads\/2016\/07\/PODSTREFA-K\u0141ODZKO-ALSECCO-1024x683.jpg\" title=\"PODSTREFA K\u0141ODZKO- ALSECCO\" target=\"_self\" data-index=\"17\"><img decoding=\"async\" class=\"wpmf_img\" alt=\"PODSTREFA K\u0141ODZKO- ALSECCO\" src=\"https:\/\/archiwum.invest-park.com.pl\/wp-content\/uploads\/2016\/07\/PODSTREFA-K\u0141ODZKO-ALSECCO-270x180.jpg\" data-type=\"wpmfgalleryimg\" data-lazy-src=\"https:\/\/archiwum.invest-park.com.pl\/wp-content\/uploads\/2016\/07\/PODSTREFA-K\u0141ODZKO-ALSECCO-270x180.jpg\"><\/a><\/div><\/div><\/div><\/figure><figure class=\"wpmf-gallery-item\" data-index=\"18\"><div class=\"wpmf-gallery-icon\"><div class=\"square_thumbnail\"><div class=\"img_centered\"><a class=\" not_video noLightbox\" data-lightbox=\"0\" data-href=\"https:\/\/archiwum.invest-park.com.pl\/wp-content\/uploads\/2016\/07\/PODSTREFA-DZIER\u017bONI\u00d3W-BROEN-1024x683.jpg\" title=\"PODSTREFA DZIER\u017bONI\u00d3W BROEN\" target=\"_self\" data-index=\"18\"><img decoding=\"async\" class=\"wpmf_img\" alt=\"PODSTREFA DZIER\u017bONI\u00d3W BROEN\" src=\"https:\/\/archiwum.invest-park.com.pl\/wp-content\/uploads\/2016\/07\/PODSTREFA-DZIER\u017bONI\u00d3W-BROEN-270x180.jpg\" data-type=\"wpmfgalleryimg\" data-lazy-src=\"https:\/\/archiwum.invest-park.com.pl\/wp-content\/uploads\/2016\/07\/PODSTREFA-DZIER\u017bONI\u00d3W-BROEN-270x180.jpg\"><\/a><\/div><\/div><\/div><\/figure><figure class=\"wpmf-gallery-item\" data-index=\"19\"><div class=\"wpmf-gallery-icon\"><div class=\"square_thumbnail\"><div class=\"img_centered\"><a class=\" not_video noLightbox\" data-lightbox=\"0\" data-href=\"https:\/\/archiwum.invest-park.com.pl\/wp-content\/uploads\/2016\/07\/PODSTREFA-BRZEG-DOLNY-PCC-EXOL-1024x683.jpg\" title=\"PODSTREFA BRZEG DOLNY- PCC EXOL\" target=\"_self\" data-index=\"19\"><img decoding=\"async\" class=\"wpmf_img\" alt=\"PODSTREFA BRZEG DOLNY- PCC EXOL\" src=\"https:\/\/archiwum.invest-park.com.pl\/wp-content\/uploads\/2016\/07\/PODSTREFA-BRZEG-DOLNY-PCC-EXOL-270x180.jpg\" data-type=\"wpmfgalleryimg\" data-lazy-src=\"https:\/\/archiwum.invest-park.com.pl\/wp-content\/uploads\/2016\/07\/PODSTREFA-BRZEG-DOLNY-PCC-EXOL-270x180.jpg\"><\/a><\/div><\/div><\/div><\/figure><figure class=\"wpmf-gallery-item\" data-index=\"20\"><div class=\"wpmf-gallery-icon\"><div class=\"square_thumbnail\"><div class=\"img_centered\"><a class=\" not_video noLightbox\" data-lightbox=\"0\" data-href=\"https:\/\/archiwum.invest-park.com.pl\/wp-content\/uploads\/2016\/07\/PODSTREFA-BIELAWA-JAMTEX-1024x683.jpg\" title=\"PODSTREFA BIELAWA- JAMTEX\" target=\"_self\" data-index=\"20\"><img decoding=\"async\" class=\"wpmf_img\" alt=\"PODSTREFA BIELAWA- JAMTEX\" src=\"https:\/\/archiwum.invest-park.com.pl\/wp-content\/uploads\/2016\/07\/PODSTREFA-BIELAWA-JAMTEX-270x180.jpg\" data-type=\"wpmfgalleryimg\" data-lazy-src=\"https:\/\/archiwum.invest-park.com.pl\/wp-content\/uploads\/2016\/07\/PODSTREFA-BIELAWA-JAMTEX-270x180.jpg\"><\/a><\/div><\/div><\/div><\/figure><\/div><\/div>\n<p>&nbsp;<\/p>\n","protected":false},"excerpt":{"rendered":"<p>Over 400 jobs will be generated by 16 entrepreneurs who have decided to invest in the Wa\u0142brzych zone in the first half-year of 2016. The ceremony of granting the permits to conduct business activity, accompanied by an official banquet, was held at the Ksi\u0105\u017c Castle. The event was attended by Deputy Minister of Development Tadeusz <\/p>\n<p class=\"text-right\"><a class=\"btn btn-secondary understrap-read-more-link\" href=\"https:\/\/archiwum.invest-park.com.pl\/en\/blog\/2016\/07\/12\/new-jobs-in-the-walbrzych-zone-2\/\">Read More&#8230;<\/a><\/p>\n","protected":false},"author":1,"featured_media":6156,"comment_status":"open","ping_status":"closed","sticky":false,"template":"","format":"standard","meta":{"_acf_changed":false,"footnotes":""},"categories":[85],"tags":[],"class_list":["post-6303","post","type-post","status-publish","format-standard","has-post-thumbnail","hentry","category-news"],"acf":[],"yoast_head":"<!-- This site is optimized with the Yoast SEO plugin v27.5 - https:\/\/yoast.com\/product\/yoast-seo-wordpress\/ -->\n<title>New jobs in the Wa\u0142brzych zone - WSSE &quot;INVEST-PARK&quot;. Wa\u0142brzyska Specjalna Strefa Ekonomiczna &quot;INVEST-PARK&quot;.<\/title>\n<meta name=\"robots\" content=\"index, follow, max-snippet:-1, max-image-preview:large, max-video-preview:-1\" \/>\n<link rel=\"canonical\" href=\"https:\/\/archiwum.invest-park.com.pl\/en\/blog\/2016\/07\/12\/new-jobs-in-the-walbrzych-zone-2\/\" \/>\n<meta property=\"og:locale\" content=\"en_US\" \/>\n<meta property=\"og:type\" content=\"article\" \/>\n<meta property=\"og:title\" content=\"New jobs in the Wa\u0142brzych zone - WSSE &quot;INVEST-PARK&quot;. Wa\u0142brzyska Specjalna Strefa Ekonomiczna &quot;INVEST-PARK&quot;.\" \/>\n<meta property=\"og:description\" content=\"Over 400 jobs will be generated by 16 entrepreneurs who have decided to invest in the Wa\u0142brzych zone in the first half-year of 2016. The ceremony of granting the permits to conduct business activity, accompanied by an official banquet, was held at the Ksi\u0105\u017c Castle. The event was attended by Deputy Minister of Development Tadeusz Read More...\" \/>\n<meta property=\"og:url\" content=\"https:\/\/archiwum.invest-park.com.pl\/en\/blog\/2016\/07\/12\/new-jobs-in-the-walbrzych-zone-2\/\" \/>\n<meta property=\"og:site_name\" content=\"WSSE &quot;INVEST-PARK&quot;. Wa\u0142brzyska Specjalna Strefa Ekonomiczna &quot;INVEST-PARK&quot;.\" \/>\n<meta property=\"article:published_time\" content=\"2016-07-12T12:27:49+00:00\" \/>\n<meta property=\"article:modified_time\" content=\"2018-05-28T08:38:56+00:00\" \/>\n<meta property=\"og:image\" content=\"https:\/\/archiwum.invest-park.com.pl\/wp-content\/uploads\/2016\/07\/Wreczenie-zezwole\u0144-zdj\u0119cie-wsp\u00f3lne.jpg\" \/>\n\t<meta property=\"og:image:width\" content=\"2569\" \/>\n\t<meta property=\"og:image:height\" content=\"1446\" \/>\n\t<meta property=\"og:image:type\" content=\"image\/jpeg\" \/>\n<meta name=\"author\" content=\"Pion IT\" \/>\n<meta name=\"twitter:label1\" content=\"Written by\" \/>\n\t<meta name=\"twitter:data1\" content=\"Pion IT\" \/>\n\t<meta name=\"twitter:label2\" content=\"Est. reading time\" \/>\n\t<meta name=\"twitter:data2\" content=\"6 minutes\" \/>\n<script type=\"application\/ld+json\" class=\"yoast-schema-graph\">{\"@context\":\"https:\\\/\\\/schema.org\",\"@graph\":[{\"@type\":\"Article\",\"@id\":\"https:\\\/\\\/archiwum.invest-park.com.pl\\\/en\\\/blog\\\/2016\\\/07\\\/12\\\/new-jobs-in-the-walbrzych-zone-2\\\/#article\",\"isPartOf\":{\"@id\":\"https:\\\/\\\/archiwum.invest-park.com.pl\\\/en\\\/blog\\\/2016\\\/07\\\/12\\\/new-jobs-in-the-walbrzych-zone-2\\\/\"},\"author\":{\"name\":\"Pion IT\",\"@id\":\"https:\\\/\\\/archiwum.invest-park.com.pl\\\/#\\\/schema\\\/person\\\/e1a25243ece3d709f69b2f07f15f97bd\"},\"headline\":\"New jobs in the Wa\u0142brzych zone\",\"datePublished\":\"2016-07-12T12:27:49+00:00\",\"dateModified\":\"2018-05-28T08:38:56+00:00\",\"mainEntityOfPage\":{\"@id\":\"https:\\\/\\\/archiwum.invest-park.com.pl\\\/en\\\/blog\\\/2016\\\/07\\\/12\\\/new-jobs-in-the-walbrzych-zone-2\\\/\"},\"wordCount\":1249,\"commentCount\":0,\"image\":{\"@id\":\"https:\\\/\\\/archiwum.invest-park.com.pl\\\/en\\\/blog\\\/2016\\\/07\\\/12\\\/new-jobs-in-the-walbrzych-zone-2\\\/#primaryimage\"},\"thumbnailUrl\":\"https:\\\/\\\/archiwum.invest-park.com.pl\\\/wp-content\\\/uploads\\\/2016\\\/07\\\/Wreczenie-zezwole\u0144-zdj\u0119cie-wsp\u00f3lne.jpg\",\"articleSection\":[\"News\"],\"inLanguage\":\"en-US\",\"potentialAction\":[{\"@type\":\"CommentAction\",\"name\":\"Comment\",\"target\":[\"https:\\\/\\\/archiwum.invest-park.com.pl\\\/en\\\/blog\\\/2016\\\/07\\\/12\\\/new-jobs-in-the-walbrzych-zone-2\\\/#respond\"]}]},{\"@type\":\"WebPage\",\"@id\":\"https:\\\/\\\/archiwum.invest-park.com.pl\\\/en\\\/blog\\\/2016\\\/07\\\/12\\\/new-jobs-in-the-walbrzych-zone-2\\\/\",\"url\":\"https:\\\/\\\/archiwum.invest-park.com.pl\\\/en\\\/blog\\\/2016\\\/07\\\/12\\\/new-jobs-in-the-walbrzych-zone-2\\\/\",\"name\":\"New jobs in the Wa\u0142brzych zone - WSSE &quot;INVEST-PARK&quot;. Wa\u0142brzyska Specjalna Strefa Ekonomiczna &quot;INVEST-PARK&quot;.\",\"isPartOf\":{\"@id\":\"https:\\\/\\\/archiwum.invest-park.com.pl\\\/#website\"},\"primaryImageOfPage\":{\"@id\":\"https:\\\/\\\/archiwum.invest-park.com.pl\\\/en\\\/blog\\\/2016\\\/07\\\/12\\\/new-jobs-in-the-walbrzych-zone-2\\\/#primaryimage\"},\"image\":{\"@id\":\"https:\\\/\\\/archiwum.invest-park.com.pl\\\/en\\\/blog\\\/2016\\\/07\\\/12\\\/new-jobs-in-the-walbrzych-zone-2\\\/#primaryimage\"},\"thumbnailUrl\":\"https:\\\/\\\/archiwum.invest-park.com.pl\\\/wp-content\\\/uploads\\\/2016\\\/07\\\/Wreczenie-zezwole\u0144-zdj\u0119cie-wsp\u00f3lne.jpg\",\"datePublished\":\"2016-07-12T12:27:49+00:00\",\"dateModified\":\"2018-05-28T08:38:56+00:00\",\"author\":{\"@id\":\"https:\\\/\\\/archiwum.invest-park.com.pl\\\/#\\\/schema\\\/person\\\/e1a25243ece3d709f69b2f07f15f97bd\"},\"breadcrumb\":{\"@id\":\"https:\\\/\\\/archiwum.invest-park.com.pl\\\/en\\\/blog\\\/2016\\\/07\\\/12\\\/new-jobs-in-the-walbrzych-zone-2\\\/#breadcrumb\"},\"inLanguage\":\"en-US\",\"potentialAction\":[{\"@type\":\"ReadAction\",\"target\":[\"https:\\\/\\\/archiwum.invest-park.com.pl\\\/en\\\/blog\\\/2016\\\/07\\\/12\\\/new-jobs-in-the-walbrzych-zone-2\\\/\"]}]},{\"@type\":\"ImageObject\",\"inLanguage\":\"en-US\",\"@id\":\"https:\\\/\\\/archiwum.invest-park.com.pl\\\/en\\\/blog\\\/2016\\\/07\\\/12\\\/new-jobs-in-the-walbrzych-zone-2\\\/#primaryimage\",\"url\":\"https:\\\/\\\/archiwum.invest-park.com.pl\\\/wp-content\\\/uploads\\\/2016\\\/07\\\/Wreczenie-zezwole\u0144-zdj\u0119cie-wsp\u00f3lne.jpg\",\"contentUrl\":\"https:\\\/\\\/archiwum.invest-park.com.pl\\\/wp-content\\\/uploads\\\/2016\\\/07\\\/Wreczenie-zezwole\u0144-zdj\u0119cie-wsp\u00f3lne.jpg\",\"width\":2569,\"height\":1446},{\"@type\":\"BreadcrumbList\",\"@id\":\"https:\\\/\\\/archiwum.invest-park.com.pl\\\/en\\\/blog\\\/2016\\\/07\\\/12\\\/new-jobs-in-the-walbrzych-zone-2\\\/#breadcrumb\",\"itemListElement\":[{\"@type\":\"ListItem\",\"position\":1,\"name\":\"Strona g\u0142\u00f3wna\",\"item\":\"https:\\\/\\\/archiwum.invest-park.com.pl\\\/en\\\/\"},{\"@type\":\"ListItem\",\"position\":2,\"name\":\"New jobs in the Wa\u0142brzych zone\"}]},{\"@type\":\"WebSite\",\"@id\":\"https:\\\/\\\/archiwum.invest-park.com.pl\\\/#website\",\"url\":\"https:\\\/\\\/archiwum.invest-park.com.pl\\\/\",\"name\":\"WSSE &quot;INVEST-PARK&quot;. Wa\u0142brzyska Specjalna Strefa Ekonomiczna &quot;INVEST-PARK&quot;.\",\"description\":\"Wa\u0142brzyska Specjalna Strefa Ekonomiczna to jedna z najwi\u0119kszych i najdynamiczniej rozwijaj\u0105cych si\u0119 stref ekonomicznych w Polsce | Znajd\u017a tereny inwestycyjne z ulgami podatkowymi | Dzia\u0142ki inwestycyjne | Tereny inwestycyjne | Strefy ekonomiczne w Polsce | Invest in Poland in Special Economic Zone\",\"potentialAction\":[{\"@type\":\"SearchAction\",\"target\":{\"@type\":\"EntryPoint\",\"urlTemplate\":\"https:\\\/\\\/archiwum.invest-park.com.pl\\\/?s={search_term_string}\"},\"query-input\":{\"@type\":\"PropertyValueSpecification\",\"valueRequired\":true,\"valueName\":\"search_term_string\"}}],\"inLanguage\":\"en-US\"},{\"@type\":\"Person\",\"@id\":\"https:\\\/\\\/archiwum.invest-park.com.pl\\\/#\\\/schema\\\/person\\\/e1a25243ece3d709f69b2f07f15f97bd\",\"name\":\"Pion IT\",\"image\":{\"@type\":\"ImageObject\",\"inLanguage\":\"en-US\",\"@id\":\"https:\\\/\\\/secure.gravatar.com\\\/avatar\\\/c98fecba299a4b313b2b82702b1a69330e83b1d8288898b0d5a717c2eeeba508?s=96&d=mm&r=g\",\"url\":\"https:\\\/\\\/secure.gravatar.com\\\/avatar\\\/c98fecba299a4b313b2b82702b1a69330e83b1d8288898b0d5a717c2eeeba508?s=96&d=mm&r=g\",\"contentUrl\":\"https:\\\/\\\/secure.gravatar.com\\\/avatar\\\/c98fecba299a4b313b2b82702b1a69330e83b1d8288898b0d5a717c2eeeba508?s=96&d=mm&r=g\",\"caption\":\"Pion IT\"}}]}<\/script>\n<!-- \/ Yoast SEO plugin. -->","yoast_head_json":{"title":"New jobs in the Wa\u0142brzych zone - WSSE &quot;INVEST-PARK&quot;. Wa\u0142brzyska Specjalna Strefa Ekonomiczna &quot;INVEST-PARK&quot;.","robots":{"index":"index","follow":"follow","max-snippet":"max-snippet:-1","max-image-preview":"max-image-preview:large","max-video-preview":"max-video-preview:-1"},"canonical":"https:\/\/archiwum.invest-park.com.pl\/en\/blog\/2016\/07\/12\/new-jobs-in-the-walbrzych-zone-2\/","og_locale":"en_US","og_type":"article","og_title":"New jobs in the Wa\u0142brzych zone - WSSE &quot;INVEST-PARK&quot;. Wa\u0142brzyska Specjalna Strefa Ekonomiczna &quot;INVEST-PARK&quot;.","og_description":"Over 400 jobs will be generated by 16 entrepreneurs who have decided to invest in the Wa\u0142brzych zone in the first half-year of 2016. The ceremony of granting the permits to conduct business activity, accompanied by an official banquet, was held at the Ksi\u0105\u017c Castle. The event was attended by Deputy Minister of Development Tadeusz Read More...","og_url":"https:\/\/archiwum.invest-park.com.pl\/en\/blog\/2016\/07\/12\/new-jobs-in-the-walbrzych-zone-2\/","og_site_name":"WSSE &quot;INVEST-PARK&quot;. Wa\u0142brzyska Specjalna Strefa Ekonomiczna &quot;INVEST-PARK&quot;.","article_published_time":"2016-07-12T12:27:49+00:00","article_modified_time":"2018-05-28T08:38:56+00:00","og_image":[{"width":2569,"height":1446,"url":"https:\/\/archiwum.invest-park.com.pl\/wp-content\/uploads\/2016\/07\/Wreczenie-zezwole\u0144-zdj\u0119cie-wsp\u00f3lne.jpg","type":"image\/jpeg"}],"author":"Pion IT","twitter_misc":{"Written by":"Pion IT","Est. reading time":"6 minutes"},"schema":{"@context":"https:\/\/schema.org","@graph":[{"@type":"Article","@id":"https:\/\/archiwum.invest-park.com.pl\/en\/blog\/2016\/07\/12\/new-jobs-in-the-walbrzych-zone-2\/#article","isPartOf":{"@id":"https:\/\/archiwum.invest-park.com.pl\/en\/blog\/2016\/07\/12\/new-jobs-in-the-walbrzych-zone-2\/"},"author":{"name":"Pion IT","@id":"https:\/\/archiwum.invest-park.com.pl\/#\/schema\/person\/e1a25243ece3d709f69b2f07f15f97bd"},"headline":"New jobs in the Wa\u0142brzych zone","datePublished":"2016-07-12T12:27:49+00:00","dateModified":"2018-05-28T08:38:56+00:00","mainEntityOfPage":{"@id":"https:\/\/archiwum.invest-park.com.pl\/en\/blog\/2016\/07\/12\/new-jobs-in-the-walbrzych-zone-2\/"},"wordCount":1249,"commentCount":0,"image":{"@id":"https:\/\/archiwum.invest-park.com.pl\/en\/blog\/2016\/07\/12\/new-jobs-in-the-walbrzych-zone-2\/#primaryimage"},"thumbnailUrl":"https:\/\/archiwum.invest-park.com.pl\/wp-content\/uploads\/2016\/07\/Wreczenie-zezwole\u0144-zdj\u0119cie-wsp\u00f3lne.jpg","articleSection":["News"],"inLanguage":"en-US","potentialAction":[{"@type":"CommentAction","name":"Comment","target":["https:\/\/archiwum.invest-park.com.pl\/en\/blog\/2016\/07\/12\/new-jobs-in-the-walbrzych-zone-2\/#respond"]}]},{"@type":"WebPage","@id":"https:\/\/archiwum.invest-park.com.pl\/en\/blog\/2016\/07\/12\/new-jobs-in-the-walbrzych-zone-2\/","url":"https:\/\/archiwum.invest-park.com.pl\/en\/blog\/2016\/07\/12\/new-jobs-in-the-walbrzych-zone-2\/","name":"New jobs in the Wa\u0142brzych zone - WSSE &quot;INVEST-PARK&quot;. Wa\u0142brzyska Specjalna Strefa Ekonomiczna &quot;INVEST-PARK&quot;.","isPartOf":{"@id":"https:\/\/archiwum.invest-park.com.pl\/#website"},"primaryImageOfPage":{"@id":"https:\/\/archiwum.invest-park.com.pl\/en\/blog\/2016\/07\/12\/new-jobs-in-the-walbrzych-zone-2\/#primaryimage"},"image":{"@id":"https:\/\/archiwum.invest-park.com.pl\/en\/blog\/2016\/07\/12\/new-jobs-in-the-walbrzych-zone-2\/#primaryimage"},"thumbnailUrl":"https:\/\/archiwum.invest-park.com.pl\/wp-content\/uploads\/2016\/07\/Wreczenie-zezwole\u0144-zdj\u0119cie-wsp\u00f3lne.jpg","datePublished":"2016-07-12T12:27:49+00:00","dateModified":"2018-05-28T08:38:56+00:00","author":{"@id":"https:\/\/archiwum.invest-park.com.pl\/#\/schema\/person\/e1a25243ece3d709f69b2f07f15f97bd"},"breadcrumb":{"@id":"https:\/\/archiwum.invest-park.com.pl\/en\/blog\/2016\/07\/12\/new-jobs-in-the-walbrzych-zone-2\/#breadcrumb"},"inLanguage":"en-US","potentialAction":[{"@type":"ReadAction","target":["https:\/\/archiwum.invest-park.com.pl\/en\/blog\/2016\/07\/12\/new-jobs-in-the-walbrzych-zone-2\/"]}]},{"@type":"ImageObject","inLanguage":"en-US","@id":"https:\/\/archiwum.invest-park.com.pl\/en\/blog\/2016\/07\/12\/new-jobs-in-the-walbrzych-zone-2\/#primaryimage","url":"https:\/\/archiwum.invest-park.com.pl\/wp-content\/uploads\/2016\/07\/Wreczenie-zezwole\u0144-zdj\u0119cie-wsp\u00f3lne.jpg","contentUrl":"https:\/\/archiwum.invest-park.com.pl\/wp-content\/uploads\/2016\/07\/Wreczenie-zezwole\u0144-zdj\u0119cie-wsp\u00f3lne.jpg","width":2569,"height":1446},{"@type":"BreadcrumbList","@id":"https:\/\/archiwum.invest-park.com.pl\/en\/blog\/2016\/07\/12\/new-jobs-in-the-walbrzych-zone-2\/#breadcrumb","itemListElement":[{"@type":"ListItem","position":1,"name":"Strona g\u0142\u00f3wna","item":"https:\/\/archiwum.invest-park.com.pl\/en\/"},{"@type":"ListItem","position":2,"name":"New jobs in the Wa\u0142brzych zone"}]},{"@type":"WebSite","@id":"https:\/\/archiwum.invest-park.com.pl\/#website","url":"https:\/\/archiwum.invest-park.com.pl\/","name":"WSSE &quot;INVEST-PARK&quot;. Wa\u0142brzyska Specjalna Strefa Ekonomiczna &quot;INVEST-PARK&quot;.","description":"Wa\u0142brzyska Specjalna Strefa Ekonomiczna to jedna z najwi\u0119kszych i najdynamiczniej rozwijaj\u0105cych si\u0119 stref ekonomicznych w Polsce | Znajd\u017a tereny inwestycyjne z ulgami podatkowymi | Dzia\u0142ki inwestycyjne | Tereny inwestycyjne | Strefy ekonomiczne w Polsce | Invest in Poland in Special Economic Zone","potentialAction":[{"@type":"SearchAction","target":{"@type":"EntryPoint","urlTemplate":"https:\/\/archiwum.invest-park.com.pl\/?s={search_term_string}"},"query-input":{"@type":"PropertyValueSpecification","valueRequired":true,"valueName":"search_term_string"}}],"inLanguage":"en-US"},{"@type":"Person","@id":"https:\/\/archiwum.invest-park.com.pl\/#\/schema\/person\/e1a25243ece3d709f69b2f07f15f97bd","name":"Pion IT","image":{"@type":"ImageObject","inLanguage":"en-US","@id":"https:\/\/secure.gravatar.com\/avatar\/c98fecba299a4b313b2b82702b1a69330e83b1d8288898b0d5a717c2eeeba508?s=96&d=mm&r=g","url":"https:\/\/secure.gravatar.com\/avatar\/c98fecba299a4b313b2b82702b1a69330e83b1d8288898b0d5a717c2eeeba508?s=96&d=mm&r=g","contentUrl":"https:\/\/secure.gravatar.com\/avatar\/c98fecba299a4b313b2b82702b1a69330e83b1d8288898b0d5a717c2eeeba508?s=96&d=mm&r=g","caption":"Pion IT"}}]}},"_links":{"self":[{"href":"https:\/\/archiwum.invest-park.com.pl\/en\/wp-json\/wp\/v2\/posts\/6303","targetHints":{"allow":["GET"]}}],"collection":[{"href":"https:\/\/archiwum.invest-park.com.pl\/en\/wp-json\/wp\/v2\/posts"}],"about":[{"href":"https:\/\/archiwum.invest-park.com.pl\/en\/wp-json\/wp\/v2\/types\/post"}],"author":[{"embeddable":true,"href":"https:\/\/archiwum.invest-park.com.pl\/en\/wp-json\/wp\/v2\/users\/1"}],"replies":[{"embeddable":true,"href":"https:\/\/archiwum.invest-park.com.pl\/en\/wp-json\/wp\/v2\/comments?post=6303"}],"version-history":[{"count":3,"href":"https:\/\/archiwum.invest-park.com.pl\/en\/wp-json\/wp\/v2\/posts\/6303\/revisions"}],"predecessor-version":[{"id":8743,"href":"https:\/\/archiwum.invest-park.com.pl\/en\/wp-json\/wp\/v2\/posts\/6303\/revisions\/8743"}],"wp:featuredmedia":[{"embeddable":true,"href":"https:\/\/archiwum.invest-park.com.pl\/en\/wp-json\/wp\/v2\/media\/6156"}],"wp:attachment":[{"href":"https:\/\/archiwum.invest-park.com.pl\/en\/wp-json\/wp\/v2\/media?parent=6303"}],"wp:term":[{"taxonomy":"category","embeddable":true,"href":"https:\/\/archiwum.invest-park.com.pl\/en\/wp-json\/wp\/v2\/categories?post=6303"},{"taxonomy":"post_tag","embeddable":true,"href":"https:\/\/archiwum.invest-park.com.pl\/en\/wp-json\/wp\/v2\/tags?post=6303"}],"curies":[{"name":"wp","href":"https:\/\/api.w.org\/{rel}","templated":true}]}}