{"id":6150,"date":"2016-07-01T14:24:49","date_gmt":"2016-07-01T12:24:49","guid":{"rendered":"https:\/\/invest-park.com.pl\/?p=6150"},"modified":"2016-07-06T08:28:36","modified_gmt":"2016-07-06T06:28:36","slug":"education-for-employers","status":"publish","type":"post","link":"https:\/\/archiwum.invest-park.com.pl\/en\/blog\/2016\/07\/01\/education-for-employers\/","title":{"rendered":"Education for employers"},"content":{"rendered":"<p><strong>Introducing a dual system of education that would involve employers and creating two-stage professional schools to replace the existing vocational schools \u2013 these are the main tenets of the education system reform, intended to meet the entrepreneurs\u2019 needs. The reform assumptions were presented by Anna Zalewska, Minister of National Education, and Mateusz Morawiecki, Deputy Prime Minister and Minister of Development, during a conference in the Wa\u0142brzych Special Economic Zone.<\/strong><!--more--><\/p>\n<p><a href=\"https:\/\/archiwum.invest-park.com.pl\/blog\/2016\/06\/27\/ksztalcenie-dla-rynku-pracy\/reforma-szkolnictwa-men-mr-5-2\/\" rel=\"attachment wp-att-6079\"><img loading=\"lazy\" decoding=\"async\" class=\"alignnone wp-image-6079 size-large\" src=\"https:\/\/archiwum.invest-park.com.pl\/wp-content\/uploads\/2016\/06\/reforma-szkolnictwa-MEN-MR-51-e1467023624368-1024x342.jpg\" alt=\"reforma szkolnictwa MEN MR (5)\" width=\"1024\" height=\"342\" \/><\/a><\/p>\n<p>The main intention of the ministries is to include entrepreneurs in the process of educating and testing. Close cooperation with them will make it possible to introduce new professions and curricula to better reflect market demands. It is also necessary to involve company employees in teaching students. The changes will result in the establishment of Practical Education Centers in every county, which will coordinate actions, administer exams and issue certificates.<\/p>\n<blockquote><p>\u201cWe would like to create a vocational education fund in order to cumulate funds from the education system and from employers,\u201d Mrs. Zalewska explained. \u201cThere will be over PLN 3.5 billion available under the next financial framework. Together with Marshal Offices, we must use this money wisely in order to create a system that will work for the future generations,\u201d she emphasised.<\/p><\/blockquote>\n<p>The proposed changes introduce two-stage professional schools. Having completed the first stage, the graduates will either take up jobs or continue their education. Completing the second stage and passing a professional exam will result in achieving secondary vocational education and obtaining a technician\u2019s diploma. The graduates will also be able to sit a final vocational exam (matura) and continue further education in universities.<\/p>\n<blockquote><p>\u201cWe must adapt education to the needs of individual industries,\u201d Mr. Morawiecki emphasised. \u201cWithout creating a vocational education system from scratch, it will be impossible to build a strong Polish industry and a modern economy.\u201d<\/p><\/blockquote>\n<p>The presentation of the main assumptions of the new system took place in the Wa\u0142brzych Special Economic Zone. Over a year ago, the WSEZ established the \u201cINVEST in EDU\u201d Educational Cluster, which groups schools, universities and entrepreneurs. The cluster links employers with schools that can provide students with the relevant skills. One of the effects of the cluster\u2019s existence has been the creation of two company-sponsored classes, teaching students to become cutting tool operators.<\/p>\n<blockquote><p>\u201cWe encourage entrepreneurs to cooperate with schools and universities,\u201d explains Maciej Badora, President of the Wa\u0142brzych zone. \u201cWe are aware that they have difficulty finding skilled workers. Thus having the right skills and education guarantees good employment.\u201d<\/p><\/blockquote>\n<p>The heads of the Ministry of National Education and the Ministry of Development also met with representatives of those self-governments where the Wa\u0142brzych zone functions, and with entrepreneurs who have located their investment project within it.<\/p>\n<blockquote><p>\u201cPoland\u2019s development is our joint effort. We perceive the economy in a coherent way, which leads to sustainable development. We want to attract investments, in particular those that generate the highest added value by creating jobs for engineers and technical school graduates,\u201d Mr. Morawiecki explained.<\/p><\/blockquote>\n<p>The Wa\u0142brzych Special Economic Zone is the largest of the fourteen zones functioning in Poland. It has already attracted 190 tenants, whose joint capital expenditure amounts to almost PLN 22 billion. More than 44,600 people are working for the companies operating within the WSEZ.<\/p>\n<div class=\"wpmf-gallerys wpmf-gallerys-life \" ><div id=\"gallery-1\" class=\"gallery gallery_life wpmf_gallery_default gallery_default  gallery-columns-3 gallery-size-thumbnail gallery-link-file wpmf-has-border-radius-0 wpmf-gutterwidth-5 no_ratio\"><figure class=\"wpmf-gallery-item\" data-index=\"0\"><div class=\"wpmf-gallery-icon\"><div class=\"square_thumbnail\"><div class=\"img_centered\"><a class=\" not_video noLightbox\" data-lightbox=\"1\" data-href=\"https:\/\/archiwum.invest-park.com.pl\/wp-content\/uploads\/2016\/06\/reforma-szkolnictwa-MEN-MR-1-1024x683.jpg\" title=\"reforma szkolnictwa MEN MR (1)\" target=\"_self\" data-index=\"0\"><img decoding=\"async\" class=\"wpmf_img\" alt=\"reforma szkolnictwa MEN MR (1)\" src=\"https:\/\/archiwum.invest-park.com.pl\/wp-content\/uploads\/2016\/06\/reforma-szkolnictwa-MEN-MR-1-270x180.jpg\" data-type=\"wpmfgalleryimg\" data-lazy-src=\"https:\/\/archiwum.invest-park.com.pl\/wp-content\/uploads\/2016\/06\/reforma-szkolnictwa-MEN-MR-1-270x180.jpg\"><\/a><\/div><\/div><\/div><\/figure><figure class=\"wpmf-gallery-item\" data-index=\"1\"><div class=\"wpmf-gallery-icon\"><div class=\"square_thumbnail\"><div class=\"img_centered\"><a class=\" not_video noLightbox\" data-lightbox=\"1\" data-href=\"https:\/\/archiwum.invest-park.com.pl\/wp-content\/uploads\/2016\/06\/reforma-szkolnictwa-MEN-MR-2-1024x683.jpg\" title=\"reforma szkolnictwa MEN MR (2)\" target=\"_self\" data-index=\"1\"><img decoding=\"async\" class=\"wpmf_img\" alt=\"reforma szkolnictwa MEN MR (2)\" src=\"https:\/\/archiwum.invest-park.com.pl\/wp-content\/uploads\/2016\/06\/reforma-szkolnictwa-MEN-MR-2-270x180.jpg\" data-type=\"wpmfgalleryimg\" data-lazy-src=\"https:\/\/archiwum.invest-park.com.pl\/wp-content\/uploads\/2016\/06\/reforma-szkolnictwa-MEN-MR-2-270x180.jpg\"><\/a><\/div><\/div><\/div><\/figure><figure class=\"wpmf-gallery-item\" data-index=\"2\"><div class=\"wpmf-gallery-icon\"><div class=\"square_thumbnail\"><div class=\"img_centered\"><a class=\" not_video noLightbox\" data-lightbox=\"1\" data-href=\"https:\/\/archiwum.invest-park.com.pl\/wp-content\/uploads\/2016\/06\/reforma-szkolnictwa-MEN-MR-3-1024x683.jpg\" title=\"reforma szkolnictwa MEN MR (3)\" target=\"_self\" data-index=\"2\"><img decoding=\"async\" class=\"wpmf_img\" alt=\"reforma szkolnictwa MEN MR (3)\" src=\"https:\/\/archiwum.invest-park.com.pl\/wp-content\/uploads\/2016\/06\/reforma-szkolnictwa-MEN-MR-3-270x180.jpg\" data-type=\"wpmfgalleryimg\" data-lazy-src=\"https:\/\/archiwum.invest-park.com.pl\/wp-content\/uploads\/2016\/06\/reforma-szkolnictwa-MEN-MR-3-270x180.jpg\"><\/a><\/div><\/div><\/div><\/figure><figure class=\"wpmf-gallery-item\" data-index=\"3\"><div class=\"wpmf-gallery-icon\"><div class=\"square_thumbnail\"><div class=\"img_centered\"><a class=\" not_video noLightbox\" data-lightbox=\"1\" data-href=\"https:\/\/archiwum.invest-park.com.pl\/wp-content\/uploads\/2016\/06\/reforma-szkolnictwa-MEN-MR-4-1024x683.jpg\" title=\"reforma szkolnictwa MEN MR (4)\" target=\"_self\" data-index=\"3\"><img decoding=\"async\" class=\"wpmf_img\" alt=\"reforma szkolnictwa MEN MR (4)\" src=\"https:\/\/archiwum.invest-park.com.pl\/wp-content\/uploads\/2016\/06\/reforma-szkolnictwa-MEN-MR-4-270x180.jpg\" data-type=\"wpmfgalleryimg\" data-lazy-src=\"https:\/\/archiwum.invest-park.com.pl\/wp-content\/uploads\/2016\/06\/reforma-szkolnictwa-MEN-MR-4-270x180.jpg\"><\/a><\/div><\/div><\/div><\/figure><figure class=\"wpmf-gallery-item\" data-index=\"4\"><div class=\"wpmf-gallery-icon\"><div class=\"square_thumbnail\"><div class=\"img_centered\"><a class=\" not_video noLightbox\" data-lightbox=\"1\" data-href=\"https:\/\/archiwum.invest-park.com.pl\/wp-content\/uploads\/2016\/06\/reforma-szkolnictwa-MEN-MR-5-1024x683.jpg\" title=\"reforma szkolnictwa MEN MR (5)\" target=\"_self\" data-index=\"4\"><img decoding=\"async\" class=\"wpmf_img\" alt=\"reforma szkolnictwa MEN MR (5)\" src=\"https:\/\/archiwum.invest-park.com.pl\/wp-content\/uploads\/2016\/06\/reforma-szkolnictwa-MEN-MR-5-270x180.jpg\" data-type=\"wpmfgalleryimg\" data-lazy-src=\"https:\/\/archiwum.invest-park.com.pl\/wp-content\/uploads\/2016\/06\/reforma-szkolnictwa-MEN-MR-5-270x180.jpg\"><\/a><\/div><\/div><\/div><\/figure><figure class=\"wpmf-gallery-item\" data-index=\"5\"><div class=\"wpmf-gallery-icon\"><div class=\"square_thumbnail\"><div class=\"img_centered\"><a class=\" not_video noLightbox\" data-lightbox=\"1\" data-href=\"https:\/\/archiwum.invest-park.com.pl\/wp-content\/uploads\/2016\/06\/reforma-szkolnictwa-MEN-MR-6-1024x683.jpg\" title=\"reforma szkolnictwa MEN MR (6)\" target=\"_self\" data-index=\"5\"><img decoding=\"async\" class=\"wpmf_img\" alt=\"reforma szkolnictwa MEN MR (6)\" src=\"https:\/\/archiwum.invest-park.com.pl\/wp-content\/uploads\/2016\/06\/reforma-szkolnictwa-MEN-MR-6-270x180.jpg\" data-type=\"wpmfgalleryimg\" data-lazy-src=\"https:\/\/archiwum.invest-park.com.pl\/wp-content\/uploads\/2016\/06\/reforma-szkolnictwa-MEN-MR-6-270x180.jpg\"><\/a><\/div><\/div><\/div><\/figure><figure class=\"wpmf-gallery-item\" data-index=\"6\"><div class=\"wpmf-gallery-icon\"><div class=\"square_thumbnail\"><div class=\"img_centered\"><a class=\" not_video noLightbox\" data-lightbox=\"1\" data-href=\"https:\/\/archiwum.invest-park.com.pl\/wp-content\/uploads\/2016\/06\/reforma-szkolnictwa-MEN-MR-7-1024x683.jpg\" title=\"reforma szkolnictwa MEN MR (7)\" target=\"_self\" data-index=\"6\"><img decoding=\"async\" class=\"wpmf_img\" alt=\"reforma szkolnictwa MEN MR (7)\" src=\"https:\/\/archiwum.invest-park.com.pl\/wp-content\/uploads\/2016\/06\/reforma-szkolnictwa-MEN-MR-7-270x180.jpg\" data-type=\"wpmfgalleryimg\" data-lazy-src=\"https:\/\/archiwum.invest-park.com.pl\/wp-content\/uploads\/2016\/06\/reforma-szkolnictwa-MEN-MR-7-270x180.jpg\"><\/a><\/div><\/div><\/div><\/figure><figure class=\"wpmf-gallery-item\" data-index=\"7\"><div class=\"wpmf-gallery-icon\"><div class=\"square_thumbnail\"><div class=\"img_centered\"><a class=\" not_video noLightbox\" data-lightbox=\"1\" data-href=\"https:\/\/archiwum.invest-park.com.pl\/wp-content\/uploads\/2016\/06\/reforma-szkolnictwa-MEN-MR-8-1024x679.jpg\" title=\"reforma szkolnictwa MEN MR (8)\" target=\"_self\" data-index=\"7\"><img decoding=\"async\" class=\"wpmf_img\" alt=\"reforma szkolnictwa MEN MR (8)\" src=\"https:\/\/archiwum.invest-park.com.pl\/wp-content\/uploads\/2016\/06\/reforma-szkolnictwa-MEN-MR-8-270x179.jpg\" data-type=\"wpmfgalleryimg\" data-lazy-src=\"https:\/\/archiwum.invest-park.com.pl\/wp-content\/uploads\/2016\/06\/reforma-szkolnictwa-MEN-MR-8-270x179.jpg\"><\/a><\/div><\/div><\/div><\/figure><figure class=\"wpmf-gallery-item\" data-index=\"8\"><div class=\"wpmf-gallery-icon\"><div class=\"square_thumbnail\"><div class=\"img_centered\"><a class=\" not_video noLightbox\" data-lightbox=\"1\" data-href=\"https:\/\/archiwum.invest-park.com.pl\/wp-content\/uploads\/2016\/06\/reforma-szkolnictwa-MEN-MR-9-1024x683.jpg\" title=\"reforma szkolnictwa MEN MR (9)\" target=\"_self\" data-index=\"8\"><img decoding=\"async\" class=\"wpmf_img\" alt=\"reforma szkolnictwa MEN MR (9)\" src=\"https:\/\/archiwum.invest-park.com.pl\/wp-content\/uploads\/2016\/06\/reforma-szkolnictwa-MEN-MR-9-270x180.jpg\" data-type=\"wpmfgalleryimg\" data-lazy-src=\"https:\/\/archiwum.invest-park.com.pl\/wp-content\/uploads\/2016\/06\/reforma-szkolnictwa-MEN-MR-9-270x180.jpg\"><\/a><\/div><\/div><\/div><\/figure><figure class=\"wpmf-gallery-item\" data-index=\"9\"><div class=\"wpmf-gallery-icon\"><div class=\"square_thumbnail\"><div class=\"img_centered\"><a class=\" not_video noLightbox\" data-lightbox=\"1\" data-href=\"https:\/\/archiwum.invest-park.com.pl\/wp-content\/uploads\/2016\/06\/reforma-szkolnictwa-MEN-MR-10-1024x675.jpg\" title=\"reforma szkolnictwa MEN MR (10)\" target=\"_self\" data-index=\"9\"><img decoding=\"async\" class=\"wpmf_img\" alt=\"reforma szkolnictwa MEN MR (10)\" src=\"https:\/\/archiwum.invest-park.com.pl\/wp-content\/uploads\/2016\/06\/reforma-szkolnictwa-MEN-MR-10-270x178.jpg\" data-type=\"wpmfgalleryimg\" data-lazy-src=\"https:\/\/archiwum.invest-park.com.pl\/wp-content\/uploads\/2016\/06\/reforma-szkolnictwa-MEN-MR-10-270x178.jpg\"><\/a><\/div><\/div><\/div><\/figure><figure class=\"wpmf-gallery-item\" data-index=\"10\"><div class=\"wpmf-gallery-icon\"><div class=\"square_thumbnail\"><div class=\"img_centered\"><a class=\" not_video noLightbox\" data-lightbox=\"1\" data-href=\"https:\/\/archiwum.invest-park.com.pl\/wp-content\/uploads\/2016\/06\/reforma-szkolnictwa-MEN-MR-11-1024x683.jpg\" title=\"reforma szkolnictwa MEN MR (11)\" target=\"_self\" data-index=\"10\"><img decoding=\"async\" class=\"wpmf_img\" alt=\"reforma szkolnictwa MEN MR (11)\" src=\"https:\/\/archiwum.invest-park.com.pl\/wp-content\/uploads\/2016\/06\/reforma-szkolnictwa-MEN-MR-11-270x180.jpg\" data-type=\"wpmfgalleryimg\" data-lazy-src=\"https:\/\/archiwum.invest-park.com.pl\/wp-content\/uploads\/2016\/06\/reforma-szkolnictwa-MEN-MR-11-270x180.jpg\"><\/a><\/div><\/div><\/div><\/figure><figure class=\"wpmf-gallery-item\" data-index=\"11\"><div class=\"wpmf-gallery-icon\"><div class=\"square_thumbnail\"><div class=\"img_centered\"><a class=\" not_video noLightbox\" data-lightbox=\"1\" data-href=\"https:\/\/archiwum.invest-park.com.pl\/wp-content\/uploads\/2016\/06\/reforma-szkolnictwa-MEN-MR-12-1024x683.jpg\" title=\"reforma szkolnictwa MEN MR (12)\" target=\"_self\" data-index=\"11\"><img decoding=\"async\" class=\"wpmf_img\" alt=\"reforma szkolnictwa MEN MR (12)\" src=\"https:\/\/archiwum.invest-park.com.pl\/wp-content\/uploads\/2016\/06\/reforma-szkolnictwa-MEN-MR-12-270x180.jpg\" data-type=\"wpmfgalleryimg\" data-lazy-src=\"https:\/\/archiwum.invest-park.com.pl\/wp-content\/uploads\/2016\/06\/reforma-szkolnictwa-MEN-MR-12-270x180.jpg\"><\/a><\/div><\/div><\/div><\/figure><figure class=\"wpmf-gallery-item\" data-index=\"12\"><div class=\"wpmf-gallery-icon\"><div class=\"square_thumbnail\"><div class=\"img_centered\"><a class=\" not_video noLightbox\" data-lightbox=\"1\" data-href=\"https:\/\/archiwum.invest-park.com.pl\/wp-content\/uploads\/2016\/06\/reforma-szkolnictwa-MEN-MR-13-1024x683.jpg\" title=\"reforma szkolnictwa MEN MR (13)\" target=\"_self\" data-index=\"12\"><img decoding=\"async\" class=\"wpmf_img\" alt=\"reforma szkolnictwa MEN MR (13)\" src=\"https:\/\/archiwum.invest-park.com.pl\/wp-content\/uploads\/2016\/06\/reforma-szkolnictwa-MEN-MR-13-270x180.jpg\" data-type=\"wpmfgalleryimg\" data-lazy-src=\"https:\/\/archiwum.invest-park.com.pl\/wp-content\/uploads\/2016\/06\/reforma-szkolnictwa-MEN-MR-13-270x180.jpg\"><\/a><\/div><\/div><\/div><\/figure><\/div><\/div>\n<p>&nbsp;<\/p>\n","protected":false},"excerpt":{"rendered":"<p>Introducing a dual system of education that would involve employers and creating two-stage professional schools to replace the existing vocational schools \u2013 these are the main tenets of the education system reform, intended to meet the entrepreneurs\u2019 needs. The reform assumptions were presented by Anna Zalewska, Minister of National Education, and Mateusz Morawiecki, Deputy Prime <\/p>\n<p class=\"text-right\"><a class=\"btn btn-secondary understrap-read-more-link\" href=\"https:\/\/archiwum.invest-park.com.pl\/en\/blog\/2016\/07\/01\/education-for-employers\/\">Read More&#8230;<\/a><\/p>\n","protected":false},"author":1,"featured_media":6079,"comment_status":"open","ping_status":"closed","sticky":false,"template":"","format":"standard","meta":{"_acf_changed":false,"footnotes":""},"categories":[85],"tags":[],"class_list":["post-6150","post","type-post","status-publish","format-standard","has-post-thumbnail","hentry","category-news"],"acf":[],"yoast_head":"<!-- This site is optimized with the Yoast SEO plugin v27.5 - https:\/\/yoast.com\/product\/yoast-seo-wordpress\/ -->\n<title>Education for employers - WSSE &quot;INVEST-PARK&quot;. Wa\u0142brzyska Specjalna Strefa Ekonomiczna &quot;INVEST-PARK&quot;.<\/title>\n<meta name=\"robots\" content=\"index, follow, max-snippet:-1, max-image-preview:large, max-video-preview:-1\" \/>\n<link rel=\"canonical\" href=\"https:\/\/archiwum.invest-park.com.pl\/en\/blog\/2016\/07\/01\/education-for-employers\/\" \/>\n<meta property=\"og:locale\" content=\"en_US\" \/>\n<meta property=\"og:type\" content=\"article\" \/>\n<meta property=\"og:title\" content=\"Education for employers - WSSE &quot;INVEST-PARK&quot;. Wa\u0142brzyska Specjalna Strefa Ekonomiczna &quot;INVEST-PARK&quot;.\" \/>\n<meta property=\"og:description\" content=\"Introducing a dual system of education that would involve employers and creating two-stage professional schools to replace the existing vocational schools \u2013 these are the main tenets of the education system reform, intended to meet the entrepreneurs\u2019 needs. The reform assumptions were presented by Anna Zalewska, Minister of National Education, and Mateusz Morawiecki, Deputy Prime Read More...\" \/>\n<meta property=\"og:url\" content=\"https:\/\/archiwum.invest-park.com.pl\/en\/blog\/2016\/07\/01\/education-for-employers\/\" \/>\n<meta property=\"og:site_name\" content=\"WSSE &quot;INVEST-PARK&quot;. Wa\u0142brzyska Specjalna Strefa Ekonomiczna &quot;INVEST-PARK&quot;.\" \/>\n<meta property=\"article:published_time\" content=\"2016-07-01T12:24:49+00:00\" \/>\n<meta property=\"article:modified_time\" content=\"2016-07-06T06:28:36+00:00\" \/>\n<meta property=\"og:image\" content=\"https:\/\/archiwum.invest-park.com.pl\/wp-content\/uploads\/2016\/06\/reforma-szkolnictwa-MEN-MR-51-e1467023624368.jpg\" \/>\n\t<meta property=\"og:image:width\" content=\"3661\" \/>\n\t<meta property=\"og:image:height\" content=\"1226\" \/>\n\t<meta property=\"og:image:type\" content=\"image\/jpeg\" \/>\n<meta name=\"author\" content=\"Pion IT\" \/>\n<meta name=\"twitter:label1\" content=\"Written by\" \/>\n\t<meta name=\"twitter:data1\" content=\"Pion IT\" \/>\n\t<meta name=\"twitter:label2\" content=\"Est. reading time\" \/>\n\t<meta name=\"twitter:data2\" content=\"3 minutes\" \/>\n<script type=\"application\/ld+json\" class=\"yoast-schema-graph\">{\"@context\":\"https:\\\/\\\/schema.org\",\"@graph\":[{\"@type\":\"Article\",\"@id\":\"https:\\\/\\\/archiwum.invest-park.com.pl\\\/en\\\/blog\\\/2016\\\/07\\\/01\\\/education-for-employers\\\/#article\",\"isPartOf\":{\"@id\":\"https:\\\/\\\/archiwum.invest-park.com.pl\\\/en\\\/blog\\\/2016\\\/07\\\/01\\\/education-for-employers\\\/\"},\"author\":{\"name\":\"Pion IT\",\"@id\":\"https:\\\/\\\/archiwum.invest-park.com.pl\\\/#\\\/schema\\\/person\\\/e1a25243ece3d709f69b2f07f15f97bd\"},\"headline\":\"Education for employers\",\"datePublished\":\"2016-07-01T12:24:49+00:00\",\"dateModified\":\"2016-07-06T06:28:36+00:00\",\"mainEntityOfPage\":{\"@id\":\"https:\\\/\\\/archiwum.invest-park.com.pl\\\/en\\\/blog\\\/2016\\\/07\\\/01\\\/education-for-employers\\\/\"},\"wordCount\":546,\"commentCount\":0,\"image\":{\"@id\":\"https:\\\/\\\/archiwum.invest-park.com.pl\\\/en\\\/blog\\\/2016\\\/07\\\/01\\\/education-for-employers\\\/#primaryimage\"},\"thumbnailUrl\":\"https:\\\/\\\/archiwum.invest-park.com.pl\\\/wp-content\\\/uploads\\\/2016\\\/06\\\/reforma-szkolnictwa-MEN-MR-51-e1467023624368.jpg\",\"articleSection\":[\"News\"],\"inLanguage\":\"en-US\",\"potentialAction\":[{\"@type\":\"CommentAction\",\"name\":\"Comment\",\"target\":[\"https:\\\/\\\/archiwum.invest-park.com.pl\\\/en\\\/blog\\\/2016\\\/07\\\/01\\\/education-for-employers\\\/#respond\"]}]},{\"@type\":\"WebPage\",\"@id\":\"https:\\\/\\\/archiwum.invest-park.com.pl\\\/en\\\/blog\\\/2016\\\/07\\\/01\\\/education-for-employers\\\/\",\"url\":\"https:\\\/\\\/archiwum.invest-park.com.pl\\\/en\\\/blog\\\/2016\\\/07\\\/01\\\/education-for-employers\\\/\",\"name\":\"Education for employers - WSSE &quot;INVEST-PARK&quot;. Wa\u0142brzyska Specjalna Strefa Ekonomiczna &quot;INVEST-PARK&quot;.\",\"isPartOf\":{\"@id\":\"https:\\\/\\\/archiwum.invest-park.com.pl\\\/#website\"},\"primaryImageOfPage\":{\"@id\":\"https:\\\/\\\/archiwum.invest-park.com.pl\\\/en\\\/blog\\\/2016\\\/07\\\/01\\\/education-for-employers\\\/#primaryimage\"},\"image\":{\"@id\":\"https:\\\/\\\/archiwum.invest-park.com.pl\\\/en\\\/blog\\\/2016\\\/07\\\/01\\\/education-for-employers\\\/#primaryimage\"},\"thumbnailUrl\":\"https:\\\/\\\/archiwum.invest-park.com.pl\\\/wp-content\\\/uploads\\\/2016\\\/06\\\/reforma-szkolnictwa-MEN-MR-51-e1467023624368.jpg\",\"datePublished\":\"2016-07-01T12:24:49+00:00\",\"dateModified\":\"2016-07-06T06:28:36+00:00\",\"author\":{\"@id\":\"https:\\\/\\\/archiwum.invest-park.com.pl\\\/#\\\/schema\\\/person\\\/e1a25243ece3d709f69b2f07f15f97bd\"},\"breadcrumb\":{\"@id\":\"https:\\\/\\\/archiwum.invest-park.com.pl\\\/en\\\/blog\\\/2016\\\/07\\\/01\\\/education-for-employers\\\/#breadcrumb\"},\"inLanguage\":\"en-US\",\"potentialAction\":[{\"@type\":\"ReadAction\",\"target\":[\"https:\\\/\\\/archiwum.invest-park.com.pl\\\/en\\\/blog\\\/2016\\\/07\\\/01\\\/education-for-employers\\\/\"]}]},{\"@type\":\"ImageObject\",\"inLanguage\":\"en-US\",\"@id\":\"https:\\\/\\\/archiwum.invest-park.com.pl\\\/en\\\/blog\\\/2016\\\/07\\\/01\\\/education-for-employers\\\/#primaryimage\",\"url\":\"https:\\\/\\\/archiwum.invest-park.com.pl\\\/wp-content\\\/uploads\\\/2016\\\/06\\\/reforma-szkolnictwa-MEN-MR-51-e1467023624368.jpg\",\"contentUrl\":\"https:\\\/\\\/archiwum.invest-park.com.pl\\\/wp-content\\\/uploads\\\/2016\\\/06\\\/reforma-szkolnictwa-MEN-MR-51-e1467023624368.jpg\",\"width\":3661,\"height\":1226},{\"@type\":\"BreadcrumbList\",\"@id\":\"https:\\\/\\\/archiwum.invest-park.com.pl\\\/en\\\/blog\\\/2016\\\/07\\\/01\\\/education-for-employers\\\/#breadcrumb\",\"itemListElement\":[{\"@type\":\"ListItem\",\"position\":1,\"name\":\"Strona g\u0142\u00f3wna\",\"item\":\"https:\\\/\\\/archiwum.invest-park.com.pl\\\/en\\\/\"},{\"@type\":\"ListItem\",\"position\":2,\"name\":\"Education for employers\"}]},{\"@type\":\"WebSite\",\"@id\":\"https:\\\/\\\/archiwum.invest-park.com.pl\\\/#website\",\"url\":\"https:\\\/\\\/archiwum.invest-park.com.pl\\\/\",\"name\":\"WSSE &quot;INVEST-PARK&quot;. Wa\u0142brzyska Specjalna Strefa Ekonomiczna &quot;INVEST-PARK&quot;.\",\"description\":\"Wa\u0142brzyska Specjalna Strefa Ekonomiczna to jedna z najwi\u0119kszych i najdynamiczniej rozwijaj\u0105cych si\u0119 stref ekonomicznych w Polsce | Znajd\u017a tereny inwestycyjne z ulgami podatkowymi | Dzia\u0142ki inwestycyjne | Tereny inwestycyjne | Strefy ekonomiczne w Polsce | Invest in Poland in Special Economic Zone\",\"potentialAction\":[{\"@type\":\"SearchAction\",\"target\":{\"@type\":\"EntryPoint\",\"urlTemplate\":\"https:\\\/\\\/archiwum.invest-park.com.pl\\\/?s={search_term_string}\"},\"query-input\":{\"@type\":\"PropertyValueSpecification\",\"valueRequired\":true,\"valueName\":\"search_term_string\"}}],\"inLanguage\":\"en-US\"},{\"@type\":\"Person\",\"@id\":\"https:\\\/\\\/archiwum.invest-park.com.pl\\\/#\\\/schema\\\/person\\\/e1a25243ece3d709f69b2f07f15f97bd\",\"name\":\"Pion IT\",\"image\":{\"@type\":\"ImageObject\",\"inLanguage\":\"en-US\",\"@id\":\"https:\\\/\\\/secure.gravatar.com\\\/avatar\\\/c98fecba299a4b313b2b82702b1a69330e83b1d8288898b0d5a717c2eeeba508?s=96&d=mm&r=g\",\"url\":\"https:\\\/\\\/secure.gravatar.com\\\/avatar\\\/c98fecba299a4b313b2b82702b1a69330e83b1d8288898b0d5a717c2eeeba508?s=96&d=mm&r=g\",\"contentUrl\":\"https:\\\/\\\/secure.gravatar.com\\\/avatar\\\/c98fecba299a4b313b2b82702b1a69330e83b1d8288898b0d5a717c2eeeba508?s=96&d=mm&r=g\",\"caption\":\"Pion IT\"}}]}<\/script>\n<!-- \/ Yoast SEO plugin. -->","yoast_head_json":{"title":"Education for employers - WSSE &quot;INVEST-PARK&quot;. Wa\u0142brzyska Specjalna Strefa Ekonomiczna &quot;INVEST-PARK&quot;.","robots":{"index":"index","follow":"follow","max-snippet":"max-snippet:-1","max-image-preview":"max-image-preview:large","max-video-preview":"max-video-preview:-1"},"canonical":"https:\/\/archiwum.invest-park.com.pl\/en\/blog\/2016\/07\/01\/education-for-employers\/","og_locale":"en_US","og_type":"article","og_title":"Education for employers - WSSE &quot;INVEST-PARK&quot;. Wa\u0142brzyska Specjalna Strefa Ekonomiczna &quot;INVEST-PARK&quot;.","og_description":"Introducing a dual system of education that would involve employers and creating two-stage professional schools to replace the existing vocational schools \u2013 these are the main tenets of the education system reform, intended to meet the entrepreneurs\u2019 needs. The reform assumptions were presented by Anna Zalewska, Minister of National Education, and Mateusz Morawiecki, Deputy Prime Read More...","og_url":"https:\/\/archiwum.invest-park.com.pl\/en\/blog\/2016\/07\/01\/education-for-employers\/","og_site_name":"WSSE &quot;INVEST-PARK&quot;. Wa\u0142brzyska Specjalna Strefa Ekonomiczna &quot;INVEST-PARK&quot;.","article_published_time":"2016-07-01T12:24:49+00:00","article_modified_time":"2016-07-06T06:28:36+00:00","og_image":[{"width":3661,"height":1226,"url":"https:\/\/archiwum.invest-park.com.pl\/wp-content\/uploads\/2016\/06\/reforma-szkolnictwa-MEN-MR-51-e1467023624368.jpg","type":"image\/jpeg"}],"author":"Pion IT","twitter_misc":{"Written by":"Pion IT","Est. reading time":"3 minutes"},"schema":{"@context":"https:\/\/schema.org","@graph":[{"@type":"Article","@id":"https:\/\/archiwum.invest-park.com.pl\/en\/blog\/2016\/07\/01\/education-for-employers\/#article","isPartOf":{"@id":"https:\/\/archiwum.invest-park.com.pl\/en\/blog\/2016\/07\/01\/education-for-employers\/"},"author":{"name":"Pion IT","@id":"https:\/\/archiwum.invest-park.com.pl\/#\/schema\/person\/e1a25243ece3d709f69b2f07f15f97bd"},"headline":"Education for employers","datePublished":"2016-07-01T12:24:49+00:00","dateModified":"2016-07-06T06:28:36+00:00","mainEntityOfPage":{"@id":"https:\/\/archiwum.invest-park.com.pl\/en\/blog\/2016\/07\/01\/education-for-employers\/"},"wordCount":546,"commentCount":0,"image":{"@id":"https:\/\/archiwum.invest-park.com.pl\/en\/blog\/2016\/07\/01\/education-for-employers\/#primaryimage"},"thumbnailUrl":"https:\/\/archiwum.invest-park.com.pl\/wp-content\/uploads\/2016\/06\/reforma-szkolnictwa-MEN-MR-51-e1467023624368.jpg","articleSection":["News"],"inLanguage":"en-US","potentialAction":[{"@type":"CommentAction","name":"Comment","target":["https:\/\/archiwum.invest-park.com.pl\/en\/blog\/2016\/07\/01\/education-for-employers\/#respond"]}]},{"@type":"WebPage","@id":"https:\/\/archiwum.invest-park.com.pl\/en\/blog\/2016\/07\/01\/education-for-employers\/","url":"https:\/\/archiwum.invest-park.com.pl\/en\/blog\/2016\/07\/01\/education-for-employers\/","name":"Education for employers - WSSE &quot;INVEST-PARK&quot;. Wa\u0142brzyska Specjalna Strefa Ekonomiczna &quot;INVEST-PARK&quot;.","isPartOf":{"@id":"https:\/\/archiwum.invest-park.com.pl\/#website"},"primaryImageOfPage":{"@id":"https:\/\/archiwum.invest-park.com.pl\/en\/blog\/2016\/07\/01\/education-for-employers\/#primaryimage"},"image":{"@id":"https:\/\/archiwum.invest-park.com.pl\/en\/blog\/2016\/07\/01\/education-for-employers\/#primaryimage"},"thumbnailUrl":"https:\/\/archiwum.invest-park.com.pl\/wp-content\/uploads\/2016\/06\/reforma-szkolnictwa-MEN-MR-51-e1467023624368.jpg","datePublished":"2016-07-01T12:24:49+00:00","dateModified":"2016-07-06T06:28:36+00:00","author":{"@id":"https:\/\/archiwum.invest-park.com.pl\/#\/schema\/person\/e1a25243ece3d709f69b2f07f15f97bd"},"breadcrumb":{"@id":"https:\/\/archiwum.invest-park.com.pl\/en\/blog\/2016\/07\/01\/education-for-employers\/#breadcrumb"},"inLanguage":"en-US","potentialAction":[{"@type":"ReadAction","target":["https:\/\/archiwum.invest-park.com.pl\/en\/blog\/2016\/07\/01\/education-for-employers\/"]}]},{"@type":"ImageObject","inLanguage":"en-US","@id":"https:\/\/archiwum.invest-park.com.pl\/en\/blog\/2016\/07\/01\/education-for-employers\/#primaryimage","url":"https:\/\/archiwum.invest-park.com.pl\/wp-content\/uploads\/2016\/06\/reforma-szkolnictwa-MEN-MR-51-e1467023624368.jpg","contentUrl":"https:\/\/archiwum.invest-park.com.pl\/wp-content\/uploads\/2016\/06\/reforma-szkolnictwa-MEN-MR-51-e1467023624368.jpg","width":3661,"height":1226},{"@type":"BreadcrumbList","@id":"https:\/\/archiwum.invest-park.com.pl\/en\/blog\/2016\/07\/01\/education-for-employers\/#breadcrumb","itemListElement":[{"@type":"ListItem","position":1,"name":"Strona g\u0142\u00f3wna","item":"https:\/\/archiwum.invest-park.com.pl\/en\/"},{"@type":"ListItem","position":2,"name":"Education for employers"}]},{"@type":"WebSite","@id":"https:\/\/archiwum.invest-park.com.pl\/#website","url":"https:\/\/archiwum.invest-park.com.pl\/","name":"WSSE &quot;INVEST-PARK&quot;. Wa\u0142brzyska Specjalna Strefa Ekonomiczna &quot;INVEST-PARK&quot;.","description":"Wa\u0142brzyska Specjalna Strefa Ekonomiczna to jedna z najwi\u0119kszych i najdynamiczniej rozwijaj\u0105cych si\u0119 stref ekonomicznych w Polsce | Znajd\u017a tereny inwestycyjne z ulgami podatkowymi | Dzia\u0142ki inwestycyjne | Tereny inwestycyjne | Strefy ekonomiczne w Polsce | Invest in Poland in Special Economic Zone","potentialAction":[{"@type":"SearchAction","target":{"@type":"EntryPoint","urlTemplate":"https:\/\/archiwum.invest-park.com.pl\/?s={search_term_string}"},"query-input":{"@type":"PropertyValueSpecification","valueRequired":true,"valueName":"search_term_string"}}],"inLanguage":"en-US"},{"@type":"Person","@id":"https:\/\/archiwum.invest-park.com.pl\/#\/schema\/person\/e1a25243ece3d709f69b2f07f15f97bd","name":"Pion IT","image":{"@type":"ImageObject","inLanguage":"en-US","@id":"https:\/\/secure.gravatar.com\/avatar\/c98fecba299a4b313b2b82702b1a69330e83b1d8288898b0d5a717c2eeeba508?s=96&d=mm&r=g","url":"https:\/\/secure.gravatar.com\/avatar\/c98fecba299a4b313b2b82702b1a69330e83b1d8288898b0d5a717c2eeeba508?s=96&d=mm&r=g","contentUrl":"https:\/\/secure.gravatar.com\/avatar\/c98fecba299a4b313b2b82702b1a69330e83b1d8288898b0d5a717c2eeeba508?s=96&d=mm&r=g","caption":"Pion IT"}}]}},"_links":{"self":[{"href":"https:\/\/archiwum.invest-park.com.pl\/en\/wp-json\/wp\/v2\/posts\/6150","targetHints":{"allow":["GET"]}}],"collection":[{"href":"https:\/\/archiwum.invest-park.com.pl\/en\/wp-json\/wp\/v2\/posts"}],"about":[{"href":"https:\/\/archiwum.invest-park.com.pl\/en\/wp-json\/wp\/v2\/types\/post"}],"author":[{"embeddable":true,"href":"https:\/\/archiwum.invest-park.com.pl\/en\/wp-json\/wp\/v2\/users\/1"}],"replies":[{"embeddable":true,"href":"https:\/\/archiwum.invest-park.com.pl\/en\/wp-json\/wp\/v2\/comments?post=6150"}],"version-history":[{"count":1,"href":"https:\/\/archiwum.invest-park.com.pl\/en\/wp-json\/wp\/v2\/posts\/6150\/revisions"}],"predecessor-version":[{"id":6151,"href":"https:\/\/archiwum.invest-park.com.pl\/en\/wp-json\/wp\/v2\/posts\/6150\/revisions\/6151"}],"wp:featuredmedia":[{"embeddable":true,"href":"https:\/\/archiwum.invest-park.com.pl\/en\/wp-json\/wp\/v2\/media\/6079"}],"wp:attachment":[{"href":"https:\/\/archiwum.invest-park.com.pl\/en\/wp-json\/wp\/v2\/media?parent=6150"}],"wp:term":[{"taxonomy":"category","embeddable":true,"href":"https:\/\/archiwum.invest-park.com.pl\/en\/wp-json\/wp\/v2\/categories?post=6150"},{"taxonomy":"post_tag","embeddable":true,"href":"https:\/\/archiwum.invest-park.com.pl\/en\/wp-json\/wp\/v2\/tags?post=6150"}],"curies":[{"name":"wp","href":"https:\/\/api.w.org\/{rel}","templated":true}]}}