{"id":5674,"date":"2016-04-19T12:48:24","date_gmt":"2016-04-19T10:48:24","guid":{"rendered":"https:\/\/invest-park.com.pl\/?p=5674"},"modified":"2016-04-20T09:41:58","modified_gmt":"2016-04-20T07:41:58","slug":"the-ambassador-of-iran-in-the-wsez","status":"publish","type":"post","link":"https:\/\/archiwum.invest-park.com.pl\/en\/blog\/2016\/04\/19\/the-ambassador-of-iran-in-the-wsez\/","title":{"rendered":"The Ambassador of Iran in the WSEZ"},"content":{"rendered":"<p><strong>The Ambassador of the Islamic Republic of Iran was the guest of the Wa\u0142brzych Special Economic Zone \u201cINVEST-PARK\u201d. Tightening trade cooperation between Lower Silesia and Iran was the main subject of the talks.<\/strong><!--more--><\/p>\n<p>Ramin Mehmanparast, the Ambassador of the Islamic Republic of Iran to Poland, paid a three-day visit to Dolno\u015bl\u0105skie Province. Before the meeting at the WSEZ seat he visited facilities in the Nowa Ruda subzone \u2013 Orion PU\u2019s factory, where glues and sealants for the construction industry are made, and ZPAS, a company connected with the energy and electronic industry.<\/p>\n<p><a href=\"https:\/\/archiwum.invest-park.com.pl\/blog\/2016\/04\/16\/ambasador-iranu-w-wsse\/wsse_ambasadoriranu-8\/\" rel=\"attachment wp-att-5642\"><img loading=\"lazy\" decoding=\"async\" class=\"alignnone wp-image-5642 size-large\" src=\"https:\/\/archiwum.invest-park.com.pl\/wp-content\/uploads\/2016\/04\/WSSE_AmbasadorIranu-8-1024x497.jpg\" alt=\"WSSE_AmbasadorIranu (8)\" width=\"1024\" height=\"497\" srcset=\"https:\/\/archiwum.invest-park.com.pl\/wp-content\/uploads\/2016\/04\/WSSE_AmbasadorIranu-8-1024x497.jpg 1024w, https:\/\/archiwum.invest-park.com.pl\/wp-content\/uploads\/2016\/04\/WSSE_AmbasadorIranu-8-270x131.jpg 270w, https:\/\/archiwum.invest-park.com.pl\/wp-content\/uploads\/2016\/04\/WSSE_AmbasadorIranu-8-300x146.jpg 300w, https:\/\/archiwum.invest-park.com.pl\/wp-content\/uploads\/2016\/04\/WSSE_AmbasadorIranu-8-768x373.jpg 768w, https:\/\/archiwum.invest-park.com.pl\/wp-content\/uploads\/2016\/04\/WSSE_AmbasadorIranu-8-600x291.jpg 600w, https:\/\/archiwum.invest-park.com.pl\/wp-content\/uploads\/2016\/04\/WSSE_AmbasadorIranu-8-393x191.jpg 393w\" sizes=\"auto, (max-width: 1024px) 100vw, 1024px\" \/><\/a><\/p>\n<blockquote><p>\u201cLower Silesia is a very important region for us, and the offer of the Wa\u0142brzych zone makes it even more attractive. I would like to base the cooperation between our countries on many dimensions, including economy, science and culture. Our contact shouldn\u2019t come down to official intergovernmental meetings,\u201d Ambassador Mehmanparast said.<\/p><\/blockquote>\n<p>During the meeting, the functioning of the WSEZ, which is the largest of 14 special economic zones in Poland, was presented. There was also a detailed overview of the preferential conditions offered to entrepreneurs, particularly in the form of tax exemptions, and a presentation of sites near Wa\u0142brzych that are available to investors.<\/p>\n<blockquote><p>\u201cWe are highly interested in contact with Iranian firms and we are open to cooperation,\u201d said Maciej Badora, President of the WSEZ \u201cINVEST-PARK\u201d. \u201cIran has huge potential, also from the scientific point of view. The Wa\u0142brzych zone, in turn, is the perfect place to locate innovative investment projects,\u201d Mr. Badora ensured the ambassador.<\/p><\/blockquote>\n<p>The WSEZ\u2019s president invited representatives of Iranian companies and government to visit Wa\u0142brzych. The ambassador\u2019s visit was coordinated by the Marshal Office of Dolno\u015bl\u0105skie Province.<\/p>\n<p><a href=\"https:\/\/archiwum.invest-park.com.pl\/blog\/2016\/04\/16\/ambasador-iranu-w-wsse\/wsse_ambasadoriranu-4\/\" rel=\"attachment wp-att-5638\"><img loading=\"lazy\" decoding=\"async\" class=\"alignnone wp-image-5638 size-large\" src=\"https:\/\/archiwum.invest-park.com.pl\/wp-content\/uploads\/2016\/04\/WSSE_AmbasadorIranu-4-1024x460.jpg\" alt=\"WSSE_AmbasadorIranu (4)\" width=\"1024\" height=\"460\" \/><\/a><\/p>\n<div class=\"wpmf-gallerys wpmf-gallerys-life \" ><div id=\"gallery-1\" class=\"gallery gallery_life wpmf_gallery_default gallery_default  gallery-columns-3 gallery-size-thumbnail gallery-link-file wpmf-has-border-radius-0 wpmf-gutterwidth-5 no_ratio\"><figure class=\"wpmf-gallery-item\" data-index=\"0\"><div class=\"wpmf-gallery-icon\"><div class=\"square_thumbnail\"><div class=\"img_centered\"><a class=\" not_video noLightbox\" data-lightbox=\"1\" data-href=\"https:\/\/archiwum.invest-park.com.pl\/wp-content\/uploads\/2016\/04\/WSSE_AmbasadorIranu-1-1024x678.jpg\" title=\"WSSE_AmbasadorIranu (1)\" target=\"_self\" data-index=\"0\"><img decoding=\"async\" class=\"wpmf_img\" alt=\"WSSE_AmbasadorIranu (1)\" src=\"https:\/\/archiwum.invest-park.com.pl\/wp-content\/uploads\/2016\/04\/WSSE_AmbasadorIranu-1-270x179.jpg\" data-type=\"wpmfgalleryimg\" data-lazy-src=\"https:\/\/archiwum.invest-park.com.pl\/wp-content\/uploads\/2016\/04\/WSSE_AmbasadorIranu-1-270x179.jpg\"><\/a><\/div><\/div><\/div><\/figure><figure class=\"wpmf-gallery-item\" data-index=\"1\"><div class=\"wpmf-gallery-icon\"><div class=\"square_thumbnail\"><div class=\"img_centered\"><a class=\" not_video noLightbox\" data-lightbox=\"1\" data-href=\"https:\/\/archiwum.invest-park.com.pl\/wp-content\/uploads\/2016\/04\/WSSE_AmbasadorIranu-2-1024x678.jpg\" title=\"WSSE_AmbasadorIranu (2)\" target=\"_self\" data-index=\"1\"><img decoding=\"async\" class=\"wpmf_img\" alt=\"WSSE_AmbasadorIranu (2)\" src=\"https:\/\/archiwum.invest-park.com.pl\/wp-content\/uploads\/2016\/04\/WSSE_AmbasadorIranu-2-270x179.jpg\" data-type=\"wpmfgalleryimg\" data-lazy-src=\"https:\/\/archiwum.invest-park.com.pl\/wp-content\/uploads\/2016\/04\/WSSE_AmbasadorIranu-2-270x179.jpg\"><\/a><\/div><\/div><\/div><\/figure><figure class=\"wpmf-gallery-item\" data-index=\"2\"><div class=\"wpmf-gallery-icon\"><div class=\"square_thumbnail\"><div class=\"img_centered\"><a class=\" not_video noLightbox\" data-lightbox=\"1\" data-href=\"https:\/\/archiwum.invest-park.com.pl\/wp-content\/uploads\/2016\/04\/WSSE_AmbasadorIranu-3-1024x687.jpg\" title=\"WSSE_AmbasadorIranu (3)\" target=\"_self\" data-index=\"2\"><img decoding=\"async\" class=\"wpmf_img\" alt=\"WSSE_AmbasadorIranu (3)\" src=\"https:\/\/archiwum.invest-park.com.pl\/wp-content\/uploads\/2016\/04\/WSSE_AmbasadorIranu-3-270x181.jpg\" data-type=\"wpmfgalleryimg\" data-lazy-src=\"https:\/\/archiwum.invest-park.com.pl\/wp-content\/uploads\/2016\/04\/WSSE_AmbasadorIranu-3-270x181.jpg\"><\/a><\/div><\/div><\/div><\/figure><figure class=\"wpmf-gallery-item\" data-index=\"3\"><div class=\"wpmf-gallery-icon\"><div class=\"square_thumbnail\"><div class=\"img_centered\"><a class=\" not_video noLightbox\" data-lightbox=\"1\" data-href=\"https:\/\/archiwum.invest-park.com.pl\/wp-content\/uploads\/2016\/04\/WSSE_AmbasadorIranu-5-1024x678.jpg\" title=\"WSSE_AmbasadorIranu (5)\" target=\"_self\" data-index=\"3\"><img decoding=\"async\" class=\"wpmf_img\" alt=\"WSSE_AmbasadorIranu (5)\" src=\"https:\/\/archiwum.invest-park.com.pl\/wp-content\/uploads\/2016\/04\/WSSE_AmbasadorIranu-5-270x179.jpg\" data-type=\"wpmfgalleryimg\" data-lazy-src=\"https:\/\/archiwum.invest-park.com.pl\/wp-content\/uploads\/2016\/04\/WSSE_AmbasadorIranu-5-270x179.jpg\"><\/a><\/div><\/div><\/div><\/figure><figure class=\"wpmf-gallery-item\" data-index=\"4\"><div class=\"wpmf-gallery-icon\"><div class=\"square_thumbnail\"><div class=\"img_centered\"><a class=\" not_video noLightbox\" data-lightbox=\"1\" data-href=\"https:\/\/archiwum.invest-park.com.pl\/wp-content\/uploads\/2016\/04\/WSSE_AmbasadorIranu-6-1024x678.jpg\" title=\"WSSE_AmbasadorIranu (6)\" target=\"_self\" data-index=\"4\"><img decoding=\"async\" class=\"wpmf_img\" alt=\"WSSE_AmbasadorIranu (6)\" src=\"https:\/\/archiwum.invest-park.com.pl\/wp-content\/uploads\/2016\/04\/WSSE_AmbasadorIranu-6-270x179.jpg\" data-type=\"wpmfgalleryimg\" data-lazy-src=\"https:\/\/archiwum.invest-park.com.pl\/wp-content\/uploads\/2016\/04\/WSSE_AmbasadorIranu-6-270x179.jpg\"><\/a><\/div><\/div><\/div><\/figure><figure class=\"wpmf-gallery-item\" data-index=\"5\"><div class=\"wpmf-gallery-icon\"><div class=\"square_thumbnail\"><div class=\"img_centered\"><a class=\" not_video noLightbox\" data-lightbox=\"1\" data-href=\"https:\/\/archiwum.invest-park.com.pl\/wp-content\/uploads\/2016\/04\/WSSE_AmbasadorIranu-7-1024x669.jpg\" title=\"WSSE_AmbasadorIranu (7)\" target=\"_self\" data-index=\"5\"><img decoding=\"async\" class=\"wpmf_img\" alt=\"WSSE_AmbasadorIranu (7)\" src=\"https:\/\/archiwum.invest-park.com.pl\/wp-content\/uploads\/2016\/04\/WSSE_AmbasadorIranu-7-270x176.jpg\" data-type=\"wpmfgalleryimg\" data-lazy-src=\"https:\/\/archiwum.invest-park.com.pl\/wp-content\/uploads\/2016\/04\/WSSE_AmbasadorIranu-7-270x176.jpg\"><\/a><\/div><\/div><\/div><\/figure><\/div><\/div>\n","protected":false},"excerpt":{"rendered":"<p>The Ambassador of the Islamic Republic of Iran was the guest of the Wa\u0142brzych Special Economic Zone \u201cINVEST-PARK\u201d. Tightening trade cooperation between Lower Silesia and Iran was the main subject of the talks. <\/p>\n<p class=\"text-right\"><a class=\"btn btn-secondary understrap-read-more-link\" href=\"https:\/\/archiwum.invest-park.com.pl\/en\/blog\/2016\/04\/19\/the-ambassador-of-iran-in-the-wsez\/\">Read More&#8230;<\/a><\/p>\n","protected":false},"author":1,"featured_media":5642,"comment_status":"open","ping_status":"closed","sticky":false,"template":"","format":"standard","meta":{"_acf_changed":false,"footnotes":""},"categories":[85],"tags":[],"class_list":["post-5674","post","type-post","status-publish","format-standard","has-post-thumbnail","hentry","category-news"],"acf":[],"yoast_head":"<!-- This site is optimized with the Yoast SEO plugin v27.5 - https:\/\/yoast.com\/product\/yoast-seo-wordpress\/ -->\n<title>The Ambassador of Iran in the WSEZ - WSSE &quot;INVEST-PARK&quot;. Wa\u0142brzyska Specjalna Strefa Ekonomiczna &quot;INVEST-PARK&quot;.<\/title>\n<meta name=\"robots\" content=\"index, follow, max-snippet:-1, max-image-preview:large, max-video-preview:-1\" \/>\n<link rel=\"canonical\" href=\"https:\/\/archiwum.invest-park.com.pl\/en\/blog\/2016\/04\/19\/the-ambassador-of-iran-in-the-wsez\/\" \/>\n<meta property=\"og:locale\" content=\"en_US\" \/>\n<meta property=\"og:type\" content=\"article\" \/>\n<meta property=\"og:title\" content=\"The Ambassador of Iran in the WSEZ - WSSE &quot;INVEST-PARK&quot;. Wa\u0142brzyska Specjalna Strefa Ekonomiczna &quot;INVEST-PARK&quot;.\" \/>\n<meta property=\"og:description\" content=\"The Ambassador of the Islamic Republic of Iran was the guest of the Wa\u0142brzych Special Economic Zone \u201cINVEST-PARK\u201d. Tightening trade cooperation between Lower Silesia and Iran was the main subject of the talks. Read More...\" \/>\n<meta property=\"og:url\" content=\"https:\/\/archiwum.invest-park.com.pl\/en\/blog\/2016\/04\/19\/the-ambassador-of-iran-in-the-wsez\/\" \/>\n<meta property=\"og:site_name\" content=\"WSSE &quot;INVEST-PARK&quot;. Wa\u0142brzyska Specjalna Strefa Ekonomiczna &quot;INVEST-PARK&quot;.\" \/>\n<meta property=\"article:published_time\" content=\"2016-04-19T10:48:24+00:00\" \/>\n<meta property=\"article:modified_time\" content=\"2016-04-20T07:41:58+00:00\" \/>\n<meta property=\"og:image\" content=\"https:\/\/archiwum.invest-park.com.pl\/wp-content\/uploads\/2016\/04\/WSSE_AmbasadorIranu-8.jpg\" \/>\n\t<meta property=\"og:image:width\" content=\"3630\" \/>\n\t<meta property=\"og:image:height\" content=\"1763\" \/>\n\t<meta property=\"og:image:type\" content=\"image\/jpeg\" \/>\n<meta name=\"author\" content=\"Pion IT\" \/>\n<meta name=\"twitter:label1\" content=\"Written by\" \/>\n\t<meta name=\"twitter:data1\" content=\"Pion IT\" \/>\n\t<meta name=\"twitter:label2\" content=\"Est. reading time\" \/>\n\t<meta name=\"twitter:data2\" content=\"1 minute\" \/>\n<script type=\"application\/ld+json\" class=\"yoast-schema-graph\">{\"@context\":\"https:\\\/\\\/schema.org\",\"@graph\":[{\"@type\":\"Article\",\"@id\":\"https:\\\/\\\/archiwum.invest-park.com.pl\\\/en\\\/blog\\\/2016\\\/04\\\/19\\\/the-ambassador-of-iran-in-the-wsez\\\/#article\",\"isPartOf\":{\"@id\":\"https:\\\/\\\/archiwum.invest-park.com.pl\\\/en\\\/blog\\\/2016\\\/04\\\/19\\\/the-ambassador-of-iran-in-the-wsez\\\/\"},\"author\":{\"name\":\"Pion IT\",\"@id\":\"https:\\\/\\\/archiwum.invest-park.com.pl\\\/#\\\/schema\\\/person\\\/e1a25243ece3d709f69b2f07f15f97bd\"},\"headline\":\"The Ambassador of Iran in the WSEZ\",\"datePublished\":\"2016-04-19T10:48:24+00:00\",\"dateModified\":\"2016-04-20T07:41:58+00:00\",\"mainEntityOfPage\":{\"@id\":\"https:\\\/\\\/archiwum.invest-park.com.pl\\\/en\\\/blog\\\/2016\\\/04\\\/19\\\/the-ambassador-of-iran-in-the-wsez\\\/\"},\"wordCount\":296,\"commentCount\":0,\"image\":{\"@id\":\"https:\\\/\\\/archiwum.invest-park.com.pl\\\/en\\\/blog\\\/2016\\\/04\\\/19\\\/the-ambassador-of-iran-in-the-wsez\\\/#primaryimage\"},\"thumbnailUrl\":\"https:\\\/\\\/archiwum.invest-park.com.pl\\\/wp-content\\\/uploads\\\/2016\\\/04\\\/WSSE_AmbasadorIranu-8.jpg\",\"articleSection\":[\"News\"],\"inLanguage\":\"en-US\",\"potentialAction\":[{\"@type\":\"CommentAction\",\"name\":\"Comment\",\"target\":[\"https:\\\/\\\/archiwum.invest-park.com.pl\\\/en\\\/blog\\\/2016\\\/04\\\/19\\\/the-ambassador-of-iran-in-the-wsez\\\/#respond\"]}]},{\"@type\":\"WebPage\",\"@id\":\"https:\\\/\\\/archiwum.invest-park.com.pl\\\/en\\\/blog\\\/2016\\\/04\\\/19\\\/the-ambassador-of-iran-in-the-wsez\\\/\",\"url\":\"https:\\\/\\\/archiwum.invest-park.com.pl\\\/en\\\/blog\\\/2016\\\/04\\\/19\\\/the-ambassador-of-iran-in-the-wsez\\\/\",\"name\":\"The Ambassador of Iran in the WSEZ - WSSE &quot;INVEST-PARK&quot;. Wa\u0142brzyska Specjalna Strefa Ekonomiczna &quot;INVEST-PARK&quot;.\",\"isPartOf\":{\"@id\":\"https:\\\/\\\/archiwum.invest-park.com.pl\\\/#website\"},\"primaryImageOfPage\":{\"@id\":\"https:\\\/\\\/archiwum.invest-park.com.pl\\\/en\\\/blog\\\/2016\\\/04\\\/19\\\/the-ambassador-of-iran-in-the-wsez\\\/#primaryimage\"},\"image\":{\"@id\":\"https:\\\/\\\/archiwum.invest-park.com.pl\\\/en\\\/blog\\\/2016\\\/04\\\/19\\\/the-ambassador-of-iran-in-the-wsez\\\/#primaryimage\"},\"thumbnailUrl\":\"https:\\\/\\\/archiwum.invest-park.com.pl\\\/wp-content\\\/uploads\\\/2016\\\/04\\\/WSSE_AmbasadorIranu-8.jpg\",\"datePublished\":\"2016-04-19T10:48:24+00:00\",\"dateModified\":\"2016-04-20T07:41:58+00:00\",\"author\":{\"@id\":\"https:\\\/\\\/archiwum.invest-park.com.pl\\\/#\\\/schema\\\/person\\\/e1a25243ece3d709f69b2f07f15f97bd\"},\"breadcrumb\":{\"@id\":\"https:\\\/\\\/archiwum.invest-park.com.pl\\\/en\\\/blog\\\/2016\\\/04\\\/19\\\/the-ambassador-of-iran-in-the-wsez\\\/#breadcrumb\"},\"inLanguage\":\"en-US\",\"potentialAction\":[{\"@type\":\"ReadAction\",\"target\":[\"https:\\\/\\\/archiwum.invest-park.com.pl\\\/en\\\/blog\\\/2016\\\/04\\\/19\\\/the-ambassador-of-iran-in-the-wsez\\\/\"]}]},{\"@type\":\"ImageObject\",\"inLanguage\":\"en-US\",\"@id\":\"https:\\\/\\\/archiwum.invest-park.com.pl\\\/en\\\/blog\\\/2016\\\/04\\\/19\\\/the-ambassador-of-iran-in-the-wsez\\\/#primaryimage\",\"url\":\"https:\\\/\\\/archiwum.invest-park.com.pl\\\/wp-content\\\/uploads\\\/2016\\\/04\\\/WSSE_AmbasadorIranu-8.jpg\",\"contentUrl\":\"https:\\\/\\\/archiwum.invest-park.com.pl\\\/wp-content\\\/uploads\\\/2016\\\/04\\\/WSSE_AmbasadorIranu-8.jpg\",\"width\":3630,\"height\":1763},{\"@type\":\"BreadcrumbList\",\"@id\":\"https:\\\/\\\/archiwum.invest-park.com.pl\\\/en\\\/blog\\\/2016\\\/04\\\/19\\\/the-ambassador-of-iran-in-the-wsez\\\/#breadcrumb\",\"itemListElement\":[{\"@type\":\"ListItem\",\"position\":1,\"name\":\"Strona g\u0142\u00f3wna\",\"item\":\"https:\\\/\\\/archiwum.invest-park.com.pl\\\/en\\\/\"},{\"@type\":\"ListItem\",\"position\":2,\"name\":\"The Ambassador of Iran in the WSEZ\"}]},{\"@type\":\"WebSite\",\"@id\":\"https:\\\/\\\/archiwum.invest-park.com.pl\\\/#website\",\"url\":\"https:\\\/\\\/archiwum.invest-park.com.pl\\\/\",\"name\":\"WSSE &quot;INVEST-PARK&quot;. Wa\u0142brzyska Specjalna Strefa Ekonomiczna &quot;INVEST-PARK&quot;.\",\"description\":\"Wa\u0142brzyska Specjalna Strefa Ekonomiczna to jedna z najwi\u0119kszych i najdynamiczniej rozwijaj\u0105cych si\u0119 stref ekonomicznych w Polsce | Znajd\u017a tereny inwestycyjne z ulgami podatkowymi | Dzia\u0142ki inwestycyjne | Tereny inwestycyjne | Strefy ekonomiczne w Polsce | Invest in Poland in Special Economic Zone\",\"potentialAction\":[{\"@type\":\"SearchAction\",\"target\":{\"@type\":\"EntryPoint\",\"urlTemplate\":\"https:\\\/\\\/archiwum.invest-park.com.pl\\\/?s={search_term_string}\"},\"query-input\":{\"@type\":\"PropertyValueSpecification\",\"valueRequired\":true,\"valueName\":\"search_term_string\"}}],\"inLanguage\":\"en-US\"},{\"@type\":\"Person\",\"@id\":\"https:\\\/\\\/archiwum.invest-park.com.pl\\\/#\\\/schema\\\/person\\\/e1a25243ece3d709f69b2f07f15f97bd\",\"name\":\"Pion IT\",\"image\":{\"@type\":\"ImageObject\",\"inLanguage\":\"en-US\",\"@id\":\"https:\\\/\\\/secure.gravatar.com\\\/avatar\\\/c98fecba299a4b313b2b82702b1a69330e83b1d8288898b0d5a717c2eeeba508?s=96&d=mm&r=g\",\"url\":\"https:\\\/\\\/secure.gravatar.com\\\/avatar\\\/c98fecba299a4b313b2b82702b1a69330e83b1d8288898b0d5a717c2eeeba508?s=96&d=mm&r=g\",\"contentUrl\":\"https:\\\/\\\/secure.gravatar.com\\\/avatar\\\/c98fecba299a4b313b2b82702b1a69330e83b1d8288898b0d5a717c2eeeba508?s=96&d=mm&r=g\",\"caption\":\"Pion IT\"}}]}<\/script>\n<!-- \/ Yoast SEO plugin. -->","yoast_head_json":{"title":"The Ambassador of Iran in the WSEZ - WSSE &quot;INVEST-PARK&quot;. Wa\u0142brzyska Specjalna Strefa Ekonomiczna &quot;INVEST-PARK&quot;.","robots":{"index":"index","follow":"follow","max-snippet":"max-snippet:-1","max-image-preview":"max-image-preview:large","max-video-preview":"max-video-preview:-1"},"canonical":"https:\/\/archiwum.invest-park.com.pl\/en\/blog\/2016\/04\/19\/the-ambassador-of-iran-in-the-wsez\/","og_locale":"en_US","og_type":"article","og_title":"The Ambassador of Iran in the WSEZ - WSSE &quot;INVEST-PARK&quot;. Wa\u0142brzyska Specjalna Strefa Ekonomiczna &quot;INVEST-PARK&quot;.","og_description":"The Ambassador of the Islamic Republic of Iran was the guest of the Wa\u0142brzych Special Economic Zone \u201cINVEST-PARK\u201d. Tightening trade cooperation between Lower Silesia and Iran was the main subject of the talks. Read More...","og_url":"https:\/\/archiwum.invest-park.com.pl\/en\/blog\/2016\/04\/19\/the-ambassador-of-iran-in-the-wsez\/","og_site_name":"WSSE &quot;INVEST-PARK&quot;. Wa\u0142brzyska Specjalna Strefa Ekonomiczna &quot;INVEST-PARK&quot;.","article_published_time":"2016-04-19T10:48:24+00:00","article_modified_time":"2016-04-20T07:41:58+00:00","og_image":[{"width":3630,"height":1763,"url":"https:\/\/archiwum.invest-park.com.pl\/wp-content\/uploads\/2016\/04\/WSSE_AmbasadorIranu-8.jpg","type":"image\/jpeg"}],"author":"Pion IT","twitter_misc":{"Written by":"Pion IT","Est. reading time":"1 minute"},"schema":{"@context":"https:\/\/schema.org","@graph":[{"@type":"Article","@id":"https:\/\/archiwum.invest-park.com.pl\/en\/blog\/2016\/04\/19\/the-ambassador-of-iran-in-the-wsez\/#article","isPartOf":{"@id":"https:\/\/archiwum.invest-park.com.pl\/en\/blog\/2016\/04\/19\/the-ambassador-of-iran-in-the-wsez\/"},"author":{"name":"Pion IT","@id":"https:\/\/archiwum.invest-park.com.pl\/#\/schema\/person\/e1a25243ece3d709f69b2f07f15f97bd"},"headline":"The Ambassador of Iran in the WSEZ","datePublished":"2016-04-19T10:48:24+00:00","dateModified":"2016-04-20T07:41:58+00:00","mainEntityOfPage":{"@id":"https:\/\/archiwum.invest-park.com.pl\/en\/blog\/2016\/04\/19\/the-ambassador-of-iran-in-the-wsez\/"},"wordCount":296,"commentCount":0,"image":{"@id":"https:\/\/archiwum.invest-park.com.pl\/en\/blog\/2016\/04\/19\/the-ambassador-of-iran-in-the-wsez\/#primaryimage"},"thumbnailUrl":"https:\/\/archiwum.invest-park.com.pl\/wp-content\/uploads\/2016\/04\/WSSE_AmbasadorIranu-8.jpg","articleSection":["News"],"inLanguage":"en-US","potentialAction":[{"@type":"CommentAction","name":"Comment","target":["https:\/\/archiwum.invest-park.com.pl\/en\/blog\/2016\/04\/19\/the-ambassador-of-iran-in-the-wsez\/#respond"]}]},{"@type":"WebPage","@id":"https:\/\/archiwum.invest-park.com.pl\/en\/blog\/2016\/04\/19\/the-ambassador-of-iran-in-the-wsez\/","url":"https:\/\/archiwum.invest-park.com.pl\/en\/blog\/2016\/04\/19\/the-ambassador-of-iran-in-the-wsez\/","name":"The Ambassador of Iran in the WSEZ - WSSE &quot;INVEST-PARK&quot;. Wa\u0142brzyska Specjalna Strefa Ekonomiczna &quot;INVEST-PARK&quot;.","isPartOf":{"@id":"https:\/\/archiwum.invest-park.com.pl\/#website"},"primaryImageOfPage":{"@id":"https:\/\/archiwum.invest-park.com.pl\/en\/blog\/2016\/04\/19\/the-ambassador-of-iran-in-the-wsez\/#primaryimage"},"image":{"@id":"https:\/\/archiwum.invest-park.com.pl\/en\/blog\/2016\/04\/19\/the-ambassador-of-iran-in-the-wsez\/#primaryimage"},"thumbnailUrl":"https:\/\/archiwum.invest-park.com.pl\/wp-content\/uploads\/2016\/04\/WSSE_AmbasadorIranu-8.jpg","datePublished":"2016-04-19T10:48:24+00:00","dateModified":"2016-04-20T07:41:58+00:00","author":{"@id":"https:\/\/archiwum.invest-park.com.pl\/#\/schema\/person\/e1a25243ece3d709f69b2f07f15f97bd"},"breadcrumb":{"@id":"https:\/\/archiwum.invest-park.com.pl\/en\/blog\/2016\/04\/19\/the-ambassador-of-iran-in-the-wsez\/#breadcrumb"},"inLanguage":"en-US","potentialAction":[{"@type":"ReadAction","target":["https:\/\/archiwum.invest-park.com.pl\/en\/blog\/2016\/04\/19\/the-ambassador-of-iran-in-the-wsez\/"]}]},{"@type":"ImageObject","inLanguage":"en-US","@id":"https:\/\/archiwum.invest-park.com.pl\/en\/blog\/2016\/04\/19\/the-ambassador-of-iran-in-the-wsez\/#primaryimage","url":"https:\/\/archiwum.invest-park.com.pl\/wp-content\/uploads\/2016\/04\/WSSE_AmbasadorIranu-8.jpg","contentUrl":"https:\/\/archiwum.invest-park.com.pl\/wp-content\/uploads\/2016\/04\/WSSE_AmbasadorIranu-8.jpg","width":3630,"height":1763},{"@type":"BreadcrumbList","@id":"https:\/\/archiwum.invest-park.com.pl\/en\/blog\/2016\/04\/19\/the-ambassador-of-iran-in-the-wsez\/#breadcrumb","itemListElement":[{"@type":"ListItem","position":1,"name":"Strona g\u0142\u00f3wna","item":"https:\/\/archiwum.invest-park.com.pl\/en\/"},{"@type":"ListItem","position":2,"name":"The Ambassador of Iran in the WSEZ"}]},{"@type":"WebSite","@id":"https:\/\/archiwum.invest-park.com.pl\/#website","url":"https:\/\/archiwum.invest-park.com.pl\/","name":"WSSE &quot;INVEST-PARK&quot;. Wa\u0142brzyska Specjalna Strefa Ekonomiczna &quot;INVEST-PARK&quot;.","description":"Wa\u0142brzyska Specjalna Strefa Ekonomiczna to jedna z najwi\u0119kszych i najdynamiczniej rozwijaj\u0105cych si\u0119 stref ekonomicznych w Polsce | Znajd\u017a tereny inwestycyjne z ulgami podatkowymi | Dzia\u0142ki inwestycyjne | Tereny inwestycyjne | Strefy ekonomiczne w Polsce | Invest in Poland in Special Economic Zone","potentialAction":[{"@type":"SearchAction","target":{"@type":"EntryPoint","urlTemplate":"https:\/\/archiwum.invest-park.com.pl\/?s={search_term_string}"},"query-input":{"@type":"PropertyValueSpecification","valueRequired":true,"valueName":"search_term_string"}}],"inLanguage":"en-US"},{"@type":"Person","@id":"https:\/\/archiwum.invest-park.com.pl\/#\/schema\/person\/e1a25243ece3d709f69b2f07f15f97bd","name":"Pion IT","image":{"@type":"ImageObject","inLanguage":"en-US","@id":"https:\/\/secure.gravatar.com\/avatar\/c98fecba299a4b313b2b82702b1a69330e83b1d8288898b0d5a717c2eeeba508?s=96&d=mm&r=g","url":"https:\/\/secure.gravatar.com\/avatar\/c98fecba299a4b313b2b82702b1a69330e83b1d8288898b0d5a717c2eeeba508?s=96&d=mm&r=g","contentUrl":"https:\/\/secure.gravatar.com\/avatar\/c98fecba299a4b313b2b82702b1a69330e83b1d8288898b0d5a717c2eeeba508?s=96&d=mm&r=g","caption":"Pion IT"}}]}},"_links":{"self":[{"href":"https:\/\/archiwum.invest-park.com.pl\/en\/wp-json\/wp\/v2\/posts\/5674","targetHints":{"allow":["GET"]}}],"collection":[{"href":"https:\/\/archiwum.invest-park.com.pl\/en\/wp-json\/wp\/v2\/posts"}],"about":[{"href":"https:\/\/archiwum.invest-park.com.pl\/en\/wp-json\/wp\/v2\/types\/post"}],"author":[{"embeddable":true,"href":"https:\/\/archiwum.invest-park.com.pl\/en\/wp-json\/wp\/v2\/users\/1"}],"replies":[{"embeddable":true,"href":"https:\/\/archiwum.invest-park.com.pl\/en\/wp-json\/wp\/v2\/comments?post=5674"}],"version-history":[{"count":1,"href":"https:\/\/archiwum.invest-park.com.pl\/en\/wp-json\/wp\/v2\/posts\/5674\/revisions"}],"predecessor-version":[{"id":5675,"href":"https:\/\/archiwum.invest-park.com.pl\/en\/wp-json\/wp\/v2\/posts\/5674\/revisions\/5675"}],"wp:featuredmedia":[{"embeddable":true,"href":"https:\/\/archiwum.invest-park.com.pl\/en\/wp-json\/wp\/v2\/media\/5642"}],"wp:attachment":[{"href":"https:\/\/archiwum.invest-park.com.pl\/en\/wp-json\/wp\/v2\/media?parent=5674"}],"wp:term":[{"taxonomy":"category","embeddable":true,"href":"https:\/\/archiwum.invest-park.com.pl\/en\/wp-json\/wp\/v2\/categories?post=5674"},{"taxonomy":"post_tag","embeddable":true,"href":"https:\/\/archiwum.invest-park.com.pl\/en\/wp-json\/wp\/v2\/tags?post=5674"}],"curies":[{"name":"wp","href":"https:\/\/api.w.org\/{rel}","templated":true}]}}