{"id":5669,"date":"2016-04-15T12:17:20","date_gmt":"2016-04-15T10:17:20","guid":{"rendered":"https:\/\/invest-park.com.pl\/?p=5669"},"modified":"2016-04-20T09:11:43","modified_gmt":"2016-04-20T07:11:43","slug":"polish-german-science-and-technology-bridge","status":"publish","type":"post","link":"https:\/\/archiwum.invest-park.com.pl\/en\/blog\/2016\/04\/15\/polish-german-science-and-technology-bridge\/","title":{"rendered":"Polish-German science and technology bridge"},"content":{"rendered":"<p><strong>Opportunities for cooperation between business and academia, spending European funds on innovative projects, and the rationale for locating investments within special economic zones \u2013 these were the subjects raised during the first edition of the Polish-German \u201cBridge\u201d conference in Opole. Among the participants was Jaros\u0142aw Gowin, Deputy Prime Minister and Minister of Science and Higher Education.<\/strong><!--more--><\/p>\n<p><a href=\"https:\/\/archiwum.invest-park.com.pl\/blog\/2016\/04\/12\/pomost-naukowo-technologiczny\/konferencja-bridge\/\" rel=\"attachment wp-att-5596\"><img loading=\"lazy\" decoding=\"async\" class=\"alignnone wp-image-5596 size-large\" src=\"https:\/\/archiwum.invest-park.com.pl\/wp-content\/uploads\/2016\/04\/Konferencja-Bridge-1024x489.jpg\" alt=\"Konferencja Bridge\" width=\"1024\" height=\"489\" srcset=\"https:\/\/archiwum.invest-park.com.pl\/wp-content\/uploads\/2016\/04\/Konferencja-Bridge-1024x489.jpg 1024w, https:\/\/archiwum.invest-park.com.pl\/wp-content\/uploads\/2016\/04\/Konferencja-Bridge-270x129.jpg 270w, https:\/\/archiwum.invest-park.com.pl\/wp-content\/uploads\/2016\/04\/Konferencja-Bridge-300x143.jpg 300w, https:\/\/archiwum.invest-park.com.pl\/wp-content\/uploads\/2016\/04\/Konferencja-Bridge-768x367.jpg 768w, https:\/\/archiwum.invest-park.com.pl\/wp-content\/uploads\/2016\/04\/Konferencja-Bridge-600x287.jpg 600w, https:\/\/archiwum.invest-park.com.pl\/wp-content\/uploads\/2016\/04\/Konferencja-Bridge-393x188.jpg 393w\" sizes=\"auto, (max-width: 1024px) 100vw, 1024px\" \/><\/a><\/p>\n<p>According to the National Bank of Poland, the worth of foreign direct investments in Poland is estimated at \u20ac165 billion. About 17% of this sum is German investments, which makes our western neighbor the largest foreign investor in Poland. Germany is also Poland\u2019s most important trade partner. The \u201cBridge\u201d project assumes using the scientific and economic potential of both countries, with special emphasis on the German land of Saxony and Polish provinces of Opolskie and Dolno\u015bl\u0105skie. Polish and German representatives of universities, managers and company presidents took part in the two-day event.<\/p>\n<blockquote><p>\u201cI believe that this conference will be the starting point for future Polish-German initiatives. Using both countries\u2019 business and academic potential actually makes us bound to succeed. I hope that the work of outstanding scientists in Opolskie and Dolno\u015bl\u0105skie provinces will be commercialized and implemented by entrepreneurs on both sides of the Odra river,\u201d Mr. Gowin said during the conference.<\/p><\/blockquote>\n<p><a href=\"https:\/\/archiwum.invest-park.com.pl\/blog\/2016\/04\/12\/pomost-naukowo-technologiczny\/wicepremier-jaroslaw-gowin\/\" rel=\"attachment wp-att-5601\"><img loading=\"lazy\" decoding=\"async\" class=\"alignnone wp-image-5601 size-large\" src=\"https:\/\/archiwum.invest-park.com.pl\/wp-content\/uploads\/2016\/04\/wicepremier-Jaros\u0142aw-Gowin-1024x676.jpg\" alt=\"wicepremier Jaros\u0142aw Gowin\" width=\"1024\" height=\"676\" srcset=\"https:\/\/archiwum.invest-park.com.pl\/wp-content\/uploads\/2016\/04\/wicepremier-Jaros\u0142aw-Gowin-1024x676.jpg 1024w, https:\/\/archiwum.invest-park.com.pl\/wp-content\/uploads\/2016\/04\/wicepremier-Jaros\u0142aw-Gowin-768x507.jpg 768w, https:\/\/archiwum.invest-park.com.pl\/wp-content\/uploads\/2016\/04\/wicepremier-Jaros\u0142aw-Gowin-393x260.jpg 393w, https:\/\/archiwum.invest-park.com.pl\/wp-content\/uploads\/2016\/04\/wicepremier-Jaros\u0142aw-Gowin-270x178.jpg 270w, https:\/\/archiwum.invest-park.com.pl\/wp-content\/uploads\/2016\/04\/wicepremier-Jaros\u0142aw-Gowin-300x198.jpg 300w, https:\/\/archiwum.invest-park.com.pl\/wp-content\/uploads\/2016\/04\/wicepremier-Jaros\u0142aw-Gowin-600x396.jpg 600w\" sizes=\"auto, (max-width: 1024px) 100vw, 1024px\" \/><\/a><\/p>\n<p>One of the joint initiatives presented during the conference was the idea of building the Science Institute near Opole. The center would combine Polish and German economic and technological potential as well as coordinate innovative actions.<\/p>\n<blockquote><p>\u201cThere is political will to build the institute, which would be financed by both regions. What we need to do, however, is to come up with concrete solutions and put words into actions,\u201d emphasized Stanislaw Tillich, Minister President of Saxony.<\/p><\/blockquote>\n<p><a href=\"https:\/\/archiwum.invest-park.com.pl\/blog\/2016\/04\/12\/pomost-naukowo-technologiczny\/premier-saksonii-slanislaw-tillich\/\" rel=\"attachment wp-att-5597\"><img loading=\"lazy\" decoding=\"async\" class=\"alignnone wp-image-5597 size-large\" src=\"https:\/\/archiwum.invest-park.com.pl\/wp-content\/uploads\/2016\/04\/premier-Saksonii-Slanislaw-Tillich-1024x678.jpg\" alt=\"premier Saksonii Slanislaw Tillich\" width=\"1024\" height=\"678\" srcset=\"https:\/\/archiwum.invest-park.com.pl\/wp-content\/uploads\/2016\/04\/premier-Saksonii-Slanislaw-Tillich-1024x678.jpg 1024w, https:\/\/archiwum.invest-park.com.pl\/wp-content\/uploads\/2016\/04\/premier-Saksonii-Slanislaw-Tillich-270x179.jpg 270w, https:\/\/archiwum.invest-park.com.pl\/wp-content\/uploads\/2016\/04\/premier-Saksonii-Slanislaw-Tillich-300x199.jpg 300w, https:\/\/archiwum.invest-park.com.pl\/wp-content\/uploads\/2016\/04\/premier-Saksonii-Slanislaw-Tillich-768x509.jpg 768w, https:\/\/archiwum.invest-park.com.pl\/wp-content\/uploads\/2016\/04\/premier-Saksonii-Slanislaw-Tillich-393x260.jpg 393w, https:\/\/archiwum.invest-park.com.pl\/wp-content\/uploads\/2016\/04\/premier-Saksonii-Slanislaw-Tillich-600x397.jpg 600w\" sizes=\"auto, (max-width: 1024px) 100vw, 1024px\" \/><\/a><\/p>\n<p>According to a study conducted by the Polish-German Chamber of Industry and Commerce, among the main factors influencing Poland\u2019s attractiveness in the opinion of German entrepreneurs are: Poland\u2019s membership in the EU, its geographical location, and access to a pool of skilled employees. It is the potential of highly-skilled employees that constitutes the basis for carrying out R&amp;D projects. A steadily growing part of national budgets is spent on this area.<\/p>\n<blockquote><p>\u201cThe strategy of innovative economy assumes an ambitious plan of increasing expenditure on such projects to 1.7% of GDP. In 2015, it was 0.94% GDP,\u201d explained Piotr Dardzi\u0144ski, Deputy Minister of Science and Higher Education. \u201cWe have already undertaken concrete actions. First of all, the Innovativeness Council has been established and the team members have been appointed. Among their tasks is coordinating the policies of all ministries involved in the innovation strategy. New legal framework is being prepared, together with a minor and major act on innovativeness,\u201d Mr. Dardzi\u0144ski enumerated.<\/p><\/blockquote>\n<p><a href=\"https:\/\/archiwum.invest-park.com.pl\/blog\/2016\/04\/12\/pomost-naukowo-technologiczny\/wiceminister-piotr-dardzinski\/\" rel=\"attachment wp-att-5600\"><img loading=\"lazy\" decoding=\"async\" class=\"alignnone wp-image-5600 size-large\" src=\"https:\/\/archiwum.invest-park.com.pl\/wp-content\/uploads\/2016\/04\/wiceminister-Piotr-Dardzinski-1024x678.jpg\" alt=\"wiceminister Piotr Dardzinski\" width=\"1024\" height=\"678\" srcset=\"https:\/\/archiwum.invest-park.com.pl\/wp-content\/uploads\/2016\/04\/wiceminister-Piotr-Dardzinski-1024x678.jpg 1024w, https:\/\/archiwum.invest-park.com.pl\/wp-content\/uploads\/2016\/04\/wiceminister-Piotr-Dardzinski-270x179.jpg 270w, https:\/\/archiwum.invest-park.com.pl\/wp-content\/uploads\/2016\/04\/wiceminister-Piotr-Dardzinski-300x199.jpg 300w, https:\/\/archiwum.invest-park.com.pl\/wp-content\/uploads\/2016\/04\/wiceminister-Piotr-Dardzinski-768x509.jpg 768w, https:\/\/archiwum.invest-park.com.pl\/wp-content\/uploads\/2016\/04\/wiceminister-Piotr-Dardzinski-393x260.jpg 393w, https:\/\/archiwum.invest-park.com.pl\/wp-content\/uploads\/2016\/04\/wiceminister-Piotr-Dardzinski-600x397.jpg 600w\" sizes=\"auto, (max-width: 1024px) 100vw, 1024px\" \/><\/a><\/p>\n<p>One of the main sources of financing research and development is the Intelligent Development Operational Program, Europe\u2019s largest innovation-oriented program with a budget of \u20ac8.6 billion. Funding for smaller R&amp;D projects will also be available within the sixteen Regional Operational Projects for individual provinces. Importantly, R&amp;D subsidies will also be available to companies functioning in special economic zones, which is a clear incentive to locate new investments there.<\/p>\n<blockquote><p>\u201cThe zones have become the driving force attracting advanced technologies, investments in R&amp;D centers and laboratories. Such projects can be found in the Wa\u0142brzych Special Economic Zone. An example of an innovative German enterprise is IFM Ecolink, a company that erected a laboratory center in Opole. It will be used to develop, patent and implement new technologies. As many as 100 Polish engineers could be employed at the center,\u201d Maciej Badora, President of the Wa\u0142brzych Special Economic Zone \u201cINVEST-PARK\u201d, said during the conference.<\/p><\/blockquote>\n<p><a href=\"https:\/\/archiwum.invest-park.com.pl\/blog\/2016\/04\/12\/pomost-naukowo-technologiczny\/prezes-wsse-maciej-badora-2\/\" rel=\"attachment wp-att-5599\"><img loading=\"lazy\" decoding=\"async\" class=\"alignnone wp-image-5599 size-large\" src=\"https:\/\/archiwum.invest-park.com.pl\/wp-content\/uploads\/2016\/04\/prezes-WSSE-Maciej-Badora-2-1024x678.jpg\" alt=\"prezes WSSE Maciej Badora 2\" width=\"1024\" height=\"678\" srcset=\"https:\/\/archiwum.invest-park.com.pl\/wp-content\/uploads\/2016\/04\/prezes-WSSE-Maciej-Badora-2-1024x678.jpg 1024w, https:\/\/archiwum.invest-park.com.pl\/wp-content\/uploads\/2016\/04\/prezes-WSSE-Maciej-Badora-2-270x179.jpg 270w, https:\/\/archiwum.invest-park.com.pl\/wp-content\/uploads\/2016\/04\/prezes-WSSE-Maciej-Badora-2-300x199.jpg 300w, https:\/\/archiwum.invest-park.com.pl\/wp-content\/uploads\/2016\/04\/prezes-WSSE-Maciej-Badora-2-768x509.jpg 768w, https:\/\/archiwum.invest-park.com.pl\/wp-content\/uploads\/2016\/04\/prezes-WSSE-Maciej-Badora-2-393x260.jpg 393w, https:\/\/archiwum.invest-park.com.pl\/wp-content\/uploads\/2016\/04\/prezes-WSSE-Maciej-Badora-2-600x397.jpg 600w\" sizes=\"auto, (max-width: 1024px) 100vw, 1024px\" \/><\/a><\/p>\n<p>Entrepreneurs are drawn to the zone not just by tax exemptions and attractive locations. The availability of skilled personnel is one of the most important factors influencing the favorable investment climate. Moreover, the WSEZ has undertaken actions aimed at adapting vocational education to the needs of entrepreneurs, which is the main aim of the \u201cINVEST in EDU\u201d Educational Cluster, currently grouping 76 entities.<\/p>\n<p>Just within the last two years, the Wa\u0142brzych zone has issued 96 permits to conduct new investment projects. Almost a fifth of them had an innovative character. The WSEZ has attracted 52 new companies (including ten German ones); 44 firms have decided to reinvest.<\/p>\n<p><a href=\"https:\/\/archiwum.invest-park.com.pl\/blog\/2016\/04\/12\/pomost-naukowo-technologiczny\/prezes-wsse-maciej-badora-1\/\" rel=\"attachment wp-att-5598\"><img loading=\"lazy\" decoding=\"async\" class=\"alignnone wp-image-5598 size-large\" src=\"https:\/\/archiwum.invest-park.com.pl\/wp-content\/uploads\/2016\/04\/prezes-WSSE-Maciej-Badora-1-1024x623.jpg\" alt=\"prezes WSSE Maciej Badora 1\" width=\"1024\" height=\"623\" \/><\/a><\/p>\n","protected":false},"excerpt":{"rendered":"<p>Opportunities for cooperation between business and academia, spending European funds on innovative projects, and the rationale for locating investments within special economic zones \u2013 these were the subjects raised during the first edition of the Polish-German \u201cBridge\u201d conference in Opole. Among the participants was Jaros\u0142aw Gowin, Deputy Prime Minister and Minister of Science and Higher <\/p>\n<p class=\"text-right\"><a class=\"btn btn-secondary understrap-read-more-link\" href=\"https:\/\/archiwum.invest-park.com.pl\/en\/blog\/2016\/04\/15\/polish-german-science-and-technology-bridge\/\">Read More&#8230;<\/a><\/p>\n","protected":false},"author":1,"featured_media":5596,"comment_status":"open","ping_status":"closed","sticky":false,"template":"","format":"standard","meta":{"_acf_changed":false,"footnotes":""},"categories":[85],"tags":[],"class_list":["post-5669","post","type-post","status-publish","format-standard","has-post-thumbnail","hentry","category-news"],"acf":[],"yoast_head":"<!-- This site is optimized with the Yoast SEO plugin v27.5 - https:\/\/yoast.com\/product\/yoast-seo-wordpress\/ -->\n<title>Polish-German science and technology bridge - WSSE &quot;INVEST-PARK&quot;. Wa\u0142brzyska Specjalna Strefa Ekonomiczna &quot;INVEST-PARK&quot;.<\/title>\n<meta name=\"robots\" content=\"index, follow, max-snippet:-1, max-image-preview:large, max-video-preview:-1\" \/>\n<link rel=\"canonical\" href=\"https:\/\/archiwum.invest-park.com.pl\/en\/blog\/2016\/04\/15\/polish-german-science-and-technology-bridge\/\" \/>\n<meta property=\"og:locale\" content=\"en_US\" \/>\n<meta property=\"og:type\" content=\"article\" \/>\n<meta property=\"og:title\" content=\"Polish-German science and technology bridge - WSSE &quot;INVEST-PARK&quot;. Wa\u0142brzyska Specjalna Strefa Ekonomiczna &quot;INVEST-PARK&quot;.\" \/>\n<meta property=\"og:description\" content=\"Opportunities for cooperation between business and academia, spending European funds on innovative projects, and the rationale for locating investments within special economic zones \u2013 these were the subjects raised during the first edition of the Polish-German \u201cBridge\u201d conference in Opole. Among the participants was Jaros\u0142aw Gowin, Deputy Prime Minister and Minister of Science and Higher Read More...\" \/>\n<meta property=\"og:url\" content=\"https:\/\/archiwum.invest-park.com.pl\/en\/blog\/2016\/04\/15\/polish-german-science-and-technology-bridge\/\" \/>\n<meta property=\"og:site_name\" content=\"WSSE &quot;INVEST-PARK&quot;. Wa\u0142brzyska Specjalna Strefa Ekonomiczna &quot;INVEST-PARK&quot;.\" \/>\n<meta property=\"article:published_time\" content=\"2016-04-15T10:17:20+00:00\" \/>\n<meta property=\"article:modified_time\" content=\"2016-04-20T07:11:43+00:00\" \/>\n<meta property=\"og:image\" content=\"https:\/\/archiwum.invest-park.com.pl\/wp-content\/uploads\/2016\/04\/Konferencja-Bridge.jpg\" \/>\n\t<meta property=\"og:image:width\" content=\"2879\" \/>\n\t<meta property=\"og:image:height\" content=\"1375\" \/>\n\t<meta property=\"og:image:type\" content=\"image\/jpeg\" \/>\n<meta name=\"author\" content=\"Pion IT\" \/>\n<meta name=\"twitter:label1\" content=\"Written by\" \/>\n\t<meta name=\"twitter:data1\" content=\"Pion IT\" \/>\n\t<meta name=\"twitter:label2\" content=\"Est. reading time\" \/>\n\t<meta name=\"twitter:data2\" content=\"4 minutes\" \/>\n<script type=\"application\/ld+json\" class=\"yoast-schema-graph\">{\"@context\":\"https:\\\/\\\/schema.org\",\"@graph\":[{\"@type\":\"Article\",\"@id\":\"https:\\\/\\\/archiwum.invest-park.com.pl\\\/en\\\/blog\\\/2016\\\/04\\\/15\\\/polish-german-science-and-technology-bridge\\\/#article\",\"isPartOf\":{\"@id\":\"https:\\\/\\\/archiwum.invest-park.com.pl\\\/en\\\/blog\\\/2016\\\/04\\\/15\\\/polish-german-science-and-technology-bridge\\\/\"},\"author\":{\"name\":\"Pion IT\",\"@id\":\"https:\\\/\\\/archiwum.invest-park.com.pl\\\/#\\\/schema\\\/person\\\/e1a25243ece3d709f69b2f07f15f97bd\"},\"headline\":\"Polish-German science and technology bridge\",\"datePublished\":\"2016-04-15T10:17:20+00:00\",\"dateModified\":\"2016-04-20T07:11:43+00:00\",\"mainEntityOfPage\":{\"@id\":\"https:\\\/\\\/archiwum.invest-park.com.pl\\\/en\\\/blog\\\/2016\\\/04\\\/15\\\/polish-german-science-and-technology-bridge\\\/\"},\"wordCount\":718,\"commentCount\":0,\"image\":{\"@id\":\"https:\\\/\\\/archiwum.invest-park.com.pl\\\/en\\\/blog\\\/2016\\\/04\\\/15\\\/polish-german-science-and-technology-bridge\\\/#primaryimage\"},\"thumbnailUrl\":\"https:\\\/\\\/archiwum.invest-park.com.pl\\\/wp-content\\\/uploads\\\/2016\\\/04\\\/Konferencja-Bridge.jpg\",\"articleSection\":[\"News\"],\"inLanguage\":\"en-US\",\"potentialAction\":[{\"@type\":\"CommentAction\",\"name\":\"Comment\",\"target\":[\"https:\\\/\\\/archiwum.invest-park.com.pl\\\/en\\\/blog\\\/2016\\\/04\\\/15\\\/polish-german-science-and-technology-bridge\\\/#respond\"]}]},{\"@type\":\"WebPage\",\"@id\":\"https:\\\/\\\/archiwum.invest-park.com.pl\\\/en\\\/blog\\\/2016\\\/04\\\/15\\\/polish-german-science-and-technology-bridge\\\/\",\"url\":\"https:\\\/\\\/archiwum.invest-park.com.pl\\\/en\\\/blog\\\/2016\\\/04\\\/15\\\/polish-german-science-and-technology-bridge\\\/\",\"name\":\"Polish-German science and technology bridge - WSSE &quot;INVEST-PARK&quot;. Wa\u0142brzyska Specjalna Strefa Ekonomiczna &quot;INVEST-PARK&quot;.\",\"isPartOf\":{\"@id\":\"https:\\\/\\\/archiwum.invest-park.com.pl\\\/#website\"},\"primaryImageOfPage\":{\"@id\":\"https:\\\/\\\/archiwum.invest-park.com.pl\\\/en\\\/blog\\\/2016\\\/04\\\/15\\\/polish-german-science-and-technology-bridge\\\/#primaryimage\"},\"image\":{\"@id\":\"https:\\\/\\\/archiwum.invest-park.com.pl\\\/en\\\/blog\\\/2016\\\/04\\\/15\\\/polish-german-science-and-technology-bridge\\\/#primaryimage\"},\"thumbnailUrl\":\"https:\\\/\\\/archiwum.invest-park.com.pl\\\/wp-content\\\/uploads\\\/2016\\\/04\\\/Konferencja-Bridge.jpg\",\"datePublished\":\"2016-04-15T10:17:20+00:00\",\"dateModified\":\"2016-04-20T07:11:43+00:00\",\"author\":{\"@id\":\"https:\\\/\\\/archiwum.invest-park.com.pl\\\/#\\\/schema\\\/person\\\/e1a25243ece3d709f69b2f07f15f97bd\"},\"breadcrumb\":{\"@id\":\"https:\\\/\\\/archiwum.invest-park.com.pl\\\/en\\\/blog\\\/2016\\\/04\\\/15\\\/polish-german-science-and-technology-bridge\\\/#breadcrumb\"},\"inLanguage\":\"en-US\",\"potentialAction\":[{\"@type\":\"ReadAction\",\"target\":[\"https:\\\/\\\/archiwum.invest-park.com.pl\\\/en\\\/blog\\\/2016\\\/04\\\/15\\\/polish-german-science-and-technology-bridge\\\/\"]}]},{\"@type\":\"ImageObject\",\"inLanguage\":\"en-US\",\"@id\":\"https:\\\/\\\/archiwum.invest-park.com.pl\\\/en\\\/blog\\\/2016\\\/04\\\/15\\\/polish-german-science-and-technology-bridge\\\/#primaryimage\",\"url\":\"https:\\\/\\\/archiwum.invest-park.com.pl\\\/wp-content\\\/uploads\\\/2016\\\/04\\\/Konferencja-Bridge.jpg\",\"contentUrl\":\"https:\\\/\\\/archiwum.invest-park.com.pl\\\/wp-content\\\/uploads\\\/2016\\\/04\\\/Konferencja-Bridge.jpg\",\"width\":2879,\"height\":1375},{\"@type\":\"BreadcrumbList\",\"@id\":\"https:\\\/\\\/archiwum.invest-park.com.pl\\\/en\\\/blog\\\/2016\\\/04\\\/15\\\/polish-german-science-and-technology-bridge\\\/#breadcrumb\",\"itemListElement\":[{\"@type\":\"ListItem\",\"position\":1,\"name\":\"Strona g\u0142\u00f3wna\",\"item\":\"https:\\\/\\\/archiwum.invest-park.com.pl\\\/en\\\/\"},{\"@type\":\"ListItem\",\"position\":2,\"name\":\"Polish-German science and technology bridge\"}]},{\"@type\":\"WebSite\",\"@id\":\"https:\\\/\\\/archiwum.invest-park.com.pl\\\/#website\",\"url\":\"https:\\\/\\\/archiwum.invest-park.com.pl\\\/\",\"name\":\"WSSE &quot;INVEST-PARK&quot;. Wa\u0142brzyska Specjalna Strefa Ekonomiczna &quot;INVEST-PARK&quot;.\",\"description\":\"Wa\u0142brzyska Specjalna Strefa Ekonomiczna to jedna z najwi\u0119kszych i najdynamiczniej rozwijaj\u0105cych si\u0119 stref ekonomicznych w Polsce | Znajd\u017a tereny inwestycyjne z ulgami podatkowymi | Dzia\u0142ki inwestycyjne | Tereny inwestycyjne | Strefy ekonomiczne w Polsce | Invest in Poland in Special Economic Zone\",\"potentialAction\":[{\"@type\":\"SearchAction\",\"target\":{\"@type\":\"EntryPoint\",\"urlTemplate\":\"https:\\\/\\\/archiwum.invest-park.com.pl\\\/?s={search_term_string}\"},\"query-input\":{\"@type\":\"PropertyValueSpecification\",\"valueRequired\":true,\"valueName\":\"search_term_string\"}}],\"inLanguage\":\"en-US\"},{\"@type\":\"Person\",\"@id\":\"https:\\\/\\\/archiwum.invest-park.com.pl\\\/#\\\/schema\\\/person\\\/e1a25243ece3d709f69b2f07f15f97bd\",\"name\":\"Pion IT\",\"image\":{\"@type\":\"ImageObject\",\"inLanguage\":\"en-US\",\"@id\":\"https:\\\/\\\/secure.gravatar.com\\\/avatar\\\/c98fecba299a4b313b2b82702b1a69330e83b1d8288898b0d5a717c2eeeba508?s=96&d=mm&r=g\",\"url\":\"https:\\\/\\\/secure.gravatar.com\\\/avatar\\\/c98fecba299a4b313b2b82702b1a69330e83b1d8288898b0d5a717c2eeeba508?s=96&d=mm&r=g\",\"contentUrl\":\"https:\\\/\\\/secure.gravatar.com\\\/avatar\\\/c98fecba299a4b313b2b82702b1a69330e83b1d8288898b0d5a717c2eeeba508?s=96&d=mm&r=g\",\"caption\":\"Pion IT\"}}]}<\/script>\n<!-- \/ Yoast SEO plugin. -->","yoast_head_json":{"title":"Polish-German science and technology bridge - WSSE &quot;INVEST-PARK&quot;. Wa\u0142brzyska Specjalna Strefa Ekonomiczna &quot;INVEST-PARK&quot;.","robots":{"index":"index","follow":"follow","max-snippet":"max-snippet:-1","max-image-preview":"max-image-preview:large","max-video-preview":"max-video-preview:-1"},"canonical":"https:\/\/archiwum.invest-park.com.pl\/en\/blog\/2016\/04\/15\/polish-german-science-and-technology-bridge\/","og_locale":"en_US","og_type":"article","og_title":"Polish-German science and technology bridge - WSSE &quot;INVEST-PARK&quot;. Wa\u0142brzyska Specjalna Strefa Ekonomiczna &quot;INVEST-PARK&quot;.","og_description":"Opportunities for cooperation between business and academia, spending European funds on innovative projects, and the rationale for locating investments within special economic zones \u2013 these were the subjects raised during the first edition of the Polish-German \u201cBridge\u201d conference in Opole. Among the participants was Jaros\u0142aw Gowin, Deputy Prime Minister and Minister of Science and Higher Read More...","og_url":"https:\/\/archiwum.invest-park.com.pl\/en\/blog\/2016\/04\/15\/polish-german-science-and-technology-bridge\/","og_site_name":"WSSE &quot;INVEST-PARK&quot;. Wa\u0142brzyska Specjalna Strefa Ekonomiczna &quot;INVEST-PARK&quot;.","article_published_time":"2016-04-15T10:17:20+00:00","article_modified_time":"2016-04-20T07:11:43+00:00","og_image":[{"width":2879,"height":1375,"url":"https:\/\/archiwum.invest-park.com.pl\/wp-content\/uploads\/2016\/04\/Konferencja-Bridge.jpg","type":"image\/jpeg"}],"author":"Pion IT","twitter_misc":{"Written by":"Pion IT","Est. reading time":"4 minutes"},"schema":{"@context":"https:\/\/schema.org","@graph":[{"@type":"Article","@id":"https:\/\/archiwum.invest-park.com.pl\/en\/blog\/2016\/04\/15\/polish-german-science-and-technology-bridge\/#article","isPartOf":{"@id":"https:\/\/archiwum.invest-park.com.pl\/en\/blog\/2016\/04\/15\/polish-german-science-and-technology-bridge\/"},"author":{"name":"Pion IT","@id":"https:\/\/archiwum.invest-park.com.pl\/#\/schema\/person\/e1a25243ece3d709f69b2f07f15f97bd"},"headline":"Polish-German science and technology bridge","datePublished":"2016-04-15T10:17:20+00:00","dateModified":"2016-04-20T07:11:43+00:00","mainEntityOfPage":{"@id":"https:\/\/archiwum.invest-park.com.pl\/en\/blog\/2016\/04\/15\/polish-german-science-and-technology-bridge\/"},"wordCount":718,"commentCount":0,"image":{"@id":"https:\/\/archiwum.invest-park.com.pl\/en\/blog\/2016\/04\/15\/polish-german-science-and-technology-bridge\/#primaryimage"},"thumbnailUrl":"https:\/\/archiwum.invest-park.com.pl\/wp-content\/uploads\/2016\/04\/Konferencja-Bridge.jpg","articleSection":["News"],"inLanguage":"en-US","potentialAction":[{"@type":"CommentAction","name":"Comment","target":["https:\/\/archiwum.invest-park.com.pl\/en\/blog\/2016\/04\/15\/polish-german-science-and-technology-bridge\/#respond"]}]},{"@type":"WebPage","@id":"https:\/\/archiwum.invest-park.com.pl\/en\/blog\/2016\/04\/15\/polish-german-science-and-technology-bridge\/","url":"https:\/\/archiwum.invest-park.com.pl\/en\/blog\/2016\/04\/15\/polish-german-science-and-technology-bridge\/","name":"Polish-German science and technology bridge - WSSE &quot;INVEST-PARK&quot;. Wa\u0142brzyska Specjalna Strefa Ekonomiczna &quot;INVEST-PARK&quot;.","isPartOf":{"@id":"https:\/\/archiwum.invest-park.com.pl\/#website"},"primaryImageOfPage":{"@id":"https:\/\/archiwum.invest-park.com.pl\/en\/blog\/2016\/04\/15\/polish-german-science-and-technology-bridge\/#primaryimage"},"image":{"@id":"https:\/\/archiwum.invest-park.com.pl\/en\/blog\/2016\/04\/15\/polish-german-science-and-technology-bridge\/#primaryimage"},"thumbnailUrl":"https:\/\/archiwum.invest-park.com.pl\/wp-content\/uploads\/2016\/04\/Konferencja-Bridge.jpg","datePublished":"2016-04-15T10:17:20+00:00","dateModified":"2016-04-20T07:11:43+00:00","author":{"@id":"https:\/\/archiwum.invest-park.com.pl\/#\/schema\/person\/e1a25243ece3d709f69b2f07f15f97bd"},"breadcrumb":{"@id":"https:\/\/archiwum.invest-park.com.pl\/en\/blog\/2016\/04\/15\/polish-german-science-and-technology-bridge\/#breadcrumb"},"inLanguage":"en-US","potentialAction":[{"@type":"ReadAction","target":["https:\/\/archiwum.invest-park.com.pl\/en\/blog\/2016\/04\/15\/polish-german-science-and-technology-bridge\/"]}]},{"@type":"ImageObject","inLanguage":"en-US","@id":"https:\/\/archiwum.invest-park.com.pl\/en\/blog\/2016\/04\/15\/polish-german-science-and-technology-bridge\/#primaryimage","url":"https:\/\/archiwum.invest-park.com.pl\/wp-content\/uploads\/2016\/04\/Konferencja-Bridge.jpg","contentUrl":"https:\/\/archiwum.invest-park.com.pl\/wp-content\/uploads\/2016\/04\/Konferencja-Bridge.jpg","width":2879,"height":1375},{"@type":"BreadcrumbList","@id":"https:\/\/archiwum.invest-park.com.pl\/en\/blog\/2016\/04\/15\/polish-german-science-and-technology-bridge\/#breadcrumb","itemListElement":[{"@type":"ListItem","position":1,"name":"Strona g\u0142\u00f3wna","item":"https:\/\/archiwum.invest-park.com.pl\/en\/"},{"@type":"ListItem","position":2,"name":"Polish-German science and technology bridge"}]},{"@type":"WebSite","@id":"https:\/\/archiwum.invest-park.com.pl\/#website","url":"https:\/\/archiwum.invest-park.com.pl\/","name":"WSSE &quot;INVEST-PARK&quot;. Wa\u0142brzyska Specjalna Strefa Ekonomiczna &quot;INVEST-PARK&quot;.","description":"Wa\u0142brzyska Specjalna Strefa Ekonomiczna to jedna z najwi\u0119kszych i najdynamiczniej rozwijaj\u0105cych si\u0119 stref ekonomicznych w Polsce | Znajd\u017a tereny inwestycyjne z ulgami podatkowymi | Dzia\u0142ki inwestycyjne | Tereny inwestycyjne | Strefy ekonomiczne w Polsce | Invest in Poland in Special Economic Zone","potentialAction":[{"@type":"SearchAction","target":{"@type":"EntryPoint","urlTemplate":"https:\/\/archiwum.invest-park.com.pl\/?s={search_term_string}"},"query-input":{"@type":"PropertyValueSpecification","valueRequired":true,"valueName":"search_term_string"}}],"inLanguage":"en-US"},{"@type":"Person","@id":"https:\/\/archiwum.invest-park.com.pl\/#\/schema\/person\/e1a25243ece3d709f69b2f07f15f97bd","name":"Pion IT","image":{"@type":"ImageObject","inLanguage":"en-US","@id":"https:\/\/secure.gravatar.com\/avatar\/c98fecba299a4b313b2b82702b1a69330e83b1d8288898b0d5a717c2eeeba508?s=96&d=mm&r=g","url":"https:\/\/secure.gravatar.com\/avatar\/c98fecba299a4b313b2b82702b1a69330e83b1d8288898b0d5a717c2eeeba508?s=96&d=mm&r=g","contentUrl":"https:\/\/secure.gravatar.com\/avatar\/c98fecba299a4b313b2b82702b1a69330e83b1d8288898b0d5a717c2eeeba508?s=96&d=mm&r=g","caption":"Pion IT"}}]}},"_links":{"self":[{"href":"https:\/\/archiwum.invest-park.com.pl\/en\/wp-json\/wp\/v2\/posts\/5669","targetHints":{"allow":["GET"]}}],"collection":[{"href":"https:\/\/archiwum.invest-park.com.pl\/en\/wp-json\/wp\/v2\/posts"}],"about":[{"href":"https:\/\/archiwum.invest-park.com.pl\/en\/wp-json\/wp\/v2\/types\/post"}],"author":[{"embeddable":true,"href":"https:\/\/archiwum.invest-park.com.pl\/en\/wp-json\/wp\/v2\/users\/1"}],"replies":[{"embeddable":true,"href":"https:\/\/archiwum.invest-park.com.pl\/en\/wp-json\/wp\/v2\/comments?post=5669"}],"version-history":[{"count":1,"href":"https:\/\/archiwum.invest-park.com.pl\/en\/wp-json\/wp\/v2\/posts\/5669\/revisions"}],"predecessor-version":[{"id":5670,"href":"https:\/\/archiwum.invest-park.com.pl\/en\/wp-json\/wp\/v2\/posts\/5669\/revisions\/5670"}],"wp:featuredmedia":[{"embeddable":true,"href":"https:\/\/archiwum.invest-park.com.pl\/en\/wp-json\/wp\/v2\/media\/5596"}],"wp:attachment":[{"href":"https:\/\/archiwum.invest-park.com.pl\/en\/wp-json\/wp\/v2\/media?parent=5669"}],"wp:term":[{"taxonomy":"category","embeddable":true,"href":"https:\/\/archiwum.invest-park.com.pl\/en\/wp-json\/wp\/v2\/categories?post=5669"},{"taxonomy":"post_tag","embeddable":true,"href":"https:\/\/archiwum.invest-park.com.pl\/en\/wp-json\/wp\/v2\/tags?post=5669"}],"curies":[{"name":"wp","href":"https:\/\/api.w.org\/{rel}","templated":true}]}}