{"id":5262,"date":"2016-01-20T11:09:20","date_gmt":"2016-01-20T10:09:20","guid":{"rendered":"https:\/\/invest-park.com.pl\/?p=5262"},"modified":"2016-01-20T11:11:18","modified_gmt":"2016-01-20T10:11:18","slug":"entrepreneurs-involved-in-vocational-education","status":"publish","type":"post","link":"https:\/\/archiwum.invest-park.com.pl\/en\/blog\/2016\/01\/20\/entrepreneurs-involved-in-vocational-education\/","title":{"rendered":"Entrepreneurs involved in vocational education"},"content":{"rendered":"<p><strong>Two classes sponsored by companies functioning within the Wa\u0142brzych Special Economic Zone \u201cINVEST-PARK\u201d will be launched in September. Students at the Center for Vocational and Continuing Education in Strzelin will train to become mechanical technicians, while those at the Upper-Secondary School Complex no. 1 in K\u0142odzko will learn the profession of tailor (fabric cutter) \/ upholsterer.<\/strong><\/p>\n<p>The students learning to become mechanical technicians will be sponsored by the Strzelin-based company Lowara Vogel Polska. The school and the company have undertaken to jointly carry out actions aimed to develop vocational education (organizing classes for students, tours of the facility, professional meetings, Days of Technicians) and implement the newest technologies. Lowara Vogel Polska will also provide the Technical and Vocational School with information about job openings for graduates, traineeships and additional classes for students.<\/p>\n<p><div class=\"wpmf-gallerys wpmf-gallerys-life \" ><div id=\"gallery-1\" class=\"gallery gallery_life wpmf_gallery_default gallery_default  gallery-columns-3 gallery-size-thumbnail gallery-link-file wpmf-has-border-radius-0 wpmf-gutterwidth-5 no_ratio\"><figure class=\"wpmf-gallery-item\" data-index=\"0\"><div class=\"wpmf-gallery-icon\"><div class=\"square_thumbnail\"><div class=\"img_centered\"><a class=\" not_video noLightbox\" data-lightbox=\"1\" data-href=\"https:\/\/archiwum.invest-park.com.pl\/wp-content\/uploads\/2016\/01\/image-02-1024x768.jpeg\" title=\"image-02\" target=\"_self\" data-index=\"0\"><img decoding=\"async\" class=\"wpmf_img\" alt=\"image-02\" src=\"https:\/\/archiwum.invest-park.com.pl\/wp-content\/uploads\/2016\/01\/image-02-270x203.jpeg\" data-type=\"wpmfgalleryimg\" data-lazy-src=\"https:\/\/archiwum.invest-park.com.pl\/wp-content\/uploads\/2016\/01\/image-02-270x203.jpeg\"><\/a><\/div><\/div><\/div><\/figure><figure class=\"wpmf-gallery-item\" data-index=\"1\"><div class=\"wpmf-gallery-icon\"><div class=\"square_thumbnail\"><div class=\"img_centered\"><a class=\" not_video noLightbox\" data-lightbox=\"1\" data-href=\"https:\/\/archiwum.invest-park.com.pl\/wp-content\/uploads\/2016\/01\/image-01-768x1024.jpeg\" title=\"image-01\" target=\"_self\" data-index=\"1\"><img decoding=\"async\" class=\"wpmf_img\" alt=\"image-01\" src=\"https:\/\/archiwum.invest-park.com.pl\/wp-content\/uploads\/2016\/01\/image-01-203x270.jpeg\" data-type=\"wpmfgalleryimg\" data-lazy-src=\"https:\/\/archiwum.invest-park.com.pl\/wp-content\/uploads\/2016\/01\/image-01-203x270.jpeg\"><\/a><\/div><\/div><\/div><\/figure><figure class=\"wpmf-gallery-item\" data-index=\"2\"><div class=\"wpmf-gallery-icon\"><div class=\"square_thumbnail\"><div class=\"img_centered\"><a class=\" not_video noLightbox\" data-lightbox=\"1\" data-href=\"https:\/\/archiwum.invest-park.com.pl\/wp-content\/uploads\/2016\/01\/image1-768x1024.jpeg\" title=\"image\" target=\"_self\" data-index=\"2\"><img decoding=\"async\" class=\"wpmf_img\" alt=\"image\" src=\"https:\/\/archiwum.invest-park.com.pl\/wp-content\/uploads\/2016\/01\/image1-203x270.jpeg\" data-type=\"wpmfgalleryimg\" data-lazy-src=\"https:\/\/archiwum.invest-park.com.pl\/wp-content\/uploads\/2016\/01\/image1-203x270.jpeg\"><\/a><\/div><\/div><\/div><\/figure><\/div><\/div><br \/>\nThe letter of intent was signed by Robert Kozu\u0144, Head of the Center for Vocational and Continuing Education in Strzelin; Paolo Bortolotto, Director of Lowara Vogel Polska; Marek Warcholi\u0144ski, Starost of the Strzelin County, in the presence of Dorota Pawnuk, Mayor of the City and Commune of Strzelin; Iwona Engel, Director of the County Labor Office in Strzelin; and Tomasz Jakacki, Deputy President of the WSEZ \u201cINVEST-PARK\u201d.<br \/>\nThe tailor\/upholsterer class will be sponsored by KPM Meble, a furniture manufacturer from K\u0142odzko. Beginning in September 2016, this year\u2019s middle school graduates will be given an opportunity to start their education at the facility where they will have access to highly qualified vocational teachers. They will also receive meals on the spot, and the best students \u2013 scholarships and awards.<\/p>\n<p><div class=\"wpmf-gallerys wpmf-gallerys-life \" ><div id=\"gallery-2\" class=\"gallery gallery_life wpmf_gallery_default gallery_default  gallery-columns-3 gallery-size-thumbnail gallery-link-file wpmf-has-border-radius-0 wpmf-gutterwidth-5 no_ratio\"><figure class=\"wpmf-gallery-item\" data-index=\"0\"><div class=\"wpmf-gallery-icon\"><div class=\"square_thumbnail\"><div class=\"img_centered\"><a class=\" not_video noLightbox\" data-lightbox=\"1\" data-href=\"https:\/\/archiwum.invest-park.com.pl\/wp-content\/uploads\/2016\/01\/12491840_1046617615400317_422415585895710788_o-1024x683.jpg\" title=\"12491840_1046617615400317_422415585895710788_o\" target=\"_self\" data-index=\"0\"><img decoding=\"async\" class=\"wpmf_img\" alt=\"12491840_1046617615400317_422415585895710788_o\" src=\"https:\/\/archiwum.invest-park.com.pl\/wp-content\/uploads\/2016\/01\/12491840_1046617615400317_422415585895710788_o-270x180.jpg\" data-type=\"wpmfgalleryimg\" data-lazy-src=\"https:\/\/archiwum.invest-park.com.pl\/wp-content\/uploads\/2016\/01\/12491840_1046617615400317_422415585895710788_o-270x180.jpg\"><\/a><\/div><\/div><\/div><\/figure><figure class=\"wpmf-gallery-item\" data-index=\"1\"><div class=\"wpmf-gallery-icon\"><div class=\"square_thumbnail\"><div class=\"img_centered\"><a class=\" not_video noLightbox\" data-lightbox=\"1\" data-href=\"https:\/\/archiwum.invest-park.com.pl\/wp-content\/uploads\/2016\/01\/12489336_1046618528733559_3905497627438203642_o-1024x683.jpg\" title=\"12489336_1046618528733559_3905497627438203642_o\" target=\"_self\" data-index=\"1\"><img decoding=\"async\" class=\"wpmf_img\" alt=\"12489336_1046618528733559_3905497627438203642_o\" src=\"https:\/\/archiwum.invest-park.com.pl\/wp-content\/uploads\/2016\/01\/12489336_1046618528733559_3905497627438203642_o-270x180.jpg\" data-type=\"wpmfgalleryimg\" data-lazy-src=\"https:\/\/archiwum.invest-park.com.pl\/wp-content\/uploads\/2016\/01\/12489336_1046618528733559_3905497627438203642_o-270x180.jpg\"><\/a><\/div><\/div><\/div><\/figure><figure class=\"wpmf-gallery-item\" data-index=\"2\"><div class=\"wpmf-gallery-icon\"><div class=\"square_thumbnail\"><div class=\"img_centered\"><a class=\" not_video noLightbox\" data-lightbox=\"1\" data-href=\"https:\/\/archiwum.invest-park.com.pl\/wp-content\/uploads\/2016\/01\/12491941_1046618532066892_558111421374083250_o-1024x683.jpg\" title=\"12491941_1046618532066892_558111421374083250_o\" target=\"_self\" data-index=\"2\"><img decoding=\"async\" class=\"wpmf_img\" alt=\"12491941_1046618532066892_558111421374083250_o\" src=\"https:\/\/archiwum.invest-park.com.pl\/wp-content\/uploads\/2016\/01\/12491941_1046618532066892_558111421374083250_o-270x180.jpg\" data-type=\"wpmfgalleryimg\" data-lazy-src=\"https:\/\/archiwum.invest-park.com.pl\/wp-content\/uploads\/2016\/01\/12491941_1046618532066892_558111421374083250_o-270x180.jpg\"><\/a><\/div><\/div><\/div><\/figure><\/div><\/div><br \/>\nThe agreement was signed by head of the school Rafa\u0142 Olech and Edyta Senator, who represented the company. It was witnessed by Deputy Starost Ma\u0142gorzata J\u0119drzejewska-Skrzypczyk and representatives of the Wa\u0142brzych Special Economic Zone \u2013 Deputy President Teodor St\u0119pa and Gra\u017cyna Cal.<\/p>\n<p>These are another two classes that will be sponsored by companies functioning in the zone that are simultaneously members of the \u201cINVEST in EDU\u201d Educational Cluster, which was set up by the Wa\u0142brzych Special Economic Zone. In the 2015\/2016 school year, two classes teaching the profession of cutting tool operators were launched. They are sponsored by Segepo-Refa from \u015awiebodzice (School Complex no. 5 in Wa\u0142brzych) and GKN Driveline (Upper-Secondary School Complex in Ole\u015bnica). The classes are intended to increase the availability of traineeships and apprenticeships, and consequently offer the possibility of hiring the graduates. The students will also have an opportunity of undergoing paid apprenticeships during the summer holidays, receive free course books and protective clothing.<\/p>\n<hr \/>\n<p>The \u201cINVEST in EDU\u201d Educational Cluster was established in February 2015. It currently groups 76 entities, including companies, educational institutions, self-government units and other institutions. The main task of the Cluster is to forecast the demand for concrete professions, adapt education to the needs of entrepreneurs and increase the availability of traineeships and apprenticeships.<\/p>\n","protected":false},"excerpt":{"rendered":"<p>Two classes sponsored by companies functioning within the Wa\u0142brzych Special Economic Zone \u201cINVEST-PARK\u201d will be launched in September. Students at the Center for Vocational and Continuing Education in Strzelin will train to become mechanical technicians, while those at the Upper-Secondary School Complex no. 1 in K\u0142odzko will learn the profession of tailor (fabric cutter) \/ <\/p>\n<p class=\"text-right\"><a class=\"btn btn-secondary understrap-read-more-link\" href=\"https:\/\/archiwum.invest-park.com.pl\/en\/blog\/2016\/01\/20\/entrepreneurs-involved-in-vocational-education\/\">Read More&#8230;<\/a><\/p>\n","protected":false},"author":207,"featured_media":5252,"comment_status":"open","ping_status":"closed","sticky":false,"template":"","format":"standard","meta":{"_acf_changed":false,"footnotes":""},"categories":[85],"tags":[],"class_list":["post-5262","post","type-post","status-publish","format-standard","has-post-thumbnail","hentry","category-news"],"acf":[],"yoast_head":"<!-- This site is optimized with the Yoast SEO plugin v27.5 - https:\/\/yoast.com\/product\/yoast-seo-wordpress\/ -->\n<title>Entrepreneurs involved in vocational education - WSSE &quot;INVEST-PARK&quot;. Wa\u0142brzyska Specjalna Strefa Ekonomiczna &quot;INVEST-PARK&quot;.<\/title>\n<meta name=\"robots\" content=\"index, follow, max-snippet:-1, max-image-preview:large, max-video-preview:-1\" \/>\n<link rel=\"canonical\" href=\"https:\/\/archiwum.invest-park.com.pl\/en\/blog\/2016\/01\/20\/entrepreneurs-involved-in-vocational-education\/\" \/>\n<meta property=\"og:locale\" content=\"en_US\" \/>\n<meta property=\"og:type\" content=\"article\" \/>\n<meta property=\"og:title\" content=\"Entrepreneurs involved in vocational education - WSSE &quot;INVEST-PARK&quot;. Wa\u0142brzyska Specjalna Strefa Ekonomiczna &quot;INVEST-PARK&quot;.\" \/>\n<meta property=\"og:description\" content=\"Two classes sponsored by companies functioning within the Wa\u0142brzych Special Economic Zone \u201cINVEST-PARK\u201d will be launched in September. Students at the Center for Vocational and Continuing Education in Strzelin will train to become mechanical technicians, while those at the Upper-Secondary School Complex no. 1 in K\u0142odzko will learn the profession of tailor (fabric cutter) \/ Read More...\" \/>\n<meta property=\"og:url\" content=\"https:\/\/archiwum.invest-park.com.pl\/en\/blog\/2016\/01\/20\/entrepreneurs-involved-in-vocational-education\/\" \/>\n<meta property=\"og:site_name\" content=\"WSSE &quot;INVEST-PARK&quot;. Wa\u0142brzyska Specjalna Strefa Ekonomiczna &quot;INVEST-PARK&quot;.\" \/>\n<meta property=\"article:published_time\" content=\"2016-01-20T10:09:20+00:00\" \/>\n<meta property=\"article:modified_time\" content=\"2016-01-20T10:11:18+00:00\" \/>\n<meta property=\"og:image\" content=\"https:\/\/archiwum.invest-park.com.pl\/wp-content\/uploads\/2016\/01\/image-01.jpeg\" \/>\n\t<meta property=\"og:image:width\" content=\"2448\" \/>\n\t<meta property=\"og:image:height\" content=\"3264\" \/>\n\t<meta property=\"og:image:type\" content=\"image\/jpeg\" \/>\n<meta name=\"author\" content=\"Anna Ziarko\" \/>\n<meta name=\"twitter:label1\" content=\"Written by\" \/>\n\t<meta name=\"twitter:data1\" content=\"Anna Ziarko\" \/>\n\t<meta name=\"twitter:label2\" content=\"Est. reading time\" \/>\n\t<meta name=\"twitter:data2\" content=\"2 minutes\" \/>\n<script type=\"application\/ld+json\" class=\"yoast-schema-graph\">{\"@context\":\"https:\\\/\\\/schema.org\",\"@graph\":[{\"@type\":\"Article\",\"@id\":\"https:\\\/\\\/archiwum.invest-park.com.pl\\\/en\\\/blog\\\/2016\\\/01\\\/20\\\/entrepreneurs-involved-in-vocational-education\\\/#article\",\"isPartOf\":{\"@id\":\"https:\\\/\\\/archiwum.invest-park.com.pl\\\/en\\\/blog\\\/2016\\\/01\\\/20\\\/entrepreneurs-involved-in-vocational-education\\\/\"},\"author\":{\"name\":\"Anna Ziarko\",\"@id\":\"https:\\\/\\\/archiwum.invest-park.com.pl\\\/#\\\/schema\\\/person\\\/7dec76fbe7db80b056664874181eafe9\"},\"headline\":\"Entrepreneurs involved in vocational education\",\"datePublished\":\"2016-01-20T10:09:20+00:00\",\"dateModified\":\"2016-01-20T10:11:18+00:00\",\"mainEntityOfPage\":{\"@id\":\"https:\\\/\\\/archiwum.invest-park.com.pl\\\/en\\\/blog\\\/2016\\\/01\\\/20\\\/entrepreneurs-involved-in-vocational-education\\\/\"},\"wordCount\":490,\"commentCount\":0,\"image\":{\"@id\":\"https:\\\/\\\/archiwum.invest-park.com.pl\\\/en\\\/blog\\\/2016\\\/01\\\/20\\\/entrepreneurs-involved-in-vocational-education\\\/#primaryimage\"},\"thumbnailUrl\":\"https:\\\/\\\/archiwum.invest-park.com.pl\\\/wp-content\\\/uploads\\\/2016\\\/01\\\/image-01.jpeg\",\"articleSection\":[\"News\"],\"inLanguage\":\"en-US\",\"potentialAction\":[{\"@type\":\"CommentAction\",\"name\":\"Comment\",\"target\":[\"https:\\\/\\\/archiwum.invest-park.com.pl\\\/en\\\/blog\\\/2016\\\/01\\\/20\\\/entrepreneurs-involved-in-vocational-education\\\/#respond\"]}]},{\"@type\":\"WebPage\",\"@id\":\"https:\\\/\\\/archiwum.invest-park.com.pl\\\/en\\\/blog\\\/2016\\\/01\\\/20\\\/entrepreneurs-involved-in-vocational-education\\\/\",\"url\":\"https:\\\/\\\/archiwum.invest-park.com.pl\\\/en\\\/blog\\\/2016\\\/01\\\/20\\\/entrepreneurs-involved-in-vocational-education\\\/\",\"name\":\"Entrepreneurs involved in vocational education - WSSE &quot;INVEST-PARK&quot;. Wa\u0142brzyska Specjalna Strefa Ekonomiczna &quot;INVEST-PARK&quot;.\",\"isPartOf\":{\"@id\":\"https:\\\/\\\/archiwum.invest-park.com.pl\\\/#website\"},\"primaryImageOfPage\":{\"@id\":\"https:\\\/\\\/archiwum.invest-park.com.pl\\\/en\\\/blog\\\/2016\\\/01\\\/20\\\/entrepreneurs-involved-in-vocational-education\\\/#primaryimage\"},\"image\":{\"@id\":\"https:\\\/\\\/archiwum.invest-park.com.pl\\\/en\\\/blog\\\/2016\\\/01\\\/20\\\/entrepreneurs-involved-in-vocational-education\\\/#primaryimage\"},\"thumbnailUrl\":\"https:\\\/\\\/archiwum.invest-park.com.pl\\\/wp-content\\\/uploads\\\/2016\\\/01\\\/image-01.jpeg\",\"datePublished\":\"2016-01-20T10:09:20+00:00\",\"dateModified\":\"2016-01-20T10:11:18+00:00\",\"author\":{\"@id\":\"https:\\\/\\\/archiwum.invest-park.com.pl\\\/#\\\/schema\\\/person\\\/7dec76fbe7db80b056664874181eafe9\"},\"breadcrumb\":{\"@id\":\"https:\\\/\\\/archiwum.invest-park.com.pl\\\/en\\\/blog\\\/2016\\\/01\\\/20\\\/entrepreneurs-involved-in-vocational-education\\\/#breadcrumb\"},\"inLanguage\":\"en-US\",\"potentialAction\":[{\"@type\":\"ReadAction\",\"target\":[\"https:\\\/\\\/archiwum.invest-park.com.pl\\\/en\\\/blog\\\/2016\\\/01\\\/20\\\/entrepreneurs-involved-in-vocational-education\\\/\"]}]},{\"@type\":\"ImageObject\",\"inLanguage\":\"en-US\",\"@id\":\"https:\\\/\\\/archiwum.invest-park.com.pl\\\/en\\\/blog\\\/2016\\\/01\\\/20\\\/entrepreneurs-involved-in-vocational-education\\\/#primaryimage\",\"url\":\"https:\\\/\\\/archiwum.invest-park.com.pl\\\/wp-content\\\/uploads\\\/2016\\\/01\\\/image-01.jpeg\",\"contentUrl\":\"https:\\\/\\\/archiwum.invest-park.com.pl\\\/wp-content\\\/uploads\\\/2016\\\/01\\\/image-01.jpeg\",\"width\":2448,\"height\":3264},{\"@type\":\"BreadcrumbList\",\"@id\":\"https:\\\/\\\/archiwum.invest-park.com.pl\\\/en\\\/blog\\\/2016\\\/01\\\/20\\\/entrepreneurs-involved-in-vocational-education\\\/#breadcrumb\",\"itemListElement\":[{\"@type\":\"ListItem\",\"position\":1,\"name\":\"Strona g\u0142\u00f3wna\",\"item\":\"https:\\\/\\\/archiwum.invest-park.com.pl\\\/en\\\/\"},{\"@type\":\"ListItem\",\"position\":2,\"name\":\"Entrepreneurs involved in vocational education\"}]},{\"@type\":\"WebSite\",\"@id\":\"https:\\\/\\\/archiwum.invest-park.com.pl\\\/#website\",\"url\":\"https:\\\/\\\/archiwum.invest-park.com.pl\\\/\",\"name\":\"WSSE &quot;INVEST-PARK&quot;. Wa\u0142brzyska Specjalna Strefa Ekonomiczna &quot;INVEST-PARK&quot;.\",\"description\":\"Wa\u0142brzyska Specjalna Strefa Ekonomiczna to jedna z najwi\u0119kszych i najdynamiczniej rozwijaj\u0105cych si\u0119 stref ekonomicznych w Polsce | Znajd\u017a tereny inwestycyjne z ulgami podatkowymi | Dzia\u0142ki inwestycyjne | Tereny inwestycyjne | Strefy ekonomiczne w Polsce | Invest in Poland in Special Economic Zone\",\"potentialAction\":[{\"@type\":\"SearchAction\",\"target\":{\"@type\":\"EntryPoint\",\"urlTemplate\":\"https:\\\/\\\/archiwum.invest-park.com.pl\\\/?s={search_term_string}\"},\"query-input\":{\"@type\":\"PropertyValueSpecification\",\"valueRequired\":true,\"valueName\":\"search_term_string\"}}],\"inLanguage\":\"en-US\"},{\"@type\":\"Person\",\"@id\":\"https:\\\/\\\/archiwum.invest-park.com.pl\\\/#\\\/schema\\\/person\\\/7dec76fbe7db80b056664874181eafe9\",\"name\":\"Anna Ziarko\",\"image\":{\"@type\":\"ImageObject\",\"inLanguage\":\"en-US\",\"@id\":\"https:\\\/\\\/secure.gravatar.com\\\/avatar\\\/74279a5c40c373b3f0c1f6ce7c5d6b2abe308611f9cfdcdd25613f20dbce5f5b?s=96&d=mm&r=g\",\"url\":\"https:\\\/\\\/secure.gravatar.com\\\/avatar\\\/74279a5c40c373b3f0c1f6ce7c5d6b2abe308611f9cfdcdd25613f20dbce5f5b?s=96&d=mm&r=g\",\"contentUrl\":\"https:\\\/\\\/secure.gravatar.com\\\/avatar\\\/74279a5c40c373b3f0c1f6ce7c5d6b2abe308611f9cfdcdd25613f20dbce5f5b?s=96&d=mm&r=g\",\"caption\":\"Anna Ziarko\"},\"sameAs\":[\"http:\\\/\\\/www.invest-park.com.pl\"]}]}<\/script>\n<!-- \/ Yoast SEO plugin. -->","yoast_head_json":{"title":"Entrepreneurs involved in vocational education - WSSE &quot;INVEST-PARK&quot;. Wa\u0142brzyska Specjalna Strefa Ekonomiczna &quot;INVEST-PARK&quot;.","robots":{"index":"index","follow":"follow","max-snippet":"max-snippet:-1","max-image-preview":"max-image-preview:large","max-video-preview":"max-video-preview:-1"},"canonical":"https:\/\/archiwum.invest-park.com.pl\/en\/blog\/2016\/01\/20\/entrepreneurs-involved-in-vocational-education\/","og_locale":"en_US","og_type":"article","og_title":"Entrepreneurs involved in vocational education - WSSE &quot;INVEST-PARK&quot;. Wa\u0142brzyska Specjalna Strefa Ekonomiczna &quot;INVEST-PARK&quot;.","og_description":"Two classes sponsored by companies functioning within the Wa\u0142brzych Special Economic Zone \u201cINVEST-PARK\u201d will be launched in September. Students at the Center for Vocational and Continuing Education in Strzelin will train to become mechanical technicians, while those at the Upper-Secondary School Complex no. 1 in K\u0142odzko will learn the profession of tailor (fabric cutter) \/ Read More...","og_url":"https:\/\/archiwum.invest-park.com.pl\/en\/blog\/2016\/01\/20\/entrepreneurs-involved-in-vocational-education\/","og_site_name":"WSSE &quot;INVEST-PARK&quot;. Wa\u0142brzyska Specjalna Strefa Ekonomiczna &quot;INVEST-PARK&quot;.","article_published_time":"2016-01-20T10:09:20+00:00","article_modified_time":"2016-01-20T10:11:18+00:00","og_image":[{"width":2448,"height":3264,"url":"https:\/\/archiwum.invest-park.com.pl\/wp-content\/uploads\/2016\/01\/image-01.jpeg","type":"image\/jpeg"}],"author":"Anna Ziarko","twitter_misc":{"Written by":"Anna Ziarko","Est. reading time":"2 minutes"},"schema":{"@context":"https:\/\/schema.org","@graph":[{"@type":"Article","@id":"https:\/\/archiwum.invest-park.com.pl\/en\/blog\/2016\/01\/20\/entrepreneurs-involved-in-vocational-education\/#article","isPartOf":{"@id":"https:\/\/archiwum.invest-park.com.pl\/en\/blog\/2016\/01\/20\/entrepreneurs-involved-in-vocational-education\/"},"author":{"name":"Anna Ziarko","@id":"https:\/\/archiwum.invest-park.com.pl\/#\/schema\/person\/7dec76fbe7db80b056664874181eafe9"},"headline":"Entrepreneurs involved in vocational education","datePublished":"2016-01-20T10:09:20+00:00","dateModified":"2016-01-20T10:11:18+00:00","mainEntityOfPage":{"@id":"https:\/\/archiwum.invest-park.com.pl\/en\/blog\/2016\/01\/20\/entrepreneurs-involved-in-vocational-education\/"},"wordCount":490,"commentCount":0,"image":{"@id":"https:\/\/archiwum.invest-park.com.pl\/en\/blog\/2016\/01\/20\/entrepreneurs-involved-in-vocational-education\/#primaryimage"},"thumbnailUrl":"https:\/\/archiwum.invest-park.com.pl\/wp-content\/uploads\/2016\/01\/image-01.jpeg","articleSection":["News"],"inLanguage":"en-US","potentialAction":[{"@type":"CommentAction","name":"Comment","target":["https:\/\/archiwum.invest-park.com.pl\/en\/blog\/2016\/01\/20\/entrepreneurs-involved-in-vocational-education\/#respond"]}]},{"@type":"WebPage","@id":"https:\/\/archiwum.invest-park.com.pl\/en\/blog\/2016\/01\/20\/entrepreneurs-involved-in-vocational-education\/","url":"https:\/\/archiwum.invest-park.com.pl\/en\/blog\/2016\/01\/20\/entrepreneurs-involved-in-vocational-education\/","name":"Entrepreneurs involved in vocational education - WSSE &quot;INVEST-PARK&quot;. Wa\u0142brzyska Specjalna Strefa Ekonomiczna &quot;INVEST-PARK&quot;.","isPartOf":{"@id":"https:\/\/archiwum.invest-park.com.pl\/#website"},"primaryImageOfPage":{"@id":"https:\/\/archiwum.invest-park.com.pl\/en\/blog\/2016\/01\/20\/entrepreneurs-involved-in-vocational-education\/#primaryimage"},"image":{"@id":"https:\/\/archiwum.invest-park.com.pl\/en\/blog\/2016\/01\/20\/entrepreneurs-involved-in-vocational-education\/#primaryimage"},"thumbnailUrl":"https:\/\/archiwum.invest-park.com.pl\/wp-content\/uploads\/2016\/01\/image-01.jpeg","datePublished":"2016-01-20T10:09:20+00:00","dateModified":"2016-01-20T10:11:18+00:00","author":{"@id":"https:\/\/archiwum.invest-park.com.pl\/#\/schema\/person\/7dec76fbe7db80b056664874181eafe9"},"breadcrumb":{"@id":"https:\/\/archiwum.invest-park.com.pl\/en\/blog\/2016\/01\/20\/entrepreneurs-involved-in-vocational-education\/#breadcrumb"},"inLanguage":"en-US","potentialAction":[{"@type":"ReadAction","target":["https:\/\/archiwum.invest-park.com.pl\/en\/blog\/2016\/01\/20\/entrepreneurs-involved-in-vocational-education\/"]}]},{"@type":"ImageObject","inLanguage":"en-US","@id":"https:\/\/archiwum.invest-park.com.pl\/en\/blog\/2016\/01\/20\/entrepreneurs-involved-in-vocational-education\/#primaryimage","url":"https:\/\/archiwum.invest-park.com.pl\/wp-content\/uploads\/2016\/01\/image-01.jpeg","contentUrl":"https:\/\/archiwum.invest-park.com.pl\/wp-content\/uploads\/2016\/01\/image-01.jpeg","width":2448,"height":3264},{"@type":"BreadcrumbList","@id":"https:\/\/archiwum.invest-park.com.pl\/en\/blog\/2016\/01\/20\/entrepreneurs-involved-in-vocational-education\/#breadcrumb","itemListElement":[{"@type":"ListItem","position":1,"name":"Strona g\u0142\u00f3wna","item":"https:\/\/archiwum.invest-park.com.pl\/en\/"},{"@type":"ListItem","position":2,"name":"Entrepreneurs involved in vocational education"}]},{"@type":"WebSite","@id":"https:\/\/archiwum.invest-park.com.pl\/#website","url":"https:\/\/archiwum.invest-park.com.pl\/","name":"WSSE &quot;INVEST-PARK&quot;. Wa\u0142brzyska Specjalna Strefa Ekonomiczna &quot;INVEST-PARK&quot;.","description":"Wa\u0142brzyska Specjalna Strefa Ekonomiczna to jedna z najwi\u0119kszych i najdynamiczniej rozwijaj\u0105cych si\u0119 stref ekonomicznych w Polsce | Znajd\u017a tereny inwestycyjne z ulgami podatkowymi | Dzia\u0142ki inwestycyjne | Tereny inwestycyjne | Strefy ekonomiczne w Polsce | Invest in Poland in Special Economic Zone","potentialAction":[{"@type":"SearchAction","target":{"@type":"EntryPoint","urlTemplate":"https:\/\/archiwum.invest-park.com.pl\/?s={search_term_string}"},"query-input":{"@type":"PropertyValueSpecification","valueRequired":true,"valueName":"search_term_string"}}],"inLanguage":"en-US"},{"@type":"Person","@id":"https:\/\/archiwum.invest-park.com.pl\/#\/schema\/person\/7dec76fbe7db80b056664874181eafe9","name":"Anna Ziarko","image":{"@type":"ImageObject","inLanguage":"en-US","@id":"https:\/\/secure.gravatar.com\/avatar\/74279a5c40c373b3f0c1f6ce7c5d6b2abe308611f9cfdcdd25613f20dbce5f5b?s=96&d=mm&r=g","url":"https:\/\/secure.gravatar.com\/avatar\/74279a5c40c373b3f0c1f6ce7c5d6b2abe308611f9cfdcdd25613f20dbce5f5b?s=96&d=mm&r=g","contentUrl":"https:\/\/secure.gravatar.com\/avatar\/74279a5c40c373b3f0c1f6ce7c5d6b2abe308611f9cfdcdd25613f20dbce5f5b?s=96&d=mm&r=g","caption":"Anna Ziarko"},"sameAs":["http:\/\/www.invest-park.com.pl"]}]}},"_links":{"self":[{"href":"https:\/\/archiwum.invest-park.com.pl\/en\/wp-json\/wp\/v2\/posts\/5262","targetHints":{"allow":["GET"]}}],"collection":[{"href":"https:\/\/archiwum.invest-park.com.pl\/en\/wp-json\/wp\/v2\/posts"}],"about":[{"href":"https:\/\/archiwum.invest-park.com.pl\/en\/wp-json\/wp\/v2\/types\/post"}],"author":[{"embeddable":true,"href":"https:\/\/archiwum.invest-park.com.pl\/en\/wp-json\/wp\/v2\/users\/207"}],"replies":[{"embeddable":true,"href":"https:\/\/archiwum.invest-park.com.pl\/en\/wp-json\/wp\/v2\/comments?post=5262"}],"version-history":[{"count":2,"href":"https:\/\/archiwum.invest-park.com.pl\/en\/wp-json\/wp\/v2\/posts\/5262\/revisions"}],"predecessor-version":[{"id":5264,"href":"https:\/\/archiwum.invest-park.com.pl\/en\/wp-json\/wp\/v2\/posts\/5262\/revisions\/5264"}],"wp:featuredmedia":[{"embeddable":true,"href":"https:\/\/archiwum.invest-park.com.pl\/en\/wp-json\/wp\/v2\/media\/5252"}],"wp:attachment":[{"href":"https:\/\/archiwum.invest-park.com.pl\/en\/wp-json\/wp\/v2\/media?parent=5262"}],"wp:term":[{"taxonomy":"category","embeddable":true,"href":"https:\/\/archiwum.invest-park.com.pl\/en\/wp-json\/wp\/v2\/categories?post=5262"},{"taxonomy":"post_tag","embeddable":true,"href":"https:\/\/archiwum.invest-park.com.pl\/en\/wp-json\/wp\/v2\/tags?post=5262"}],"curies":[{"name":"wp","href":"https:\/\/api.w.org\/{rel}","templated":true}]}}