{"id":4629,"date":"2015-10-15T09:22:02","date_gmt":"2015-10-15T07:22:02","guid":{"rendered":"https:\/\/invest-park.com.pl\/?p=4629"},"modified":"2015-11-13T00:57:21","modified_gmt":"2015-11-12T23:57:21","slug":"a-new-production-floor-is-being-built-by-the-wsez-in-wrzesnia","status":"publish","type":"post","link":"https:\/\/archiwum.invest-park.com.pl\/en\/blog\/2015\/10\/15\/a-new-production-floor-is-being-built-by-the-wsez-in-wrzesnia\/","title":{"rendered":"A new production floor is being built by the WSEZ in Wrze\u015bnia"},"content":{"rendered":"<p><strong>The Wa\u0142brzych Special Economic Zone has begun the construction of another production floor. The facility is located in the Wrze\u015bnia Economic Activity Zone, Wielkopolskie Province. SITECH, a producer of car seats for Volkswagen, has already expressed a willingness to lease a part of it. A ceremony symbolizing the beginning of the construction took place in Wrze\u015bnia.<\/strong><!--more--><\/p>\n<blockquote><p>\u201cWrze\u015bnia is one of the most attractive sites for investors in Europe. It has excellent traffic routes and lies in close proximity to Pozna\u0144, which makes it easy to attract well-qualified employees and cooperate with academic centers,\u201d said Teodor St\u0119pa, Deputy President of the Wa\u0142brzych Special Economic Zone in charge of investments.<\/p><\/blockquote>\n<p>The Wrze\u015bnia Economic Activity Zone covers 330 ha of land, which is also part of the Wa\u0142brzych zone. 220 ha is owned by Volkswagen, which is currently building a commercial vehicles factory. However, it is not the only investment project being carried out in Wrze\u015bnia. A new road, a reservoir, utility connections (gas, electricity, water-sewage), a parking lot for trucks and passenger cars, and a production floor are also being built right now.<\/p>\n<blockquote><p>\u201cThe facility will have a floor area of 10,000 m<sup>2<\/sup>. It will comprise an industrial and administrative part. There will be a parking lot and a loading area next to it. The ready-made production floors make it easier for entrepreneurs to take the decision to invest. Using our offer considerably shortens the time needed to begin production. And as we all know, time is money in business,\u201d Mr. St\u0119pa added.<\/p><\/blockquote>\n<p><img loading=\"lazy\" decoding=\"async\" class=\"alignnone size-large wp-image-4615\" src=\"https:\/\/archiwum.invest-park.com.pl\/wp-content\/uploads\/2015\/10\/WSSE-Hala-we-Wrzesni-1-1024x678.jpg\" alt=\"WSSE Hala we Wrzesni - Teodor St\u0119pa, wiceprezes WSSE\" width=\"1024\" height=\"678\" srcset=\"https:\/\/archiwum.invest-park.com.pl\/wp-content\/uploads\/2015\/10\/WSSE-Hala-we-Wrzesni-1-1024x678.jpg 1024w, https:\/\/archiwum.invest-park.com.pl\/wp-content\/uploads\/2015\/10\/WSSE-Hala-we-Wrzesni-1-270x179.jpg 270w, https:\/\/archiwum.invest-park.com.pl\/wp-content\/uploads\/2015\/10\/WSSE-Hala-we-Wrzesni-1-300x199.jpg 300w, https:\/\/archiwum.invest-park.com.pl\/wp-content\/uploads\/2015\/10\/WSSE-Hala-we-Wrzesni-1-768x509.jpg 768w, https:\/\/archiwum.invest-park.com.pl\/wp-content\/uploads\/2015\/10\/WSSE-Hala-we-Wrzesni-1-393x260.jpg 393w, https:\/\/archiwum.invest-park.com.pl\/wp-content\/uploads\/2015\/10\/WSSE-Hala-we-Wrzesni-1-600x397.jpg 600w\" sizes=\"auto, (max-width: 1024px) 100vw, 1024px\" \/><\/p>\n<p>The Wa\u0142brzych zone has already gained experience in building production floors. Last year, the company constructed four such facilities in Dolno\u015bl\u0105skie Province. The production floors in Wa\u0142brzych, Boles\u0142awiec, Nowa Ruda and K\u0142odzko are already being used by companies. SITECH, Volkswagen\u2019s supplier, has expressed a willingness to lease a part of the new facility.<\/p>\n<blockquote><p>\u201cThe location ensures access to a perfect labor market and favorable political and economic conditions for the company\u2019s development. We will need qualified workers, especially fitters and upholsterers of car seats. The recruitment has already begun,\u201d said Adam Holewa, SITECH\u2019s Managing Director in charge of technical issues.<\/p><\/blockquote>\n<p>An act symbolically marking the beginning of the construction was signed during the ceremony. The signatories included: Teodor St\u0119pa, Deputy President of the WSEZ; Tomasz Salomon, Deputy Director in the Department of Support Instruments of the Ministry of Economy; Tomasz Ka\u0142u\u017cny, Mayor of Wrze\u015bnia; representatives of INVEST-PARK DEVELOPMENT (project management company) and Budimex (the constructor of the facility). The document and a visualization of the facility were covered in concrete and set in the foundation of the object.<\/p>\n<p><img loading=\"lazy\" decoding=\"async\" class=\"alignnone size-large wp-image-4616\" src=\"https:\/\/archiwum.invest-park.com.pl\/wp-content\/uploads\/2015\/10\/WSSE-Hala-we-Wrzesni-3-1024x619.jpg\" alt=\"WSSE Hala we Wrzesni - wmurowanie kamienia w\u0119gielnego\" width=\"1024\" height=\"619\" \/><\/p>\n<p>The WSEZ \u201cINVEST-PARK\u201d has nine subzones in Wielkopolskie Province \u2013 Jarocin, Kalisz, Ko\u015bcian, Krotoszyn, Leszno, Rawicz, \u015arem, Wrze\u015bnia, and Ksi\u0105\u017c Wielkopolski. There are currently 22 firms operating in the subzones, which have generated 4,500 jobs and invested 3 billion zlotys. Two hundred hectares of land offering tax exemptions is still available to investors, including 100 ha in Wrze\u015bnia itself.<\/p>\n<p><img loading=\"lazy\" decoding=\"async\" class=\"alignnone size-large wp-image-4617\" src=\"https:\/\/archiwum.invest-park.com.pl\/wp-content\/uploads\/2015\/10\/WSSE-Hala-we-Wrzesni-4-1024x507.jpg\" alt=\"WSSE Hala we Wrzesni \" width=\"1024\" height=\"507\" srcset=\"https:\/\/archiwum.invest-park.com.pl\/wp-content\/uploads\/2015\/10\/WSSE-Hala-we-Wrzesni-4-1024x507.jpg 1024w, https:\/\/archiwum.invest-park.com.pl\/wp-content\/uploads\/2015\/10\/WSSE-Hala-we-Wrzesni-4-270x134.jpg 270w, https:\/\/archiwum.invest-park.com.pl\/wp-content\/uploads\/2015\/10\/WSSE-Hala-we-Wrzesni-4-300x149.jpg 300w, https:\/\/archiwum.invest-park.com.pl\/wp-content\/uploads\/2015\/10\/WSSE-Hala-we-Wrzesni-4-768x380.jpg 768w, https:\/\/archiwum.invest-park.com.pl\/wp-content\/uploads\/2015\/10\/WSSE-Hala-we-Wrzesni-4-393x195.jpg 393w, https:\/\/archiwum.invest-park.com.pl\/wp-content\/uploads\/2015\/10\/WSSE-Hala-we-Wrzesni-4-600x297.jpg 600w\" sizes=\"auto, (max-width: 1024px) 100vw, 1024px\" \/><\/p>\n<p>&nbsp;<\/p>\n","protected":false},"excerpt":{"rendered":"<p>The Wa\u0142brzych Special Economic Zone has begun the construction of another production floor. The facility is located in the Wrze\u015bnia Economic Activity Zone, Wielkopolskie Province. SITECH, a producer of car seats for Volkswagen, has already expressed a willingness to lease a part of it. A ceremony symbolizing the beginning of the construction took place in <\/p>\n<p class=\"text-right\"><a class=\"btn btn-secondary understrap-read-more-link\" href=\"https:\/\/archiwum.invest-park.com.pl\/en\/blog\/2015\/10\/15\/a-new-production-floor-is-being-built-by-the-wsez-in-wrzesnia\/\">Read More&#8230;<\/a><\/p>\n","protected":false},"author":1,"featured_media":4618,"comment_status":"open","ping_status":"closed","sticky":false,"template":"","format":"standard","meta":{"_acf_changed":false,"footnotes":""},"categories":[85],"tags":[266,269,281,262,263,267],"class_list":["post-4629","post","type-post","status-publish","format-standard","has-post-thumbnail","hentry","category-news","tag-invest-park","tag-job-in-the-sez-walbrzych","tag-sez-poland","tag-sez-walbrzych","tag-special-economic-zone","tag-walbrzych-special-economic-zone"],"acf":[],"yoast_head":"<!-- This site is optimized with the Yoast SEO plugin v27.5 - https:\/\/yoast.com\/product\/yoast-seo-wordpress\/ -->\n<title>A new production floor is being built by the WSEZ in Wrze\u015bnia - WSSE &quot;INVEST-PARK&quot;. Wa\u0142brzyska Specjalna Strefa Ekonomiczna &quot;INVEST-PARK&quot;.<\/title>\n<meta name=\"robots\" content=\"index, follow, max-snippet:-1, max-image-preview:large, max-video-preview:-1\" \/>\n<link rel=\"canonical\" href=\"https:\/\/archiwum.invest-park.com.pl\/en\/blog\/2015\/10\/15\/a-new-production-floor-is-being-built-by-the-wsez-in-wrzesnia\/\" \/>\n<meta property=\"og:locale\" content=\"en_US\" \/>\n<meta property=\"og:type\" content=\"article\" \/>\n<meta property=\"og:title\" content=\"A new production floor is being built by the WSEZ in Wrze\u015bnia - WSSE &quot;INVEST-PARK&quot;. Wa\u0142brzyska Specjalna Strefa Ekonomiczna &quot;INVEST-PARK&quot;.\" \/>\n<meta property=\"og:description\" content=\"The Wa\u0142brzych Special Economic Zone has begun the construction of another production floor. The facility is located in the Wrze\u015bnia Economic Activity Zone, Wielkopolskie Province. SITECH, a producer of car seats for Volkswagen, has already expressed a willingness to lease a part of it. A ceremony symbolizing the beginning of the construction took place in Read More...\" \/>\n<meta property=\"og:url\" content=\"https:\/\/archiwum.invest-park.com.pl\/en\/blog\/2015\/10\/15\/a-new-production-floor-is-being-built-by-the-wsez-in-wrzesnia\/\" \/>\n<meta property=\"og:site_name\" content=\"WSSE &quot;INVEST-PARK&quot;. Wa\u0142brzyska Specjalna Strefa Ekonomiczna &quot;INVEST-PARK&quot;.\" \/>\n<meta property=\"article:published_time\" content=\"2015-10-15T07:22:02+00:00\" \/>\n<meta property=\"article:modified_time\" content=\"2015-11-12T23:57:21+00:00\" \/>\n<meta property=\"og:image\" content=\"https:\/\/archiwum.invest-park.com.pl\/wp-content\/uploads\/2015\/10\/WSSE-Hala-we-Wrzesni-41-e1444811720246.jpg\" \/>\n\t<meta property=\"og:image:width\" content=\"3384\" \/>\n\t<meta property=\"og:image:height\" content=\"1391\" \/>\n\t<meta property=\"og:image:type\" content=\"image\/jpeg\" \/>\n<meta name=\"author\" content=\"Pion IT\" \/>\n<meta name=\"twitter:label1\" content=\"Written by\" \/>\n\t<meta name=\"twitter:data1\" content=\"Pion IT\" \/>\n\t<meta name=\"twitter:label2\" content=\"Est. reading time\" \/>\n\t<meta name=\"twitter:data2\" content=\"3 minutes\" \/>\n<script type=\"application\/ld+json\" class=\"yoast-schema-graph\">{\"@context\":\"https:\\\/\\\/schema.org\",\"@graph\":[{\"@type\":\"Article\",\"@id\":\"https:\\\/\\\/archiwum.invest-park.com.pl\\\/en\\\/blog\\\/2015\\\/10\\\/15\\\/a-new-production-floor-is-being-built-by-the-wsez-in-wrzesnia\\\/#article\",\"isPartOf\":{\"@id\":\"https:\\\/\\\/archiwum.invest-park.com.pl\\\/en\\\/blog\\\/2015\\\/10\\\/15\\\/a-new-production-floor-is-being-built-by-the-wsez-in-wrzesnia\\\/\"},\"author\":{\"name\":\"Pion IT\",\"@id\":\"https:\\\/\\\/archiwum.invest-park.com.pl\\\/#\\\/schema\\\/person\\\/e1a25243ece3d709f69b2f07f15f97bd\"},\"headline\":\"A new production floor is being built by the WSEZ in Wrze\u015bnia\",\"datePublished\":\"2015-10-15T07:22:02+00:00\",\"dateModified\":\"2015-11-12T23:57:21+00:00\",\"mainEntityOfPage\":{\"@id\":\"https:\\\/\\\/archiwum.invest-park.com.pl\\\/en\\\/blog\\\/2015\\\/10\\\/15\\\/a-new-production-floor-is-being-built-by-the-wsez-in-wrzesnia\\\/\"},\"wordCount\":520,\"commentCount\":0,\"image\":{\"@id\":\"https:\\\/\\\/archiwum.invest-park.com.pl\\\/en\\\/blog\\\/2015\\\/10\\\/15\\\/a-new-production-floor-is-being-built-by-the-wsez-in-wrzesnia\\\/#primaryimage\"},\"thumbnailUrl\":\"https:\\\/\\\/archiwum.invest-park.com.pl\\\/wp-content\\\/uploads\\\/2015\\\/10\\\/WSSE-Hala-we-Wrzesni-41-e1444811720246.jpg\",\"keywords\":[\"invest park\",\"job in the sez walbrzych\",\"sez poland\",\"sez walbrzych\",\"special economic zone\",\"walbrzych special economic zone\"],\"articleSection\":[\"News\"],\"inLanguage\":\"en-US\",\"potentialAction\":[{\"@type\":\"CommentAction\",\"name\":\"Comment\",\"target\":[\"https:\\\/\\\/archiwum.invest-park.com.pl\\\/en\\\/blog\\\/2015\\\/10\\\/15\\\/a-new-production-floor-is-being-built-by-the-wsez-in-wrzesnia\\\/#respond\"]}]},{\"@type\":\"WebPage\",\"@id\":\"https:\\\/\\\/archiwum.invest-park.com.pl\\\/en\\\/blog\\\/2015\\\/10\\\/15\\\/a-new-production-floor-is-being-built-by-the-wsez-in-wrzesnia\\\/\",\"url\":\"https:\\\/\\\/archiwum.invest-park.com.pl\\\/en\\\/blog\\\/2015\\\/10\\\/15\\\/a-new-production-floor-is-being-built-by-the-wsez-in-wrzesnia\\\/\",\"name\":\"A new production floor is being built by the WSEZ in Wrze\u015bnia - WSSE &quot;INVEST-PARK&quot;. Wa\u0142brzyska Specjalna Strefa Ekonomiczna &quot;INVEST-PARK&quot;.\",\"isPartOf\":{\"@id\":\"https:\\\/\\\/archiwum.invest-park.com.pl\\\/#website\"},\"primaryImageOfPage\":{\"@id\":\"https:\\\/\\\/archiwum.invest-park.com.pl\\\/en\\\/blog\\\/2015\\\/10\\\/15\\\/a-new-production-floor-is-being-built-by-the-wsez-in-wrzesnia\\\/#primaryimage\"},\"image\":{\"@id\":\"https:\\\/\\\/archiwum.invest-park.com.pl\\\/en\\\/blog\\\/2015\\\/10\\\/15\\\/a-new-production-floor-is-being-built-by-the-wsez-in-wrzesnia\\\/#primaryimage\"},\"thumbnailUrl\":\"https:\\\/\\\/archiwum.invest-park.com.pl\\\/wp-content\\\/uploads\\\/2015\\\/10\\\/WSSE-Hala-we-Wrzesni-41-e1444811720246.jpg\",\"datePublished\":\"2015-10-15T07:22:02+00:00\",\"dateModified\":\"2015-11-12T23:57:21+00:00\",\"author\":{\"@id\":\"https:\\\/\\\/archiwum.invest-park.com.pl\\\/#\\\/schema\\\/person\\\/e1a25243ece3d709f69b2f07f15f97bd\"},\"breadcrumb\":{\"@id\":\"https:\\\/\\\/archiwum.invest-park.com.pl\\\/en\\\/blog\\\/2015\\\/10\\\/15\\\/a-new-production-floor-is-being-built-by-the-wsez-in-wrzesnia\\\/#breadcrumb\"},\"inLanguage\":\"en-US\",\"potentialAction\":[{\"@type\":\"ReadAction\",\"target\":[\"https:\\\/\\\/archiwum.invest-park.com.pl\\\/en\\\/blog\\\/2015\\\/10\\\/15\\\/a-new-production-floor-is-being-built-by-the-wsez-in-wrzesnia\\\/\"]}]},{\"@type\":\"ImageObject\",\"inLanguage\":\"en-US\",\"@id\":\"https:\\\/\\\/archiwum.invest-park.com.pl\\\/en\\\/blog\\\/2015\\\/10\\\/15\\\/a-new-production-floor-is-being-built-by-the-wsez-in-wrzesnia\\\/#primaryimage\",\"url\":\"https:\\\/\\\/archiwum.invest-park.com.pl\\\/wp-content\\\/uploads\\\/2015\\\/10\\\/WSSE-Hala-we-Wrzesni-41-e1444811720246.jpg\",\"contentUrl\":\"https:\\\/\\\/archiwum.invest-park.com.pl\\\/wp-content\\\/uploads\\\/2015\\\/10\\\/WSSE-Hala-we-Wrzesni-41-e1444811720246.jpg\",\"width\":3384,\"height\":1391},{\"@type\":\"BreadcrumbList\",\"@id\":\"https:\\\/\\\/archiwum.invest-park.com.pl\\\/en\\\/blog\\\/2015\\\/10\\\/15\\\/a-new-production-floor-is-being-built-by-the-wsez-in-wrzesnia\\\/#breadcrumb\",\"itemListElement\":[{\"@type\":\"ListItem\",\"position\":1,\"name\":\"Strona g\u0142\u00f3wna\",\"item\":\"https:\\\/\\\/archiwum.invest-park.com.pl\\\/en\\\/\"},{\"@type\":\"ListItem\",\"position\":2,\"name\":\"A new production floor is being built by the WSEZ in Wrze\u015bnia\"}]},{\"@type\":\"WebSite\",\"@id\":\"https:\\\/\\\/archiwum.invest-park.com.pl\\\/#website\",\"url\":\"https:\\\/\\\/archiwum.invest-park.com.pl\\\/\",\"name\":\"WSSE &quot;INVEST-PARK&quot;. Wa\u0142brzyska Specjalna Strefa Ekonomiczna &quot;INVEST-PARK&quot;.\",\"description\":\"Wa\u0142brzyska Specjalna Strefa Ekonomiczna to jedna z najwi\u0119kszych i najdynamiczniej rozwijaj\u0105cych si\u0119 stref ekonomicznych w Polsce | Znajd\u017a tereny inwestycyjne z ulgami podatkowymi | Dzia\u0142ki inwestycyjne | Tereny inwestycyjne | Strefy ekonomiczne w Polsce | Invest in Poland in Special Economic Zone\",\"potentialAction\":[{\"@type\":\"SearchAction\",\"target\":{\"@type\":\"EntryPoint\",\"urlTemplate\":\"https:\\\/\\\/archiwum.invest-park.com.pl\\\/?s={search_term_string}\"},\"query-input\":{\"@type\":\"PropertyValueSpecification\",\"valueRequired\":true,\"valueName\":\"search_term_string\"}}],\"inLanguage\":\"en-US\"},{\"@type\":\"Person\",\"@id\":\"https:\\\/\\\/archiwum.invest-park.com.pl\\\/#\\\/schema\\\/person\\\/e1a25243ece3d709f69b2f07f15f97bd\",\"name\":\"Pion IT\",\"image\":{\"@type\":\"ImageObject\",\"inLanguage\":\"en-US\",\"@id\":\"https:\\\/\\\/secure.gravatar.com\\\/avatar\\\/c98fecba299a4b313b2b82702b1a69330e83b1d8288898b0d5a717c2eeeba508?s=96&d=mm&r=g\",\"url\":\"https:\\\/\\\/secure.gravatar.com\\\/avatar\\\/c98fecba299a4b313b2b82702b1a69330e83b1d8288898b0d5a717c2eeeba508?s=96&d=mm&r=g\",\"contentUrl\":\"https:\\\/\\\/secure.gravatar.com\\\/avatar\\\/c98fecba299a4b313b2b82702b1a69330e83b1d8288898b0d5a717c2eeeba508?s=96&d=mm&r=g\",\"caption\":\"Pion IT\"}}]}<\/script>\n<!-- \/ Yoast SEO plugin. -->","yoast_head_json":{"title":"A new production floor is being built by the WSEZ in Wrze\u015bnia - WSSE &quot;INVEST-PARK&quot;. Wa\u0142brzyska Specjalna Strefa Ekonomiczna &quot;INVEST-PARK&quot;.","robots":{"index":"index","follow":"follow","max-snippet":"max-snippet:-1","max-image-preview":"max-image-preview:large","max-video-preview":"max-video-preview:-1"},"canonical":"https:\/\/archiwum.invest-park.com.pl\/en\/blog\/2015\/10\/15\/a-new-production-floor-is-being-built-by-the-wsez-in-wrzesnia\/","og_locale":"en_US","og_type":"article","og_title":"A new production floor is being built by the WSEZ in Wrze\u015bnia - WSSE &quot;INVEST-PARK&quot;. Wa\u0142brzyska Specjalna Strefa Ekonomiczna &quot;INVEST-PARK&quot;.","og_description":"The Wa\u0142brzych Special Economic Zone has begun the construction of another production floor. The facility is located in the Wrze\u015bnia Economic Activity Zone, Wielkopolskie Province. SITECH, a producer of car seats for Volkswagen, has already expressed a willingness to lease a part of it. A ceremony symbolizing the beginning of the construction took place in Read More...","og_url":"https:\/\/archiwum.invest-park.com.pl\/en\/blog\/2015\/10\/15\/a-new-production-floor-is-being-built-by-the-wsez-in-wrzesnia\/","og_site_name":"WSSE &quot;INVEST-PARK&quot;. Wa\u0142brzyska Specjalna Strefa Ekonomiczna &quot;INVEST-PARK&quot;.","article_published_time":"2015-10-15T07:22:02+00:00","article_modified_time":"2015-11-12T23:57:21+00:00","og_image":[{"width":3384,"height":1391,"url":"https:\/\/archiwum.invest-park.com.pl\/wp-content\/uploads\/2015\/10\/WSSE-Hala-we-Wrzesni-41-e1444811720246.jpg","type":"image\/jpeg"}],"author":"Pion IT","twitter_misc":{"Written by":"Pion IT","Est. reading time":"3 minutes"},"schema":{"@context":"https:\/\/schema.org","@graph":[{"@type":"Article","@id":"https:\/\/archiwum.invest-park.com.pl\/en\/blog\/2015\/10\/15\/a-new-production-floor-is-being-built-by-the-wsez-in-wrzesnia\/#article","isPartOf":{"@id":"https:\/\/archiwum.invest-park.com.pl\/en\/blog\/2015\/10\/15\/a-new-production-floor-is-being-built-by-the-wsez-in-wrzesnia\/"},"author":{"name":"Pion IT","@id":"https:\/\/archiwum.invest-park.com.pl\/#\/schema\/person\/e1a25243ece3d709f69b2f07f15f97bd"},"headline":"A new production floor is being built by the WSEZ in Wrze\u015bnia","datePublished":"2015-10-15T07:22:02+00:00","dateModified":"2015-11-12T23:57:21+00:00","mainEntityOfPage":{"@id":"https:\/\/archiwum.invest-park.com.pl\/en\/blog\/2015\/10\/15\/a-new-production-floor-is-being-built-by-the-wsez-in-wrzesnia\/"},"wordCount":520,"commentCount":0,"image":{"@id":"https:\/\/archiwum.invest-park.com.pl\/en\/blog\/2015\/10\/15\/a-new-production-floor-is-being-built-by-the-wsez-in-wrzesnia\/#primaryimage"},"thumbnailUrl":"https:\/\/archiwum.invest-park.com.pl\/wp-content\/uploads\/2015\/10\/WSSE-Hala-we-Wrzesni-41-e1444811720246.jpg","keywords":["invest park","job in the sez walbrzych","sez poland","sez walbrzych","special economic zone","walbrzych special economic zone"],"articleSection":["News"],"inLanguage":"en-US","potentialAction":[{"@type":"CommentAction","name":"Comment","target":["https:\/\/archiwum.invest-park.com.pl\/en\/blog\/2015\/10\/15\/a-new-production-floor-is-being-built-by-the-wsez-in-wrzesnia\/#respond"]}]},{"@type":"WebPage","@id":"https:\/\/archiwum.invest-park.com.pl\/en\/blog\/2015\/10\/15\/a-new-production-floor-is-being-built-by-the-wsez-in-wrzesnia\/","url":"https:\/\/archiwum.invest-park.com.pl\/en\/blog\/2015\/10\/15\/a-new-production-floor-is-being-built-by-the-wsez-in-wrzesnia\/","name":"A new production floor is being built by the WSEZ in Wrze\u015bnia - WSSE &quot;INVEST-PARK&quot;. Wa\u0142brzyska Specjalna Strefa Ekonomiczna &quot;INVEST-PARK&quot;.","isPartOf":{"@id":"https:\/\/archiwum.invest-park.com.pl\/#website"},"primaryImageOfPage":{"@id":"https:\/\/archiwum.invest-park.com.pl\/en\/blog\/2015\/10\/15\/a-new-production-floor-is-being-built-by-the-wsez-in-wrzesnia\/#primaryimage"},"image":{"@id":"https:\/\/archiwum.invest-park.com.pl\/en\/blog\/2015\/10\/15\/a-new-production-floor-is-being-built-by-the-wsez-in-wrzesnia\/#primaryimage"},"thumbnailUrl":"https:\/\/archiwum.invest-park.com.pl\/wp-content\/uploads\/2015\/10\/WSSE-Hala-we-Wrzesni-41-e1444811720246.jpg","datePublished":"2015-10-15T07:22:02+00:00","dateModified":"2015-11-12T23:57:21+00:00","author":{"@id":"https:\/\/archiwum.invest-park.com.pl\/#\/schema\/person\/e1a25243ece3d709f69b2f07f15f97bd"},"breadcrumb":{"@id":"https:\/\/archiwum.invest-park.com.pl\/en\/blog\/2015\/10\/15\/a-new-production-floor-is-being-built-by-the-wsez-in-wrzesnia\/#breadcrumb"},"inLanguage":"en-US","potentialAction":[{"@type":"ReadAction","target":["https:\/\/archiwum.invest-park.com.pl\/en\/blog\/2015\/10\/15\/a-new-production-floor-is-being-built-by-the-wsez-in-wrzesnia\/"]}]},{"@type":"ImageObject","inLanguage":"en-US","@id":"https:\/\/archiwum.invest-park.com.pl\/en\/blog\/2015\/10\/15\/a-new-production-floor-is-being-built-by-the-wsez-in-wrzesnia\/#primaryimage","url":"https:\/\/archiwum.invest-park.com.pl\/wp-content\/uploads\/2015\/10\/WSSE-Hala-we-Wrzesni-41-e1444811720246.jpg","contentUrl":"https:\/\/archiwum.invest-park.com.pl\/wp-content\/uploads\/2015\/10\/WSSE-Hala-we-Wrzesni-41-e1444811720246.jpg","width":3384,"height":1391},{"@type":"BreadcrumbList","@id":"https:\/\/archiwum.invest-park.com.pl\/en\/blog\/2015\/10\/15\/a-new-production-floor-is-being-built-by-the-wsez-in-wrzesnia\/#breadcrumb","itemListElement":[{"@type":"ListItem","position":1,"name":"Strona g\u0142\u00f3wna","item":"https:\/\/archiwum.invest-park.com.pl\/en\/"},{"@type":"ListItem","position":2,"name":"A new production floor is being built by the WSEZ in Wrze\u015bnia"}]},{"@type":"WebSite","@id":"https:\/\/archiwum.invest-park.com.pl\/#website","url":"https:\/\/archiwum.invest-park.com.pl\/","name":"WSSE &quot;INVEST-PARK&quot;. Wa\u0142brzyska Specjalna Strefa Ekonomiczna &quot;INVEST-PARK&quot;.","description":"Wa\u0142brzyska Specjalna Strefa Ekonomiczna to jedna z najwi\u0119kszych i najdynamiczniej rozwijaj\u0105cych si\u0119 stref ekonomicznych w Polsce | Znajd\u017a tereny inwestycyjne z ulgami podatkowymi | Dzia\u0142ki inwestycyjne | Tereny inwestycyjne | Strefy ekonomiczne w Polsce | Invest in Poland in Special Economic Zone","potentialAction":[{"@type":"SearchAction","target":{"@type":"EntryPoint","urlTemplate":"https:\/\/archiwum.invest-park.com.pl\/?s={search_term_string}"},"query-input":{"@type":"PropertyValueSpecification","valueRequired":true,"valueName":"search_term_string"}}],"inLanguage":"en-US"},{"@type":"Person","@id":"https:\/\/archiwum.invest-park.com.pl\/#\/schema\/person\/e1a25243ece3d709f69b2f07f15f97bd","name":"Pion IT","image":{"@type":"ImageObject","inLanguage":"en-US","@id":"https:\/\/secure.gravatar.com\/avatar\/c98fecba299a4b313b2b82702b1a69330e83b1d8288898b0d5a717c2eeeba508?s=96&d=mm&r=g","url":"https:\/\/secure.gravatar.com\/avatar\/c98fecba299a4b313b2b82702b1a69330e83b1d8288898b0d5a717c2eeeba508?s=96&d=mm&r=g","contentUrl":"https:\/\/secure.gravatar.com\/avatar\/c98fecba299a4b313b2b82702b1a69330e83b1d8288898b0d5a717c2eeeba508?s=96&d=mm&r=g","caption":"Pion IT"}}]}},"_links":{"self":[{"href":"https:\/\/archiwum.invest-park.com.pl\/en\/wp-json\/wp\/v2\/posts\/4629","targetHints":{"allow":["GET"]}}],"collection":[{"href":"https:\/\/archiwum.invest-park.com.pl\/en\/wp-json\/wp\/v2\/posts"}],"about":[{"href":"https:\/\/archiwum.invest-park.com.pl\/en\/wp-json\/wp\/v2\/types\/post"}],"author":[{"embeddable":true,"href":"https:\/\/archiwum.invest-park.com.pl\/en\/wp-json\/wp\/v2\/users\/1"}],"replies":[{"embeddable":true,"href":"https:\/\/archiwum.invest-park.com.pl\/en\/wp-json\/wp\/v2\/comments?post=4629"}],"version-history":[{"count":1,"href":"https:\/\/archiwum.invest-park.com.pl\/en\/wp-json\/wp\/v2\/posts\/4629\/revisions"}],"predecessor-version":[{"id":4630,"href":"https:\/\/archiwum.invest-park.com.pl\/en\/wp-json\/wp\/v2\/posts\/4629\/revisions\/4630"}],"wp:featuredmedia":[{"embeddable":true,"href":"https:\/\/archiwum.invest-park.com.pl\/en\/wp-json\/wp\/v2\/media\/4618"}],"wp:attachment":[{"href":"https:\/\/archiwum.invest-park.com.pl\/en\/wp-json\/wp\/v2\/media?parent=4629"}],"wp:term":[{"taxonomy":"category","embeddable":true,"href":"https:\/\/archiwum.invest-park.com.pl\/en\/wp-json\/wp\/v2\/categories?post=4629"},{"taxonomy":"post_tag","embeddable":true,"href":"https:\/\/archiwum.invest-park.com.pl\/en\/wp-json\/wp\/v2\/tags?post=4629"}],"curies":[{"name":"wp","href":"https:\/\/api.w.org\/{rel}","templated":true}]}}