{"id":4626,"date":"2015-10-15T09:12:27","date_gmt":"2015-10-15T07:12:27","guid":{"rendered":"https:\/\/invest-park.com.pl\/?p=4626"},"modified":"2015-11-13T00:55:07","modified_gmt":"2015-11-12T23:55:07","slug":"education-for-the-future","status":"publish","type":"post","link":"https:\/\/archiwum.invest-park.com.pl\/en\/blog\/2015\/10\/15\/education-for-the-future\/","title":{"rendered":"Education for the future"},"content":{"rendered":"<p><strong>Sixty-four exhibitors: companies, vocational schools and colleges, around a thousand participants. Presentations, competitions, a motivational lecture, an economic debate, and, at the very end, a concert of the Red Lips band \u2013 this, in a nutshell, is what happened during the 1<sup>st<\/sup> Lower Silesian Fair for Future Jobs, Innovation and Export, which was held in Jelenia G\u00f3ra on 9 October. The fair was organized by the Wa\u0142brzych Special Economic Zone \u201cINVEST-PARK\u201d under the patronage of the Ministry of Economy and the Mayor of Jelenia G\u00f3ra. <\/strong><\/p>\n<p>Adapting the vocational education system to the needs of the modern economy by promoting cooperation between schools and companies is the main aim of the actions conducted by the Ministry of Economy in cooperation with other ministries, special economic zones, enterprises and schools.<\/p>\n<blockquote><p>\u201cFor the last several years we have been working towards the creation of a system of education that would provide young people with good, highly-demanded jobs, and consequently \u2013 stable and well-paid employment. On the other hand, this is the reaction to the expectations of employers, not just in special economic zones, who are looking for adequately qualified workers who would be familiar with the newest technologies and machines, and who would be willing to take up jobs immediately. Changing the vocational education system and restoring its prestige lies in the interest of all of us,\u201d said Ilona Antoniszyn-Klik, Deputy Minister of Economy.<\/p><\/blockquote>\n<p>Her opinion is shared by teachers.<\/p>\n<blockquote><p>\u201cWithout vocational education, we won\u2019t be able to produce anything, and this is the starting point \u2013 after all, we aren\u2019t going to attract specialists from other countries. These are good schools, and my family is the best example. My grandfather, father and I attended Energetyk, and now I am a teacher here. Also my son graduated this school, and he is currently doing his PhD degree in Norway,\u201d argues Dariusz Cisek, a vocational teacher at the Energetyk Complex of Polytechnic Schools in Wa\u0142brzych.<\/p>\n<p>\u201cAn engineer\u2019s degree is one of the most sought-after qualifications in the labor market, and our graduates have no trouble finding jobs. We even have a saying, \u2018the job found me after graduation.\u2019 We often meet with people who finished our university and we are proud to say that they are doing well,\u201d said Ma\u0142gorzata Smutkiewicz of the Recruitment Department of Wroc\u0142aw University of Technology.<\/p><\/blockquote>\n<p>Last year, the Ministry of Economy succeeded in amending the act on special economic zones. According to the amendment, supporting vocational education is now the duty of the zones. Also on the Ministry\u2019s initiative, an agreement between the Ministry of National Education, the Ministry of Labor and Social Policy, and the Ministry of Treasury was concluded, which defines the scope of cooperation with respect to vocational education. In order to implement the resolutions, special economic zones have created Educational Clusters, which provide a platform for permanent cooperation between entrepreneurs, schools, the zones, self-governments, regional education authorities, labor offices, etc. The clusters\u2019 main task is to activate cooperation between partners, forecast the demand for particular skills and jobs, and increase the availability of practical vocational training, including the dual system. The establishment of the clusters has been well received by both schools and the business world. The clusters created by the Lower Silesian zones today group several dozen partners and are constantly growing.<\/p>\n<blockquote><p>The 1<sup>st<\/sup> Lower Silesian Fair for Future Jobs, Innovation and Export was yet another initiative promoting vocational education. According to Barbara Ka\u015bnikowska, President of the Wa\u0142brzych Special Economic Zone \u201cINVEST-PARK\u201d, the fair is the best form of practical career counseling.<\/p>\n<p>\u201cThe zones have become involved in the changes in the vocational education because they keep in touch with many firms in various industries. Using vehicles such as the \u201cINVEST in EDU\u201d cluster or today\u2019s fair, we want to facilitate cooperation by enabling the representatives of schools and firms to meet. It is important to determine the needs of companies, not just those functioning in the zones, and to compare it with what schools offer. Potential gaps must be identified and filled in order to adapt the curricula to the labor market. These actions have already brought tangible results in the form of company-sponsored classes, apprenticeship programs, scholarships, etc.,\u201d emphasized Barbara Ka\u015bnikowska, President of the Wa\u0142brzych Special Economic Zone \u201cINVEST-PARK\u201d.<\/p><\/blockquote>\n<p>Faurecia is an example of good practices in cooperation between business and schools.<\/p>\n<blockquote><p>\u201cYear by year, there are increasing difficulties with finding properly qualified employees who would be familiar with the newest technologies. This is why we promote the dual education system, in which theory is taught in school and practical classes are held in companies. Faurecia cooperates with School Complex no. 5 in Wa\u0142brzych, mainly with the mechatronics students, who could be employed in the Maintenance Department after graduation. The students can undergo work practice in our company, and we also offer apprenticeships. The best ones among them can count on permanent jobs with us,\u201d said Ma\u0142gorzata Konsewicz of Faurecia Wa\u0142brzych S.A.<\/p><\/blockquote>\n<p>The fair was an excellent opportunity for schools to promote themselves and demonstrate that today\u2019s curricula are nowhere near the stereotypically negative perception of the simplicity of vocational education. Drones, robots, cosmic probes and bolides made a big impression on the visitors.<\/p>\n<blockquote><p>\u201cThese are robots built from servomechanisms, which can have the shape of a vehicle or a human \u2013 the possibilities of expanding them are virtually limitless. It is all up to the imagination, knowledge and skills of the designer. This is how we learn about the programming, functioning and ways of using of servomechanisms, it is really fascinating,\u201d said Robert Br\u0105czyk, a student of Wilhelm Rotkiewicz School Complex no. 1 in Dzier\u017coni\u00f3w.<\/p>\n<p>\u201cWe are a Polish-American company producing machines used in the paper industry, and we are one of the largest employers in the region. We are presenting our offer at this fair because we are looking for talented youths. We offer employment opportunities to specialists in various fields: sales representatives, designers, project managers as well as machine operators and logisticians,\u201d said Maja Maisner, Development Director at PMPoland S.A.<\/p>\n<p>\u201cWe want to promote ourselves, mark our presence in the job market, make our offer known to high schools and colleges. We are looking for people with technical education, especially electronics engineers, mechanics, automation specialists, quality engineers, project managers. All of them must be able to communicate in English. During this fair we have also been talking with other companies about their cooperation with special economic zones and the benefits arising from doing business in them,\u201d said Olga Godziewicz, HR Manager at GE Energy Management Industrial Solutions.<\/p>\n<p>\u201cDaicel is a manufacturing company that is currently implementing a new business strategy based on the construction of an R&amp;D center. We are so active in the labor market, visiting high schools and colleges, because we are looking for new personnel. We mainly offer technical jobs and middle management ones. We are here because we want the students to be aware of what jobs will be in high demand in the future,\u201d said Dominika Ciara, Personnel and Administration Director at Daicel Safety Systems Europe sp. z o.o.<\/p>\n<p>\u201cThe fair is very interesting. We are shown what future education options we have. Most of us are probably going to choose Wroc\u0142aw University of Technology. The stands and what the firms offer are very encouraging,\u201d thinks Micha\u0142 Plata of Hugo Ko\u0142\u0142\u0105taj School Complex no. 2 in Wa\u0142brzych.<\/p>\n<p>\u201cThe fair is a useful initiative to find out what opportunities exist, what high schools and colleges offer, what employees companies are looking for, and what sort of education one should choose to easily find a good job. Choosing a vocational school is no shame; on the contrary, I think that those who go to schools of general education would not be good enough to study in technical schools. We have more classes, vocational lessons and apprenticeships alongside general subjects. But it is worth making the effort because it guarantees a better future,\u201d said Wojciech Jacek of Nowa Ruda Technical School.<\/p><\/blockquote>\n<p>The importance of innovativeness and export in the growth of companies was also discussed at the fair. During the discussion panel, the conditions of doing business in Poland and abroad and the existing mechanisms for supporting exports were debated. Ilona Antoniszyn-Klik, Deputy Minister of Economy, emphasized that the development of high tech industries and innovativeness in small and medium-sized companies should become a business standard in the next few years.<\/p>\n<blockquote><p>\u201cOur priority is modern, innovative projects created directly in companies in the region. We have outstanding, creative and highly educated engineers, scientists, and designers, which is extremely important for the development of our country. We cannot and do not want to rely exclusively on foreign ideas. We want our solutions to conquer the world, we want Polish technical thought to be a well-known and respected brand. To export project and not just goods. This is why in the next few years the Ministry of Economy is going to put huge emphasis on R&amp;D, innovativeness, investing in knowledge, in high technologies and creating our own know-how. Companies at the highest technological level should be a priority for any modern country, and we have prepared many programs of support for them. I encourage you to use them,\u201d said Ilona Antoniszyn-Klik, Deputy Minister of Economy.<\/p><\/blockquote>\n<p>During the fair, the \u201cMost Innovative Project of the Lower Silesian Fair for Future Jobs, Innovation and Export\u201d was chosen. One higher education institution was rewarded \u2013 Wroc\u0142aw University of Technology, and three secondary schools \u2013 \u201cEnergetyk\u201d Complex of Polytechnic Schools in Wa\u0142brzych, School Complex no. 5 in Wa\u0142brzych, and School Complex no. 1 in Dzier\u017coni\u00f3w. The art competition titled \u201cFuture Jobs Vision\u201d was won by Micha\u0142 Szewczyk of Artistic Craftsmanship School Complex in Jelenia G\u00f3ra. Wojciech Jacek turned out to be the most well-informed participant in the general knowledge quiz about the labor market, economic cooperation with foreign countries and innovative jobs. Faurecia Wa\u0142brzych granted an award to the winners of a simulation game that reflected the processes in a car company.<\/p>\n<p>The final highlight of the fair was a musical one \u2013 a concert by the Red Lips band.<\/p>\n<div class=\"wpmf-gallerys wpmf-gallerys-life \" ><div id=\"gallery-1\" class=\"gallery gallery_life wpmf_gallery_default gallery_default  gallery-columns-3 gallery-size-thumbnail gallery-link-post wpmf-has-border-radius-0 wpmf-gutterwidth-5 no_ratio\"><figure class=\"wpmf-gallery-item\" data-index=\"0\"><div class=\"wpmf-gallery-icon\"><div class=\"square_thumbnail\"><div class=\"img_centered\"><a class=\" not_video noLightbox\" data-lightbox=\"0\" data-href=\"https:\/\/archiwum.invest-park.com.pl\/wp-content\/uploads\/2015\/10\/Targi-jelonka-4-1024x630.jpg\" title=\"Targi jelonka-4\" target=\"_self\" data-index=\"0\"><img decoding=\"async\" class=\"wpmf_img\" alt=\"Targi jelonka-4\" src=\"https:\/\/archiwum.invest-park.com.pl\/wp-content\/uploads\/2015\/10\/Targi-jelonka-4-270x166.jpg\" data-type=\"wpmfgalleryimg\" data-lazy-src=\"https:\/\/archiwum.invest-park.com.pl\/wp-content\/uploads\/2015\/10\/Targi-jelonka-4-270x166.jpg\"><\/a><\/div><\/div><\/div><\/figure><figure class=\"wpmf-gallery-item\" data-index=\"1\"><div class=\"wpmf-gallery-icon\"><div class=\"square_thumbnail\"><div class=\"img_centered\"><a class=\" not_video noLightbox\" data-lightbox=\"0\" data-href=\"https:\/\/archiwum.invest-park.com.pl\/wp-content\/uploads\/2015\/10\/Targi-jelonka-6-1024x683.jpg\" title=\"Targi jelonka-6\" target=\"_self\" data-index=\"1\"><img decoding=\"async\" class=\"wpmf_img\" alt=\"Targi jelonka-6\" src=\"https:\/\/archiwum.invest-park.com.pl\/wp-content\/uploads\/2015\/10\/Targi-jelonka-6-270x180.jpg\" data-type=\"wpmfgalleryimg\" data-lazy-src=\"https:\/\/archiwum.invest-park.com.pl\/wp-content\/uploads\/2015\/10\/Targi-jelonka-6-270x180.jpg\"><\/a><\/div><\/div><\/div><\/figure><figure class=\"wpmf-gallery-item\" data-index=\"2\"><div class=\"wpmf-gallery-icon\"><div class=\"square_thumbnail\"><div class=\"img_centered\"><a class=\" not_video noLightbox\" data-lightbox=\"0\" data-href=\"https:\/\/archiwum.invest-park.com.pl\/wp-content\/uploads\/2015\/10\/Targi-jelonka-9-1024x683.jpg\" title=\"Targi jelonka-9\" target=\"_self\" data-index=\"2\"><img decoding=\"async\" class=\"wpmf_img\" alt=\"Targi jelonka-9\" src=\"https:\/\/archiwum.invest-park.com.pl\/wp-content\/uploads\/2015\/10\/Targi-jelonka-9-270x180.jpg\" data-type=\"wpmfgalleryimg\" data-lazy-src=\"https:\/\/archiwum.invest-park.com.pl\/wp-content\/uploads\/2015\/10\/Targi-jelonka-9-270x180.jpg\"><\/a><\/div><\/div><\/div><\/figure><figure class=\"wpmf-gallery-item\" data-index=\"3\"><div class=\"wpmf-gallery-icon\"><div class=\"square_thumbnail\"><div class=\"img_centered\"><a class=\" not_video noLightbox\" data-lightbox=\"0\" data-href=\"https:\/\/archiwum.invest-park.com.pl\/wp-content\/uploads\/2015\/10\/Targi-jelonka-10-1024x770.jpg\" title=\"Targi jelonka-10\" target=\"_self\" data-index=\"3\"><img decoding=\"async\" class=\"wpmf_img\" alt=\"Targi jelonka-10\" src=\"https:\/\/archiwum.invest-park.com.pl\/wp-content\/uploads\/2015\/10\/Targi-jelonka-10-270x203.jpg\" data-type=\"wpmfgalleryimg\" data-lazy-src=\"https:\/\/archiwum.invest-park.com.pl\/wp-content\/uploads\/2015\/10\/Targi-jelonka-10-270x203.jpg\"><\/a><\/div><\/div><\/div><\/figure><figure class=\"wpmf-gallery-item\" data-index=\"4\"><div class=\"wpmf-gallery-icon\"><div class=\"square_thumbnail\"><div class=\"img_centered\"><a class=\" not_video noLightbox\" data-lightbox=\"0\" data-href=\"https:\/\/archiwum.invest-park.com.pl\/wp-content\/uploads\/2015\/10\/Targi-jelonka-13-1024x683.jpg\" title=\"Targi jelonka-13\" target=\"_self\" data-index=\"4\"><img decoding=\"async\" class=\"wpmf_img\" alt=\"Targi jelonka-13\" src=\"https:\/\/archiwum.invest-park.com.pl\/wp-content\/uploads\/2015\/10\/Targi-jelonka-13-270x180.jpg\" data-type=\"wpmfgalleryimg\" data-lazy-src=\"https:\/\/archiwum.invest-park.com.pl\/wp-content\/uploads\/2015\/10\/Targi-jelonka-13-270x180.jpg\"><\/a><\/div><\/div><\/div><\/figure><figure class=\"wpmf-gallery-item\" data-index=\"5\"><div class=\"wpmf-gallery-icon\"><div class=\"square_thumbnail\"><div class=\"img_centered\"><a class=\" not_video noLightbox\" data-lightbox=\"0\" data-href=\"https:\/\/archiwum.invest-park.com.pl\/wp-content\/uploads\/2015\/10\/Targi-jelonka-17-1024x724.jpg\" title=\"Targi jelonka-17\" target=\"_self\" data-index=\"5\"><img decoding=\"async\" class=\"wpmf_img\" alt=\"Targi jelonka-17\" src=\"https:\/\/archiwum.invest-park.com.pl\/wp-content\/uploads\/2015\/10\/Targi-jelonka-17-270x191.jpg\" data-type=\"wpmfgalleryimg\" data-lazy-src=\"https:\/\/archiwum.invest-park.com.pl\/wp-content\/uploads\/2015\/10\/Targi-jelonka-17-270x191.jpg\"><\/a><\/div><\/div><\/div><\/figure><figure class=\"wpmf-gallery-item\" data-index=\"6\"><div class=\"wpmf-gallery-icon\"><div class=\"square_thumbnail\"><div class=\"img_centered\"><a class=\" not_video noLightbox\" data-lightbox=\"0\" data-href=\"https:\/\/archiwum.invest-park.com.pl\/wp-content\/uploads\/2015\/10\/Targi-jelonka-18-1024x683.jpg\" title=\"Targi jelonka-18\" target=\"_self\" data-index=\"6\"><img decoding=\"async\" class=\"wpmf_img\" alt=\"Targi jelonka-18\" src=\"https:\/\/archiwum.invest-park.com.pl\/wp-content\/uploads\/2015\/10\/Targi-jelonka-18-270x180.jpg\" data-type=\"wpmfgalleryimg\" data-lazy-src=\"https:\/\/archiwum.invest-park.com.pl\/wp-content\/uploads\/2015\/10\/Targi-jelonka-18-270x180.jpg\"><\/a><\/div><\/div><\/div><\/figure><figure class=\"wpmf-gallery-item\" data-index=\"7\"><div class=\"wpmf-gallery-icon\"><div class=\"square_thumbnail\"><div class=\"img_centered\"><a class=\" not_video noLightbox\" data-lightbox=\"0\" data-href=\"https:\/\/archiwum.invest-park.com.pl\/wp-content\/uploads\/2015\/10\/Targi-jelonka-20-1024x683.jpg\" title=\"Targi jelonka-20\" target=\"_self\" data-index=\"7\"><img decoding=\"async\" class=\"wpmf_img\" alt=\"Targi jelonka-20\" src=\"https:\/\/archiwum.invest-park.com.pl\/wp-content\/uploads\/2015\/10\/Targi-jelonka-20-270x180.jpg\" data-type=\"wpmfgalleryimg\" data-lazy-src=\"https:\/\/archiwum.invest-park.com.pl\/wp-content\/uploads\/2015\/10\/Targi-jelonka-20-270x180.jpg\"><\/a><\/div><\/div><\/div><\/figure><figure class=\"wpmf-gallery-item\" data-index=\"8\"><div class=\"wpmf-gallery-icon\"><div class=\"square_thumbnail\"><div class=\"img_centered\"><a class=\" not_video noLightbox\" data-lightbox=\"0\" data-href=\"https:\/\/archiwum.invest-park.com.pl\/wp-content\/uploads\/2015\/10\/Targi-jelonka-23-1024x595.jpg\" title=\"Targi jelonka-23\" target=\"_self\" data-index=\"8\"><img decoding=\"async\" class=\"wpmf_img\" alt=\"Targi jelonka-23\" src=\"https:\/\/archiwum.invest-park.com.pl\/wp-content\/uploads\/2015\/10\/Targi-jelonka-23-270x157.jpg\" data-type=\"wpmfgalleryimg\" data-lazy-src=\"https:\/\/archiwum.invest-park.com.pl\/wp-content\/uploads\/2015\/10\/Targi-jelonka-23-270x157.jpg\"><\/a><\/div><\/div><\/div><\/figure><figure class=\"wpmf-gallery-item\" data-index=\"9\"><div class=\"wpmf-gallery-icon\"><div class=\"square_thumbnail\"><div class=\"img_centered\"><a class=\" not_video noLightbox\" data-lightbox=\"0\" data-href=\"https:\/\/archiwum.invest-park.com.pl\/wp-content\/uploads\/2015\/10\/Targi-jelonka-27-1024x683.jpg\" title=\"Targi jelonka-27\" target=\"_self\" data-index=\"9\"><img decoding=\"async\" class=\"wpmf_img\" alt=\"Targi jelonka-27\" src=\"https:\/\/archiwum.invest-park.com.pl\/wp-content\/uploads\/2015\/10\/Targi-jelonka-27-270x180.jpg\" data-type=\"wpmfgalleryimg\" data-lazy-src=\"https:\/\/archiwum.invest-park.com.pl\/wp-content\/uploads\/2015\/10\/Targi-jelonka-27-270x180.jpg\"><\/a><\/div><\/div><\/div><\/figure><figure class=\"wpmf-gallery-item\" data-index=\"10\"><div class=\"wpmf-gallery-icon\"><div class=\"square_thumbnail\"><div class=\"img_centered\"><a class=\" not_video noLightbox\" data-lightbox=\"0\" data-href=\"https:\/\/archiwum.invest-park.com.pl\/wp-content\/uploads\/2015\/10\/Targi-jelonka-31-1024x638.jpg\" title=\"Targi jelonka-31\" target=\"_self\" data-index=\"10\"><img decoding=\"async\" class=\"wpmf_img\" alt=\"Targi jelonka-31\" src=\"https:\/\/archiwum.invest-park.com.pl\/wp-content\/uploads\/2015\/10\/Targi-jelonka-31-270x168.jpg\" data-type=\"wpmfgalleryimg\" data-lazy-src=\"https:\/\/archiwum.invest-park.com.pl\/wp-content\/uploads\/2015\/10\/Targi-jelonka-31-270x168.jpg\"><\/a><\/div><\/div><\/div><\/figure><figure class=\"wpmf-gallery-item\" data-index=\"11\"><div class=\"wpmf-gallery-icon\"><div class=\"square_thumbnail\"><div class=\"img_centered\"><a class=\" not_video noLightbox\" data-lightbox=\"0\" data-href=\"https:\/\/archiwum.invest-park.com.pl\/wp-content\/uploads\/2015\/10\/Targi-jelonka-34-1024x683.jpg\" title=\"Targi jelonka-34\" target=\"_self\" data-index=\"11\"><img decoding=\"async\" class=\"wpmf_img\" alt=\"Targi jelonka-34\" src=\"https:\/\/archiwum.invest-park.com.pl\/wp-content\/uploads\/2015\/10\/Targi-jelonka-34-270x180.jpg\" data-type=\"wpmfgalleryimg\" data-lazy-src=\"https:\/\/archiwum.invest-park.com.pl\/wp-content\/uploads\/2015\/10\/Targi-jelonka-34-270x180.jpg\"><\/a><\/div><\/div><\/div><\/figure><figure class=\"wpmf-gallery-item\" data-index=\"12\"><div class=\"wpmf-gallery-icon\"><div class=\"square_thumbnail\"><div class=\"img_centered\"><a class=\" not_video noLightbox\" data-lightbox=\"0\" data-href=\"https:\/\/archiwum.invest-park.com.pl\/wp-content\/uploads\/2015\/10\/Targi-jelonka-1-1024x600.jpg\" title=\"Targi jelonka-1\" target=\"_self\" data-index=\"12\"><img decoding=\"async\" class=\"wpmf_img\" alt=\"Targi jelonka-1\" src=\"https:\/\/archiwum.invest-park.com.pl\/wp-content\/uploads\/2015\/10\/Targi-jelonka-1-270x158.jpg\" data-type=\"wpmfgalleryimg\" data-lazy-src=\"https:\/\/archiwum.invest-park.com.pl\/wp-content\/uploads\/2015\/10\/Targi-jelonka-1-270x158.jpg\"><\/a><\/div><\/div><\/div><\/figure><\/div><\/div>\n<p>&nbsp;<\/p>\n","protected":false},"excerpt":{"rendered":"<p>Sixty-four exhibitors: companies, vocational schools and colleges, around a thousand participants. Presentations, competitions, a motivational lecture, an economic debate, and, at the very end, a concert of the Red Lips band \u2013 this, in a nutshell, is what happened during the 1st Lower Silesian Fair for Future Jobs, Innovation and Export, which was held in <\/p>\n<p class=\"text-right\"><a class=\"btn btn-secondary understrap-read-more-link\" href=\"https:\/\/archiwum.invest-park.com.pl\/en\/blog\/2015\/10\/15\/education-for-the-future\/\">Read More&#8230;<\/a><\/p>\n","protected":false},"author":1,"featured_media":4601,"comment_status":"open","ping_status":"closed","sticky":false,"template":"","format":"standard","meta":{"_acf_changed":false,"footnotes":""},"categories":[85],"tags":[279,289,266,290,288,262,263,267],"class_list":["post-4626","post","type-post","status-publish","format-standard","has-post-thumbnail","hentry","category-news","tag-invest-in-edu-cluster","tag-invest-in-edu-walbrzych","tag-invest-park","tag-invest-park-education","tag-invest-park-walbrzych","tag-sez-walbrzych","tag-special-economic-zone","tag-walbrzych-special-economic-zone"],"acf":[],"yoast_head":"<!-- This site is optimized with the Yoast SEO plugin v27.5 - https:\/\/yoast.com\/product\/yoast-seo-wordpress\/ -->\n<title>Education for the future - WSSE &quot;INVEST-PARK&quot;. Wa\u0142brzyska Specjalna Strefa Ekonomiczna &quot;INVEST-PARK&quot;.<\/title>\n<meta name=\"robots\" content=\"index, follow, max-snippet:-1, max-image-preview:large, max-video-preview:-1\" \/>\n<link rel=\"canonical\" href=\"https:\/\/archiwum.invest-park.com.pl\/en\/blog\/2015\/10\/15\/education-for-the-future\/\" \/>\n<meta property=\"og:locale\" content=\"en_US\" \/>\n<meta property=\"og:type\" content=\"article\" \/>\n<meta property=\"og:title\" content=\"Education for the future - WSSE &quot;INVEST-PARK&quot;. Wa\u0142brzyska Specjalna Strefa Ekonomiczna &quot;INVEST-PARK&quot;.\" \/>\n<meta property=\"og:description\" content=\"Sixty-four exhibitors: companies, vocational schools and colleges, around a thousand participants. Presentations, competitions, a motivational lecture, an economic debate, and, at the very end, a concert of the Red Lips band \u2013 this, in a nutshell, is what happened during the 1st Lower Silesian Fair for Future Jobs, Innovation and Export, which was held in Read More...\" \/>\n<meta property=\"og:url\" content=\"https:\/\/archiwum.invest-park.com.pl\/en\/blog\/2015\/10\/15\/education-for-the-future\/\" \/>\n<meta property=\"og:site_name\" content=\"WSSE &quot;INVEST-PARK&quot;. Wa\u0142brzyska Specjalna Strefa Ekonomiczna &quot;INVEST-PARK&quot;.\" \/>\n<meta property=\"article:published_time\" content=\"2015-10-15T07:12:27+00:00\" \/>\n<meta property=\"article:modified_time\" content=\"2015-11-12T23:55:07+00:00\" \/>\n<meta property=\"og:image\" content=\"https:\/\/archiwum.invest-park.com.pl\/wp-content\/uploads\/2015\/10\/Targi-jelonka-10-1024x770.jpg\" \/>\n\t<meta property=\"og:image:width\" content=\"1024\" \/>\n\t<meta property=\"og:image:height\" content=\"770\" \/>\n\t<meta property=\"og:image:type\" content=\"image\/jpeg\" \/>\n<meta name=\"author\" content=\"Pion IT\" \/>\n<meta name=\"twitter:label1\" content=\"Written by\" \/>\n\t<meta name=\"twitter:data1\" content=\"Pion IT\" \/>\n\t<meta name=\"twitter:label2\" content=\"Est. reading time\" \/>\n\t<meta name=\"twitter:data2\" content=\"9 minutes\" \/>\n<script type=\"application\/ld+json\" class=\"yoast-schema-graph\">{\"@context\":\"https:\\\/\\\/schema.org\",\"@graph\":[{\"@type\":\"Article\",\"@id\":\"https:\\\/\\\/archiwum.invest-park.com.pl\\\/en\\\/blog\\\/2015\\\/10\\\/15\\\/education-for-the-future\\\/#article\",\"isPartOf\":{\"@id\":\"https:\\\/\\\/archiwum.invest-park.com.pl\\\/en\\\/blog\\\/2015\\\/10\\\/15\\\/education-for-the-future\\\/\"},\"author\":{\"name\":\"Pion IT\",\"@id\":\"https:\\\/\\\/archiwum.invest-park.com.pl\\\/#\\\/schema\\\/person\\\/e1a25243ece3d709f69b2f07f15f97bd\"},\"headline\":\"Education for the future\",\"datePublished\":\"2015-10-15T07:12:27+00:00\",\"dateModified\":\"2015-11-12T23:55:07+00:00\",\"mainEntityOfPage\":{\"@id\":\"https:\\\/\\\/archiwum.invest-park.com.pl\\\/en\\\/blog\\\/2015\\\/10\\\/15\\\/education-for-the-future\\\/\"},\"wordCount\":1710,\"commentCount\":0,\"image\":{\"@id\":\"https:\\\/\\\/archiwum.invest-park.com.pl\\\/en\\\/blog\\\/2015\\\/10\\\/15\\\/education-for-the-future\\\/#primaryimage\"},\"thumbnailUrl\":\"https:\\\/\\\/archiwum.invest-park.com.pl\\\/wp-content\\\/uploads\\\/2015\\\/10\\\/Targi-jelonka-10.jpg\",\"keywords\":[\"\u201cINVEST in EDU\u201d cluster\",\"invest in edu walbrzych\",\"invest park\",\"invest park education\",\"invest park walbrzych\",\"sez walbrzych\",\"special economic zone\",\"walbrzych special economic zone\"],\"articleSection\":[\"News\"],\"inLanguage\":\"en-US\",\"potentialAction\":[{\"@type\":\"CommentAction\",\"name\":\"Comment\",\"target\":[\"https:\\\/\\\/archiwum.invest-park.com.pl\\\/en\\\/blog\\\/2015\\\/10\\\/15\\\/education-for-the-future\\\/#respond\"]}]},{\"@type\":\"WebPage\",\"@id\":\"https:\\\/\\\/archiwum.invest-park.com.pl\\\/en\\\/blog\\\/2015\\\/10\\\/15\\\/education-for-the-future\\\/\",\"url\":\"https:\\\/\\\/archiwum.invest-park.com.pl\\\/en\\\/blog\\\/2015\\\/10\\\/15\\\/education-for-the-future\\\/\",\"name\":\"Education for the future - WSSE &quot;INVEST-PARK&quot;. Wa\u0142brzyska Specjalna Strefa Ekonomiczna &quot;INVEST-PARK&quot;.\",\"isPartOf\":{\"@id\":\"https:\\\/\\\/archiwum.invest-park.com.pl\\\/#website\"},\"primaryImageOfPage\":{\"@id\":\"https:\\\/\\\/archiwum.invest-park.com.pl\\\/en\\\/blog\\\/2015\\\/10\\\/15\\\/education-for-the-future\\\/#primaryimage\"},\"image\":{\"@id\":\"https:\\\/\\\/archiwum.invest-park.com.pl\\\/en\\\/blog\\\/2015\\\/10\\\/15\\\/education-for-the-future\\\/#primaryimage\"},\"thumbnailUrl\":\"https:\\\/\\\/archiwum.invest-park.com.pl\\\/wp-content\\\/uploads\\\/2015\\\/10\\\/Targi-jelonka-10.jpg\",\"datePublished\":\"2015-10-15T07:12:27+00:00\",\"dateModified\":\"2015-11-12T23:55:07+00:00\",\"author\":{\"@id\":\"https:\\\/\\\/archiwum.invest-park.com.pl\\\/#\\\/schema\\\/person\\\/e1a25243ece3d709f69b2f07f15f97bd\"},\"breadcrumb\":{\"@id\":\"https:\\\/\\\/archiwum.invest-park.com.pl\\\/en\\\/blog\\\/2015\\\/10\\\/15\\\/education-for-the-future\\\/#breadcrumb\"},\"inLanguage\":\"en-US\",\"potentialAction\":[{\"@type\":\"ReadAction\",\"target\":[\"https:\\\/\\\/archiwum.invest-park.com.pl\\\/en\\\/blog\\\/2015\\\/10\\\/15\\\/education-for-the-future\\\/\"]}]},{\"@type\":\"ImageObject\",\"inLanguage\":\"en-US\",\"@id\":\"https:\\\/\\\/archiwum.invest-park.com.pl\\\/en\\\/blog\\\/2015\\\/10\\\/15\\\/education-for-the-future\\\/#primaryimage\",\"url\":\"https:\\\/\\\/archiwum.invest-park.com.pl\\\/wp-content\\\/uploads\\\/2015\\\/10\\\/Targi-jelonka-10.jpg\",\"contentUrl\":\"https:\\\/\\\/archiwum.invest-park.com.pl\\\/wp-content\\\/uploads\\\/2015\\\/10\\\/Targi-jelonka-10.jpg\",\"width\":4598,\"height\":3456},{\"@type\":\"BreadcrumbList\",\"@id\":\"https:\\\/\\\/archiwum.invest-park.com.pl\\\/en\\\/blog\\\/2015\\\/10\\\/15\\\/education-for-the-future\\\/#breadcrumb\",\"itemListElement\":[{\"@type\":\"ListItem\",\"position\":1,\"name\":\"Strona g\u0142\u00f3wna\",\"item\":\"https:\\\/\\\/archiwum.invest-park.com.pl\\\/en\\\/\"},{\"@type\":\"ListItem\",\"position\":2,\"name\":\"Education for the future\"}]},{\"@type\":\"WebSite\",\"@id\":\"https:\\\/\\\/archiwum.invest-park.com.pl\\\/#website\",\"url\":\"https:\\\/\\\/archiwum.invest-park.com.pl\\\/\",\"name\":\"WSSE &quot;INVEST-PARK&quot;. Wa\u0142brzyska Specjalna Strefa Ekonomiczna &quot;INVEST-PARK&quot;.\",\"description\":\"Wa\u0142brzyska Specjalna Strefa Ekonomiczna to jedna z najwi\u0119kszych i najdynamiczniej rozwijaj\u0105cych si\u0119 stref ekonomicznych w Polsce | Znajd\u017a tereny inwestycyjne z ulgami podatkowymi | Dzia\u0142ki inwestycyjne | Tereny inwestycyjne | Strefy ekonomiczne w Polsce | Invest in Poland in Special Economic Zone\",\"potentialAction\":[{\"@type\":\"SearchAction\",\"target\":{\"@type\":\"EntryPoint\",\"urlTemplate\":\"https:\\\/\\\/archiwum.invest-park.com.pl\\\/?s={search_term_string}\"},\"query-input\":{\"@type\":\"PropertyValueSpecification\",\"valueRequired\":true,\"valueName\":\"search_term_string\"}}],\"inLanguage\":\"en-US\"},{\"@type\":\"Person\",\"@id\":\"https:\\\/\\\/archiwum.invest-park.com.pl\\\/#\\\/schema\\\/person\\\/e1a25243ece3d709f69b2f07f15f97bd\",\"name\":\"Pion IT\",\"image\":{\"@type\":\"ImageObject\",\"inLanguage\":\"en-US\",\"@id\":\"https:\\\/\\\/secure.gravatar.com\\\/avatar\\\/c98fecba299a4b313b2b82702b1a69330e83b1d8288898b0d5a717c2eeeba508?s=96&d=mm&r=g\",\"url\":\"https:\\\/\\\/secure.gravatar.com\\\/avatar\\\/c98fecba299a4b313b2b82702b1a69330e83b1d8288898b0d5a717c2eeeba508?s=96&d=mm&r=g\",\"contentUrl\":\"https:\\\/\\\/secure.gravatar.com\\\/avatar\\\/c98fecba299a4b313b2b82702b1a69330e83b1d8288898b0d5a717c2eeeba508?s=96&d=mm&r=g\",\"caption\":\"Pion IT\"}}]}<\/script>\n<!-- \/ Yoast SEO plugin. -->","yoast_head_json":{"title":"Education for the future - WSSE &quot;INVEST-PARK&quot;. Wa\u0142brzyska Specjalna Strefa Ekonomiczna &quot;INVEST-PARK&quot;.","robots":{"index":"index","follow":"follow","max-snippet":"max-snippet:-1","max-image-preview":"max-image-preview:large","max-video-preview":"max-video-preview:-1"},"canonical":"https:\/\/archiwum.invest-park.com.pl\/en\/blog\/2015\/10\/15\/education-for-the-future\/","og_locale":"en_US","og_type":"article","og_title":"Education for the future - WSSE &quot;INVEST-PARK&quot;. Wa\u0142brzyska Specjalna Strefa Ekonomiczna &quot;INVEST-PARK&quot;.","og_description":"Sixty-four exhibitors: companies, vocational schools and colleges, around a thousand participants. Presentations, competitions, a motivational lecture, an economic debate, and, at the very end, a concert of the Red Lips band \u2013 this, in a nutshell, is what happened during the 1st Lower Silesian Fair for Future Jobs, Innovation and Export, which was held in Read More...","og_url":"https:\/\/archiwum.invest-park.com.pl\/en\/blog\/2015\/10\/15\/education-for-the-future\/","og_site_name":"WSSE &quot;INVEST-PARK&quot;. Wa\u0142brzyska Specjalna Strefa Ekonomiczna &quot;INVEST-PARK&quot;.","article_published_time":"2015-10-15T07:12:27+00:00","article_modified_time":"2015-11-12T23:55:07+00:00","og_image":[{"width":1024,"height":770,"url":"https:\/\/archiwum.invest-park.com.pl\/wp-content\/uploads\/2015\/10\/Targi-jelonka-10-1024x770.jpg","type":"image\/jpeg"}],"author":"Pion IT","twitter_misc":{"Written by":"Pion IT","Est. reading time":"9 minutes"},"schema":{"@context":"https:\/\/schema.org","@graph":[{"@type":"Article","@id":"https:\/\/archiwum.invest-park.com.pl\/en\/blog\/2015\/10\/15\/education-for-the-future\/#article","isPartOf":{"@id":"https:\/\/archiwum.invest-park.com.pl\/en\/blog\/2015\/10\/15\/education-for-the-future\/"},"author":{"name":"Pion IT","@id":"https:\/\/archiwum.invest-park.com.pl\/#\/schema\/person\/e1a25243ece3d709f69b2f07f15f97bd"},"headline":"Education for the future","datePublished":"2015-10-15T07:12:27+00:00","dateModified":"2015-11-12T23:55:07+00:00","mainEntityOfPage":{"@id":"https:\/\/archiwum.invest-park.com.pl\/en\/blog\/2015\/10\/15\/education-for-the-future\/"},"wordCount":1710,"commentCount":0,"image":{"@id":"https:\/\/archiwum.invest-park.com.pl\/en\/blog\/2015\/10\/15\/education-for-the-future\/#primaryimage"},"thumbnailUrl":"https:\/\/archiwum.invest-park.com.pl\/wp-content\/uploads\/2015\/10\/Targi-jelonka-10.jpg","keywords":["\u201cINVEST in EDU\u201d cluster","invest in edu walbrzych","invest park","invest park education","invest park walbrzych","sez walbrzych","special economic zone","walbrzych special economic zone"],"articleSection":["News"],"inLanguage":"en-US","potentialAction":[{"@type":"CommentAction","name":"Comment","target":["https:\/\/archiwum.invest-park.com.pl\/en\/blog\/2015\/10\/15\/education-for-the-future\/#respond"]}]},{"@type":"WebPage","@id":"https:\/\/archiwum.invest-park.com.pl\/en\/blog\/2015\/10\/15\/education-for-the-future\/","url":"https:\/\/archiwum.invest-park.com.pl\/en\/blog\/2015\/10\/15\/education-for-the-future\/","name":"Education for the future - WSSE &quot;INVEST-PARK&quot;. Wa\u0142brzyska Specjalna Strefa Ekonomiczna &quot;INVEST-PARK&quot;.","isPartOf":{"@id":"https:\/\/archiwum.invest-park.com.pl\/#website"},"primaryImageOfPage":{"@id":"https:\/\/archiwum.invest-park.com.pl\/en\/blog\/2015\/10\/15\/education-for-the-future\/#primaryimage"},"image":{"@id":"https:\/\/archiwum.invest-park.com.pl\/en\/blog\/2015\/10\/15\/education-for-the-future\/#primaryimage"},"thumbnailUrl":"https:\/\/archiwum.invest-park.com.pl\/wp-content\/uploads\/2015\/10\/Targi-jelonka-10.jpg","datePublished":"2015-10-15T07:12:27+00:00","dateModified":"2015-11-12T23:55:07+00:00","author":{"@id":"https:\/\/archiwum.invest-park.com.pl\/#\/schema\/person\/e1a25243ece3d709f69b2f07f15f97bd"},"breadcrumb":{"@id":"https:\/\/archiwum.invest-park.com.pl\/en\/blog\/2015\/10\/15\/education-for-the-future\/#breadcrumb"},"inLanguage":"en-US","potentialAction":[{"@type":"ReadAction","target":["https:\/\/archiwum.invest-park.com.pl\/en\/blog\/2015\/10\/15\/education-for-the-future\/"]}]},{"@type":"ImageObject","inLanguage":"en-US","@id":"https:\/\/archiwum.invest-park.com.pl\/en\/blog\/2015\/10\/15\/education-for-the-future\/#primaryimage","url":"https:\/\/archiwum.invest-park.com.pl\/wp-content\/uploads\/2015\/10\/Targi-jelonka-10.jpg","contentUrl":"https:\/\/archiwum.invest-park.com.pl\/wp-content\/uploads\/2015\/10\/Targi-jelonka-10.jpg","width":4598,"height":3456},{"@type":"BreadcrumbList","@id":"https:\/\/archiwum.invest-park.com.pl\/en\/blog\/2015\/10\/15\/education-for-the-future\/#breadcrumb","itemListElement":[{"@type":"ListItem","position":1,"name":"Strona g\u0142\u00f3wna","item":"https:\/\/archiwum.invest-park.com.pl\/en\/"},{"@type":"ListItem","position":2,"name":"Education for the future"}]},{"@type":"WebSite","@id":"https:\/\/archiwum.invest-park.com.pl\/#website","url":"https:\/\/archiwum.invest-park.com.pl\/","name":"WSSE &quot;INVEST-PARK&quot;. Wa\u0142brzyska Specjalna Strefa Ekonomiczna &quot;INVEST-PARK&quot;.","description":"Wa\u0142brzyska Specjalna Strefa Ekonomiczna to jedna z najwi\u0119kszych i najdynamiczniej rozwijaj\u0105cych si\u0119 stref ekonomicznych w Polsce | Znajd\u017a tereny inwestycyjne z ulgami podatkowymi | Dzia\u0142ki inwestycyjne | Tereny inwestycyjne | Strefy ekonomiczne w Polsce | Invest in Poland in Special Economic Zone","potentialAction":[{"@type":"SearchAction","target":{"@type":"EntryPoint","urlTemplate":"https:\/\/archiwum.invest-park.com.pl\/?s={search_term_string}"},"query-input":{"@type":"PropertyValueSpecification","valueRequired":true,"valueName":"search_term_string"}}],"inLanguage":"en-US"},{"@type":"Person","@id":"https:\/\/archiwum.invest-park.com.pl\/#\/schema\/person\/e1a25243ece3d709f69b2f07f15f97bd","name":"Pion IT","image":{"@type":"ImageObject","inLanguage":"en-US","@id":"https:\/\/secure.gravatar.com\/avatar\/c98fecba299a4b313b2b82702b1a69330e83b1d8288898b0d5a717c2eeeba508?s=96&d=mm&r=g","url":"https:\/\/secure.gravatar.com\/avatar\/c98fecba299a4b313b2b82702b1a69330e83b1d8288898b0d5a717c2eeeba508?s=96&d=mm&r=g","contentUrl":"https:\/\/secure.gravatar.com\/avatar\/c98fecba299a4b313b2b82702b1a69330e83b1d8288898b0d5a717c2eeeba508?s=96&d=mm&r=g","caption":"Pion IT"}}]}},"_links":{"self":[{"href":"https:\/\/archiwum.invest-park.com.pl\/en\/wp-json\/wp\/v2\/posts\/4626","targetHints":{"allow":["GET"]}}],"collection":[{"href":"https:\/\/archiwum.invest-park.com.pl\/en\/wp-json\/wp\/v2\/posts"}],"about":[{"href":"https:\/\/archiwum.invest-park.com.pl\/en\/wp-json\/wp\/v2\/types\/post"}],"author":[{"embeddable":true,"href":"https:\/\/archiwum.invest-park.com.pl\/en\/wp-json\/wp\/v2\/users\/1"}],"replies":[{"embeddable":true,"href":"https:\/\/archiwum.invest-park.com.pl\/en\/wp-json\/wp\/v2\/comments?post=4626"}],"version-history":[{"count":2,"href":"https:\/\/archiwum.invest-park.com.pl\/en\/wp-json\/wp\/v2\/posts\/4626\/revisions"}],"predecessor-version":[{"id":4628,"href":"https:\/\/archiwum.invest-park.com.pl\/en\/wp-json\/wp\/v2\/posts\/4626\/revisions\/4628"}],"wp:featuredmedia":[{"embeddable":true,"href":"https:\/\/archiwum.invest-park.com.pl\/en\/wp-json\/wp\/v2\/media\/4601"}],"wp:attachment":[{"href":"https:\/\/archiwum.invest-park.com.pl\/en\/wp-json\/wp\/v2\/media?parent=4626"}],"wp:term":[{"taxonomy":"category","embeddable":true,"href":"https:\/\/archiwum.invest-park.com.pl\/en\/wp-json\/wp\/v2\/categories?post=4626"},{"taxonomy":"post_tag","embeddable":true,"href":"https:\/\/archiwum.invest-park.com.pl\/en\/wp-json\/wp\/v2\/tags?post=4626"}],"curies":[{"name":"wp","href":"https:\/\/api.w.org\/{rel}","templated":true}]}}