{"id":4413,"date":"2015-09-21T10:12:48","date_gmt":"2015-09-21T08:12:48","guid":{"rendered":"https:\/\/invest-park.com.pl\/?p=4413"},"modified":"2015-09-25T11:23:20","modified_gmt":"2015-09-25T09:23:20","slug":"the-walbrzych-zones-new-office-in-boleslawiec","status":"publish","type":"post","link":"https:\/\/archiwum.invest-park.com.pl\/en\/blog\/2015\/09\/21\/the-walbrzych-zones-new-office-in-boleslawiec\/","title":{"rendered":"The Wa\u0142brzych zone\u2019s new office in Boles\u0142awiec"},"content":{"rendered":"<p><strong>Companies functioning in the Boles\u0142awiec subzone of the WSEZ have so far invested almost 220 million zlotys and created more than 500 jobs. Potential investors in the subzone can still use 54 ha of land offering tax exemptions. The Wa\u0142brzych Special Economic Zone \u201cINVEST-PARK\u201d has now decided to open a branch office in Boles\u0142awiec.<\/strong><!--more--><\/p>\n<blockquote><p>\u201cThe opening of the office is another step confirming that the zone has settled in Boles\u0142awiec for good. The production floor constructed by the zone, where the office is situated, is already being used by entrepreneurs. We are thinking about building more such facilities in the region. We are currently considering the potential locations,\u201d said Deputy Minister of Economy Ilona Antoniszyn-Klik during the opening ceremony.<\/p><\/blockquote>\n<p>Boles\u0142awiec is one of the largest and most dynamically growing subzones of the WSEZ. It lies just four kilometers from the A4 interchange. This area is also closest to the German border of all the WSEZ locations. A new company invests in the subzone and generates jobs here almost each year.<\/p>\n<blockquote><p>\u201cOur task is to create the right conditions for entrepreneurs,\u201d said Kornel Filipowicz, Deputy Mayor of Boles\u0142awiec, during the ceremony. \u201cWe use instruments such as the Innovative Economy Program, or the special economic zones. Each new investor promotes Boles\u0142awiec, which makes it easier to attract more entrepreneurs who create jobs.\u201d<\/p><\/blockquote>\n<p>There are currently eight companies operating in the Boles\u0142awiec subzone of the WSEZ. Half of them represent the automotive industry: Hoerbiger, SRG Global, Kegger, and Turningtec. Sacher specializes in metal processing. The electronic industry is represented by Elektros while logistics \u2013 by Vilsait. The newest investor is the Dutch company Favorite Gifts Print Europe, which produces gadgets and advertising materials. It will now render printing services in Boles\u0142awiec.<\/p>\n<p>Launching the WSEZ\u2019s new office will make attracting investors and communicating with the local self-government even more efficient. It will also address the needs of firms that are already functioning here. It is the fifth branch office of the WSEZ, after Wroc\u0142aw, Opole, K\u0142odzko, and Wrze\u015bnia.<\/p>\n<blockquote><p>\u201cSpecial economic zones have become a driver of growth. There are almost 180 firm operating just in the Wa\u0142brzych Special Economic Zone, which have invested almost 20 billion zlotys and created 41,000 jobs,\u201d emphasized Teodor St\u0119pa, Deputy President of the WSEZ \u201cINVEST-PARK\u201d.<\/p><\/blockquote>\n<p>The Wa\u0142brzych zone covers areas in 48 subzones of south-western Poland. It functions in four provinces: Dolno\u015bl\u0105skie, Opolskie, Lubuskie, and Wielkopolskie. It is the largest of the fourteen special economic zones functioning in Poland.<\/p>\n<figure id=\"attachment_4357\" aria-describedby=\"caption-attachment-4357\" style=\"width: 1024px\" class=\"wp-caption alignnone\"><a href=\"https:\/\/archiwum.invest-park.com.pl\/wp-content\/uploads\/2015\/09\/DSC_0269.jpg\"><img loading=\"lazy\" decoding=\"async\" class=\"wp-image-4357 size-large\" src=\"https:\/\/archiwum.invest-park.com.pl\/wp-content\/uploads\/2015\/09\/DSC_0269-1024x678.jpg\" alt=\"Podczas otwarcia biura mia\u0142o miejsce symboliczne przeci\u0119cie wst\u0119gi. Od lewej: Ewa Sondaj - radna powiatu boles\u0142awieckiego ,Teodor St\u0119pa - wiceprezes strefy, Marian Haniszewski - wicestarosta powiatu boles\u0142awieckiego, Ilona Antoniszyn-Klik - wiceminister gospodarki, Kornel Filipowicz - zast\u0119pca prezydenta Boles\u0142awca, Jan Co\u0142okidzi - prezes Kopalni Piaskowca Jan Zbylut\u00f3w IV.\" width=\"1024\" height=\"678\" srcset=\"https:\/\/archiwum.invest-park.com.pl\/wp-content\/uploads\/2015\/09\/DSC_0269-1024x678.jpg 1024w, https:\/\/archiwum.invest-park.com.pl\/wp-content\/uploads\/2015\/09\/DSC_0269-270x179.jpg 270w, https:\/\/archiwum.invest-park.com.pl\/wp-content\/uploads\/2015\/09\/DSC_0269-300x199.jpg 300w, https:\/\/archiwum.invest-park.com.pl\/wp-content\/uploads\/2015\/09\/DSC_0269-768x509.jpg 768w, https:\/\/archiwum.invest-park.com.pl\/wp-content\/uploads\/2015\/09\/DSC_0269-393x260.jpg 393w, https:\/\/archiwum.invest-park.com.pl\/wp-content\/uploads\/2015\/09\/DSC_0269-600x397.jpg 600w\" sizes=\"auto, (max-width: 1024px) 100vw, 1024px\" \/><\/a><figcaption id=\"caption-attachment-4357\" class=\"wp-caption-text\">The ribbon was symbolically cut during the opening ceremony<\/figcaption><\/figure>\n<p>&nbsp;<\/p>\n","protected":false},"excerpt":{"rendered":"<p>Companies functioning in the Boles\u0142awiec subzone of the WSEZ have so far invested almost 220 million zlotys and created more than 500 jobs. Potential investors in the subzone can still use 54 ha of land offering tax exemptions. The Wa\u0142brzych Special Economic Zone \u201cINVEST-PARK\u201d has now decided to open a branch office in Boles\u0142awiec. <\/p>\n<p class=\"text-right\"><a class=\"btn btn-secondary understrap-read-more-link\" href=\"https:\/\/archiwum.invest-park.com.pl\/en\/blog\/2015\/09\/21\/the-walbrzych-zones-new-office-in-boleslawiec\/\">Read More&#8230;<\/a><\/p>\n","protected":false},"author":1,"featured_media":4375,"comment_status":"open","ping_status":"closed","sticky":false,"template":"","format":"standard","meta":{"_acf_changed":false,"footnotes":""},"categories":[85],"tags":[],"class_list":["post-4413","post","type-post","status-publish","format-standard","has-post-thumbnail","hentry","category-news"],"acf":[],"yoast_head":"<!-- This site is optimized with the Yoast SEO plugin v27.5 - https:\/\/yoast.com\/product\/yoast-seo-wordpress\/ -->\n<title>The Wa\u0142brzych zone\u2019s new office in Boles\u0142awiec - WSSE &quot;INVEST-PARK&quot;. Wa\u0142brzyska Specjalna Strefa Ekonomiczna &quot;INVEST-PARK&quot;.<\/title>\n<meta name=\"robots\" content=\"index, follow, max-snippet:-1, max-image-preview:large, max-video-preview:-1\" \/>\n<link rel=\"canonical\" href=\"https:\/\/archiwum.invest-park.com.pl\/en\/blog\/2015\/09\/21\/the-walbrzych-zones-new-office-in-boleslawiec\/\" \/>\n<meta property=\"og:locale\" content=\"en_US\" \/>\n<meta property=\"og:type\" content=\"article\" \/>\n<meta property=\"og:title\" content=\"The Wa\u0142brzych zone\u2019s new office in Boles\u0142awiec - WSSE &quot;INVEST-PARK&quot;. Wa\u0142brzyska Specjalna Strefa Ekonomiczna &quot;INVEST-PARK&quot;.\" \/>\n<meta property=\"og:description\" content=\"Companies functioning in the Boles\u0142awiec subzone of the WSEZ have so far invested almost 220 million zlotys and created more than 500 jobs. Potential investors in the subzone can still use 54 ha of land offering tax exemptions. The Wa\u0142brzych Special Economic Zone \u201cINVEST-PARK\u201d has now decided to open a branch office in Boles\u0142awiec. Read More...\" \/>\n<meta property=\"og:url\" content=\"https:\/\/archiwum.invest-park.com.pl\/en\/blog\/2015\/09\/21\/the-walbrzych-zones-new-office-in-boleslawiec\/\" \/>\n<meta property=\"og:site_name\" content=\"WSSE &quot;INVEST-PARK&quot;. Wa\u0142brzyska Specjalna Strefa Ekonomiczna &quot;INVEST-PARK&quot;.\" \/>\n<meta property=\"article:published_time\" content=\"2015-09-21T08:12:48+00:00\" \/>\n<meta property=\"article:modified_time\" content=\"2015-09-25T09:23:20+00:00\" \/>\n<meta property=\"og:image\" content=\"https:\/\/archiwum.invest-park.com.pl\/wp-content\/uploads\/2015\/09\/Otwarcie-nowej-siedziby-e1442821449692.jpg\" \/>\n\t<meta property=\"og:image:width\" content=\"3217\" \/>\n\t<meta property=\"og:image:height\" content=\"1561\" \/>\n\t<meta property=\"og:image:type\" content=\"image\/jpeg\" \/>\n<meta name=\"author\" content=\"Pion IT\" \/>\n<meta name=\"twitter:label1\" content=\"Written by\" \/>\n\t<meta name=\"twitter:data1\" content=\"Pion IT\" \/>\n\t<meta name=\"twitter:label2\" content=\"Est. reading time\" \/>\n\t<meta name=\"twitter:data2\" content=\"2 minutes\" \/>\n<script type=\"application\/ld+json\" class=\"yoast-schema-graph\">{\"@context\":\"https:\\\/\\\/schema.org\",\"@graph\":[{\"@type\":\"Article\",\"@id\":\"https:\\\/\\\/archiwum.invest-park.com.pl\\\/en\\\/blog\\\/2015\\\/09\\\/21\\\/the-walbrzych-zones-new-office-in-boleslawiec\\\/#article\",\"isPartOf\":{\"@id\":\"https:\\\/\\\/archiwum.invest-park.com.pl\\\/en\\\/blog\\\/2015\\\/09\\\/21\\\/the-walbrzych-zones-new-office-in-boleslawiec\\\/\"},\"author\":{\"name\":\"Pion IT\",\"@id\":\"https:\\\/\\\/archiwum.invest-park.com.pl\\\/#\\\/schema\\\/person\\\/e1a25243ece3d709f69b2f07f15f97bd\"},\"headline\":\"The Wa\u0142brzych zone\u2019s new office in Boles\u0142awiec\",\"datePublished\":\"2015-09-21T08:12:48+00:00\",\"dateModified\":\"2015-09-25T09:23:20+00:00\",\"mainEntityOfPage\":{\"@id\":\"https:\\\/\\\/archiwum.invest-park.com.pl\\\/en\\\/blog\\\/2015\\\/09\\\/21\\\/the-walbrzych-zones-new-office-in-boleslawiec\\\/\"},\"wordCount\":447,\"commentCount\":0,\"image\":{\"@id\":\"https:\\\/\\\/archiwum.invest-park.com.pl\\\/en\\\/blog\\\/2015\\\/09\\\/21\\\/the-walbrzych-zones-new-office-in-boleslawiec\\\/#primaryimage\"},\"thumbnailUrl\":\"https:\\\/\\\/archiwum.invest-park.com.pl\\\/wp-content\\\/uploads\\\/2015\\\/09\\\/Otwarcie-nowej-siedziby-e1442821449692.jpg\",\"articleSection\":[\"News\"],\"inLanguage\":\"en-US\",\"potentialAction\":[{\"@type\":\"CommentAction\",\"name\":\"Comment\",\"target\":[\"https:\\\/\\\/archiwum.invest-park.com.pl\\\/en\\\/blog\\\/2015\\\/09\\\/21\\\/the-walbrzych-zones-new-office-in-boleslawiec\\\/#respond\"]}]},{\"@type\":\"WebPage\",\"@id\":\"https:\\\/\\\/archiwum.invest-park.com.pl\\\/en\\\/blog\\\/2015\\\/09\\\/21\\\/the-walbrzych-zones-new-office-in-boleslawiec\\\/\",\"url\":\"https:\\\/\\\/archiwum.invest-park.com.pl\\\/en\\\/blog\\\/2015\\\/09\\\/21\\\/the-walbrzych-zones-new-office-in-boleslawiec\\\/\",\"name\":\"The Wa\u0142brzych zone\u2019s new office in Boles\u0142awiec - WSSE &quot;INVEST-PARK&quot;. Wa\u0142brzyska Specjalna Strefa Ekonomiczna &quot;INVEST-PARK&quot;.\",\"isPartOf\":{\"@id\":\"https:\\\/\\\/archiwum.invest-park.com.pl\\\/#website\"},\"primaryImageOfPage\":{\"@id\":\"https:\\\/\\\/archiwum.invest-park.com.pl\\\/en\\\/blog\\\/2015\\\/09\\\/21\\\/the-walbrzych-zones-new-office-in-boleslawiec\\\/#primaryimage\"},\"image\":{\"@id\":\"https:\\\/\\\/archiwum.invest-park.com.pl\\\/en\\\/blog\\\/2015\\\/09\\\/21\\\/the-walbrzych-zones-new-office-in-boleslawiec\\\/#primaryimage\"},\"thumbnailUrl\":\"https:\\\/\\\/archiwum.invest-park.com.pl\\\/wp-content\\\/uploads\\\/2015\\\/09\\\/Otwarcie-nowej-siedziby-e1442821449692.jpg\",\"datePublished\":\"2015-09-21T08:12:48+00:00\",\"dateModified\":\"2015-09-25T09:23:20+00:00\",\"author\":{\"@id\":\"https:\\\/\\\/archiwum.invest-park.com.pl\\\/#\\\/schema\\\/person\\\/e1a25243ece3d709f69b2f07f15f97bd\"},\"breadcrumb\":{\"@id\":\"https:\\\/\\\/archiwum.invest-park.com.pl\\\/en\\\/blog\\\/2015\\\/09\\\/21\\\/the-walbrzych-zones-new-office-in-boleslawiec\\\/#breadcrumb\"},\"inLanguage\":\"en-US\",\"potentialAction\":[{\"@type\":\"ReadAction\",\"target\":[\"https:\\\/\\\/archiwum.invest-park.com.pl\\\/en\\\/blog\\\/2015\\\/09\\\/21\\\/the-walbrzych-zones-new-office-in-boleslawiec\\\/\"]}]},{\"@type\":\"ImageObject\",\"inLanguage\":\"en-US\",\"@id\":\"https:\\\/\\\/archiwum.invest-park.com.pl\\\/en\\\/blog\\\/2015\\\/09\\\/21\\\/the-walbrzych-zones-new-office-in-boleslawiec\\\/#primaryimage\",\"url\":\"https:\\\/\\\/archiwum.invest-park.com.pl\\\/wp-content\\\/uploads\\\/2015\\\/09\\\/Otwarcie-nowej-siedziby-e1442821449692.jpg\",\"contentUrl\":\"https:\\\/\\\/archiwum.invest-park.com.pl\\\/wp-content\\\/uploads\\\/2015\\\/09\\\/Otwarcie-nowej-siedziby-e1442821449692.jpg\",\"width\":3217,\"height\":1561},{\"@type\":\"BreadcrumbList\",\"@id\":\"https:\\\/\\\/archiwum.invest-park.com.pl\\\/en\\\/blog\\\/2015\\\/09\\\/21\\\/the-walbrzych-zones-new-office-in-boleslawiec\\\/#breadcrumb\",\"itemListElement\":[{\"@type\":\"ListItem\",\"position\":1,\"name\":\"Strona g\u0142\u00f3wna\",\"item\":\"https:\\\/\\\/archiwum.invest-park.com.pl\\\/en\\\/\"},{\"@type\":\"ListItem\",\"position\":2,\"name\":\"The Wa\u0142brzych zone\u2019s new office in Boles\u0142awiec\"}]},{\"@type\":\"WebSite\",\"@id\":\"https:\\\/\\\/archiwum.invest-park.com.pl\\\/#website\",\"url\":\"https:\\\/\\\/archiwum.invest-park.com.pl\\\/\",\"name\":\"WSSE &quot;INVEST-PARK&quot;. Wa\u0142brzyska Specjalna Strefa Ekonomiczna &quot;INVEST-PARK&quot;.\",\"description\":\"Wa\u0142brzyska Specjalna Strefa Ekonomiczna to jedna z najwi\u0119kszych i najdynamiczniej rozwijaj\u0105cych si\u0119 stref ekonomicznych w Polsce | Znajd\u017a tereny inwestycyjne z ulgami podatkowymi | Dzia\u0142ki inwestycyjne | Tereny inwestycyjne | Strefy ekonomiczne w Polsce | Invest in Poland in Special Economic Zone\",\"potentialAction\":[{\"@type\":\"SearchAction\",\"target\":{\"@type\":\"EntryPoint\",\"urlTemplate\":\"https:\\\/\\\/archiwum.invest-park.com.pl\\\/?s={search_term_string}\"},\"query-input\":{\"@type\":\"PropertyValueSpecification\",\"valueRequired\":true,\"valueName\":\"search_term_string\"}}],\"inLanguage\":\"en-US\"},{\"@type\":\"Person\",\"@id\":\"https:\\\/\\\/archiwum.invest-park.com.pl\\\/#\\\/schema\\\/person\\\/e1a25243ece3d709f69b2f07f15f97bd\",\"name\":\"Pion IT\",\"image\":{\"@type\":\"ImageObject\",\"inLanguage\":\"en-US\",\"@id\":\"https:\\\/\\\/secure.gravatar.com\\\/avatar\\\/c98fecba299a4b313b2b82702b1a69330e83b1d8288898b0d5a717c2eeeba508?s=96&d=mm&r=g\",\"url\":\"https:\\\/\\\/secure.gravatar.com\\\/avatar\\\/c98fecba299a4b313b2b82702b1a69330e83b1d8288898b0d5a717c2eeeba508?s=96&d=mm&r=g\",\"contentUrl\":\"https:\\\/\\\/secure.gravatar.com\\\/avatar\\\/c98fecba299a4b313b2b82702b1a69330e83b1d8288898b0d5a717c2eeeba508?s=96&d=mm&r=g\",\"caption\":\"Pion IT\"}}]}<\/script>\n<!-- \/ Yoast SEO plugin. -->","yoast_head_json":{"title":"The Wa\u0142brzych zone\u2019s new office in Boles\u0142awiec - WSSE &quot;INVEST-PARK&quot;. Wa\u0142brzyska Specjalna Strefa Ekonomiczna &quot;INVEST-PARK&quot;.","robots":{"index":"index","follow":"follow","max-snippet":"max-snippet:-1","max-image-preview":"max-image-preview:large","max-video-preview":"max-video-preview:-1"},"canonical":"https:\/\/archiwum.invest-park.com.pl\/en\/blog\/2015\/09\/21\/the-walbrzych-zones-new-office-in-boleslawiec\/","og_locale":"en_US","og_type":"article","og_title":"The Wa\u0142brzych zone\u2019s new office in Boles\u0142awiec - WSSE &quot;INVEST-PARK&quot;. Wa\u0142brzyska Specjalna Strefa Ekonomiczna &quot;INVEST-PARK&quot;.","og_description":"Companies functioning in the Boles\u0142awiec subzone of the WSEZ have so far invested almost 220 million zlotys and created more than 500 jobs. Potential investors in the subzone can still use 54 ha of land offering tax exemptions. The Wa\u0142brzych Special Economic Zone \u201cINVEST-PARK\u201d has now decided to open a branch office in Boles\u0142awiec. Read More...","og_url":"https:\/\/archiwum.invest-park.com.pl\/en\/blog\/2015\/09\/21\/the-walbrzych-zones-new-office-in-boleslawiec\/","og_site_name":"WSSE &quot;INVEST-PARK&quot;. Wa\u0142brzyska Specjalna Strefa Ekonomiczna &quot;INVEST-PARK&quot;.","article_published_time":"2015-09-21T08:12:48+00:00","article_modified_time":"2015-09-25T09:23:20+00:00","og_image":[{"width":3217,"height":1561,"url":"https:\/\/archiwum.invest-park.com.pl\/wp-content\/uploads\/2015\/09\/Otwarcie-nowej-siedziby-e1442821449692.jpg","type":"image\/jpeg"}],"author":"Pion IT","twitter_misc":{"Written by":"Pion IT","Est. reading time":"2 minutes"},"schema":{"@context":"https:\/\/schema.org","@graph":[{"@type":"Article","@id":"https:\/\/archiwum.invest-park.com.pl\/en\/blog\/2015\/09\/21\/the-walbrzych-zones-new-office-in-boleslawiec\/#article","isPartOf":{"@id":"https:\/\/archiwum.invest-park.com.pl\/en\/blog\/2015\/09\/21\/the-walbrzych-zones-new-office-in-boleslawiec\/"},"author":{"name":"Pion IT","@id":"https:\/\/archiwum.invest-park.com.pl\/#\/schema\/person\/e1a25243ece3d709f69b2f07f15f97bd"},"headline":"The Wa\u0142brzych zone\u2019s new office in Boles\u0142awiec","datePublished":"2015-09-21T08:12:48+00:00","dateModified":"2015-09-25T09:23:20+00:00","mainEntityOfPage":{"@id":"https:\/\/archiwum.invest-park.com.pl\/en\/blog\/2015\/09\/21\/the-walbrzych-zones-new-office-in-boleslawiec\/"},"wordCount":447,"commentCount":0,"image":{"@id":"https:\/\/archiwum.invest-park.com.pl\/en\/blog\/2015\/09\/21\/the-walbrzych-zones-new-office-in-boleslawiec\/#primaryimage"},"thumbnailUrl":"https:\/\/archiwum.invest-park.com.pl\/wp-content\/uploads\/2015\/09\/Otwarcie-nowej-siedziby-e1442821449692.jpg","articleSection":["News"],"inLanguage":"en-US","potentialAction":[{"@type":"CommentAction","name":"Comment","target":["https:\/\/archiwum.invest-park.com.pl\/en\/blog\/2015\/09\/21\/the-walbrzych-zones-new-office-in-boleslawiec\/#respond"]}]},{"@type":"WebPage","@id":"https:\/\/archiwum.invest-park.com.pl\/en\/blog\/2015\/09\/21\/the-walbrzych-zones-new-office-in-boleslawiec\/","url":"https:\/\/archiwum.invest-park.com.pl\/en\/blog\/2015\/09\/21\/the-walbrzych-zones-new-office-in-boleslawiec\/","name":"The Wa\u0142brzych zone\u2019s new office in Boles\u0142awiec - WSSE &quot;INVEST-PARK&quot;. Wa\u0142brzyska Specjalna Strefa Ekonomiczna &quot;INVEST-PARK&quot;.","isPartOf":{"@id":"https:\/\/archiwum.invest-park.com.pl\/#website"},"primaryImageOfPage":{"@id":"https:\/\/archiwum.invest-park.com.pl\/en\/blog\/2015\/09\/21\/the-walbrzych-zones-new-office-in-boleslawiec\/#primaryimage"},"image":{"@id":"https:\/\/archiwum.invest-park.com.pl\/en\/blog\/2015\/09\/21\/the-walbrzych-zones-new-office-in-boleslawiec\/#primaryimage"},"thumbnailUrl":"https:\/\/archiwum.invest-park.com.pl\/wp-content\/uploads\/2015\/09\/Otwarcie-nowej-siedziby-e1442821449692.jpg","datePublished":"2015-09-21T08:12:48+00:00","dateModified":"2015-09-25T09:23:20+00:00","author":{"@id":"https:\/\/archiwum.invest-park.com.pl\/#\/schema\/person\/e1a25243ece3d709f69b2f07f15f97bd"},"breadcrumb":{"@id":"https:\/\/archiwum.invest-park.com.pl\/en\/blog\/2015\/09\/21\/the-walbrzych-zones-new-office-in-boleslawiec\/#breadcrumb"},"inLanguage":"en-US","potentialAction":[{"@type":"ReadAction","target":["https:\/\/archiwum.invest-park.com.pl\/en\/blog\/2015\/09\/21\/the-walbrzych-zones-new-office-in-boleslawiec\/"]}]},{"@type":"ImageObject","inLanguage":"en-US","@id":"https:\/\/archiwum.invest-park.com.pl\/en\/blog\/2015\/09\/21\/the-walbrzych-zones-new-office-in-boleslawiec\/#primaryimage","url":"https:\/\/archiwum.invest-park.com.pl\/wp-content\/uploads\/2015\/09\/Otwarcie-nowej-siedziby-e1442821449692.jpg","contentUrl":"https:\/\/archiwum.invest-park.com.pl\/wp-content\/uploads\/2015\/09\/Otwarcie-nowej-siedziby-e1442821449692.jpg","width":3217,"height":1561},{"@type":"BreadcrumbList","@id":"https:\/\/archiwum.invest-park.com.pl\/en\/blog\/2015\/09\/21\/the-walbrzych-zones-new-office-in-boleslawiec\/#breadcrumb","itemListElement":[{"@type":"ListItem","position":1,"name":"Strona g\u0142\u00f3wna","item":"https:\/\/archiwum.invest-park.com.pl\/en\/"},{"@type":"ListItem","position":2,"name":"The Wa\u0142brzych zone\u2019s new office in Boles\u0142awiec"}]},{"@type":"WebSite","@id":"https:\/\/archiwum.invest-park.com.pl\/#website","url":"https:\/\/archiwum.invest-park.com.pl\/","name":"WSSE &quot;INVEST-PARK&quot;. Wa\u0142brzyska Specjalna Strefa Ekonomiczna &quot;INVEST-PARK&quot;.","description":"Wa\u0142brzyska Specjalna Strefa Ekonomiczna to jedna z najwi\u0119kszych i najdynamiczniej rozwijaj\u0105cych si\u0119 stref ekonomicznych w Polsce | Znajd\u017a tereny inwestycyjne z ulgami podatkowymi | Dzia\u0142ki inwestycyjne | Tereny inwestycyjne | Strefy ekonomiczne w Polsce | Invest in Poland in Special Economic Zone","potentialAction":[{"@type":"SearchAction","target":{"@type":"EntryPoint","urlTemplate":"https:\/\/archiwum.invest-park.com.pl\/?s={search_term_string}"},"query-input":{"@type":"PropertyValueSpecification","valueRequired":true,"valueName":"search_term_string"}}],"inLanguage":"en-US"},{"@type":"Person","@id":"https:\/\/archiwum.invest-park.com.pl\/#\/schema\/person\/e1a25243ece3d709f69b2f07f15f97bd","name":"Pion IT","image":{"@type":"ImageObject","inLanguage":"en-US","@id":"https:\/\/secure.gravatar.com\/avatar\/c98fecba299a4b313b2b82702b1a69330e83b1d8288898b0d5a717c2eeeba508?s=96&d=mm&r=g","url":"https:\/\/secure.gravatar.com\/avatar\/c98fecba299a4b313b2b82702b1a69330e83b1d8288898b0d5a717c2eeeba508?s=96&d=mm&r=g","contentUrl":"https:\/\/secure.gravatar.com\/avatar\/c98fecba299a4b313b2b82702b1a69330e83b1d8288898b0d5a717c2eeeba508?s=96&d=mm&r=g","caption":"Pion IT"}}]}},"_links":{"self":[{"href":"https:\/\/archiwum.invest-park.com.pl\/en\/wp-json\/wp\/v2\/posts\/4413","targetHints":{"allow":["GET"]}}],"collection":[{"href":"https:\/\/archiwum.invest-park.com.pl\/en\/wp-json\/wp\/v2\/posts"}],"about":[{"href":"https:\/\/archiwum.invest-park.com.pl\/en\/wp-json\/wp\/v2\/types\/post"}],"author":[{"embeddable":true,"href":"https:\/\/archiwum.invest-park.com.pl\/en\/wp-json\/wp\/v2\/users\/1"}],"replies":[{"embeddable":true,"href":"https:\/\/archiwum.invest-park.com.pl\/en\/wp-json\/wp\/v2\/comments?post=4413"}],"version-history":[{"count":1,"href":"https:\/\/archiwum.invest-park.com.pl\/en\/wp-json\/wp\/v2\/posts\/4413\/revisions"}],"predecessor-version":[{"id":4414,"href":"https:\/\/archiwum.invest-park.com.pl\/en\/wp-json\/wp\/v2\/posts\/4413\/revisions\/4414"}],"wp:featuredmedia":[{"embeddable":true,"href":"https:\/\/archiwum.invest-park.com.pl\/en\/wp-json\/wp\/v2\/media\/4375"}],"wp:attachment":[{"href":"https:\/\/archiwum.invest-park.com.pl\/en\/wp-json\/wp\/v2\/media?parent=4413"}],"wp:term":[{"taxonomy":"category","embeddable":true,"href":"https:\/\/archiwum.invest-park.com.pl\/en\/wp-json\/wp\/v2\/categories?post=4413"},{"taxonomy":"post_tag","embeddable":true,"href":"https:\/\/archiwum.invest-park.com.pl\/en\/wp-json\/wp\/v2\/tags?post=4413"}],"curies":[{"name":"wp","href":"https:\/\/api.w.org\/{rel}","templated":true}]}}