{"id":4055,"date":"2015-06-30T13:14:38","date_gmt":"2015-06-30T11:14:38","guid":{"rendered":"https:\/\/invest-park.com.pl\/?p=4055"},"modified":"2015-07-21T07:53:05","modified_gmt":"2015-07-21T05:53:05","slug":"kayser-invests-in-the-klodzko-valley","status":"publish","type":"post","link":"https:\/\/archiwum.invest-park.com.pl\/en\/blog\/2015\/06\/30\/kayser-invests-in-the-klodzko-valley\/","title":{"rendered":"KAYSER invests in the K\u0142odzko Valley"},"content":{"rendered":"<p><strong>More than 100 people could be employed in the new facility that will be built by Kayser Automotive Systems in K\u0142odzko, within the territory of the Wa\u0142brzych Special Economic Zone. The presidents of the company were presented with the permit to conduct business activity by Janusz Piechoci\u0144ski, Deputy Prime Minister and Minister of Economy.<\/strong><!--more--><\/p>\n<p><a href=\"https:\/\/archiwum.invest-park.com.pl\/wp-content\/uploads\/2015\/06\/HalaWSSE.jpg\"><img loading=\"lazy\" decoding=\"async\" class=\"alignnone wp-image-4037 size-large\" src=\"https:\/\/archiwum.invest-park.com.pl\/wp-content\/uploads\/2015\/06\/HalaWSSE-1024x307.jpg\" alt=\"Firma Kayser prowadzi\u0107 b\u0119dzie dzia\u0142alno\u015b\u0107 w hali przemys\u0142owej wybudowanej przez sp\u00f3\u0142k\u0119 WSSE &quot;INVEST-PARK&quot;\" width=\"1024\" height=\"307\" \/><\/a><\/p>\n<p>Kayser Automotive Systems GmbH is a German corporation that produces parts and components for various makes of vehicles, including Audi, Volkswagen, Volvo, and Porsche. It owns factories in Germany, Spain, Hungary, Mexico, the USA, and China. The company opened its first Polish facility in Batorowo near Pozna\u0144 in 1999. This June, the German firm bought from the Wa\u0142brzych Special Economic Zone \u201cINVEST-PARK\u201d almost 3 ha of land together with a production floor built by the WSEZ in Jaszkowa Dolna near K\u0142odzko. Kayser Automotive Systems declares a willingness to invest almost 11.5 million zlotys and generate at least 80 jobs. Ultimately, this number is set to increase to 120. The company will manufacture pressure lines, fuel lines and air ducts for the automotive industry.<\/p>\n<blockquote><p>\u201cOur firm\u2019s history dates back more than 400 years, and since 1928 it has been in the hands of the current owners. The company is based in Einbeck, a small town not very different from K\u0142odzko. We are well aware of the structural problems of regions like this, and we have vast experience in solving them. We try to recruit managers locally. I am certain that today we begin a successful story of Kayser Automotive Systems in K\u0142odzko,\u201d said Kurt Heinz Borth, President of the Board of A. Kayser Automotive Systems GmbH.<\/p><\/blockquote>\n<p>Barbara Ka\u015bnikowska, President of the Wa\u0142brzych Special Economic Zone \u201cINVEST-PARK\u201d, emphasized that it is yet another investment by an automotive company within the WSEZ.<\/p>\n<blockquote><p>\u201cSo far, 40 companies from this sector have invested over 9.5 billion zlotys, which is more than half of all the capital expenditure incurred be firms in the Wa\u0142brzych zone. These entrepreneurs have created almost 19,000 jobs, and this number will soon increase because not all of the investments have been completed and recruitment has not begun everywhere,\u201d said Mrs. Ka\u015bnikowska.<\/p><\/blockquote>\n<p>The growing importance of the industry was also highlighted by Janusz Piechoci\u0144ski, Deputy Prime Minister and Minister of Economy.<\/p>\n<blockquote><p>\u201cThe automotive industry in Poland is developing dynamically. This year, a record number of cars will be assembled here. After several worse years, in all segments, not only passenger cars, we finally see progress. The fact that we have gone into the lead in Europe in terms of the production of car parts and subassemblies is especially pleasing. Polish car companies are also doing increasingly better, for example Inter Cars. This progress translates not only into new, good and stable jobs but also into an increase in Poland\u2019s economic and export potential,\u201d Mr. Piechoci\u0144ski said.<\/p><\/blockquote>\n<p>Unemployment in the K\u0142odzko Valley reaches 30%, so every investment is precious.<\/p>\n<blockquote><p>\u201cI would like to express my sincere thanks to governmental institutions, the Ministry of Economy, the Wa\u0142brzych zone, and all those who understood that creating jobs is the most important thing for our development. We do not want the inhabitants of the K\u0142odzko Valley to look for jobs abroad, but we want these jobs to come to the local towns. As the saying goes, \u2018there are those who look for beautiful places to live, and those who make the places where they live beautiful.\u2019 I hope that this investment will make the life of the inhabitants of the region better and happier,\u201d said Stanis\u0142aw Longawa, Administrator of the Gmina of K\u0142odzko.<\/p><\/blockquote>\n<p>The manufacturing plant in Jaszkowa Dolna will be located in a production floor constructed by the Wa\u0142brzych Special Economic Zone \u201cINVEST-PARK\u201d. The pilot program of building the halls has been enthusiastically received by entrepreneurs. All the four facilities have already been leased out, including those in Boles\u0142awiec, Wa\u0142brzych, and Nowa Ruda. The zone is planning to erect new ones.<\/p>\n<blockquote><p>\u201cWherever I go, I especially encourage small and medium-sized Polish enterprises to invest. We want our firms to also benefit from the tax exemptions. The economic zones have a very attractive offer for SMEs, including the production floors. Companies managing the zones offer assistance at all stages of the investment process as well as after the commencement of business activity. It is truly worth checking if your company can use the possibilities to invest offered by the zones,\u201d Ilona Antoniszyn-Klik, Deputy Minister of Economy, said encouragingly.<\/p>\n<p>\u201cInvesting in Poland also means investing in Poles, who are very entrepreneurial, creative, well-educated and hardworking. Secondly, the Polish economy is developing dynamically. Last year, our GDP grew by 3.5% while the GDP of EU states shrank by 1%. This year, we predict a growth of 3.8 to even 4%. It demonstrates that Poland is gaining speed. We are changing the law, we are preparing the \u201ceconomic constitution\u201d, we are rebuilding the vocational education, we are about to receive funds within the EU framework, including large sums of money for the development of innovative economy. All of it makes Poland attractive to foreign as well as domestic firms,\u201d declared Janusz Piechoci\u0144ski, Deputy Prime Minister and Minister of Economy.<\/p><\/blockquote>\n<p>Production at Kayser Automotive Systems\u2019 manufacturing facility in Jaszkowa Dolna is scheduled to begin in the fall this year. In 2016, the company is planning to begin deliveries to Volkswagen\u2019s factory in Wrze\u015bnia, which is also situated within the Wa\u0142brzych Special Economic Zone \u201cINVEST-PARK\u201d.<\/p>\n<p>Recruitment of employees willing to work for Kayser has already started. Logisticians, HR specialists, quality and maintenance departments employees as well as shop floor workers can already apply for jobs.<\/p>\n<figure id=\"attachment_4034\" aria-describedby=\"caption-attachment-4034\" style=\"width: 1024px\" class=\"wp-caption alignnone\"><a href=\"https:\/\/archiwum.invest-park.com.pl\/wp-content\/uploads\/2015\/06\/Kayser1.jpg\"><img loading=\"lazy\" decoding=\"async\" class=\"wp-image-4034 size-large\" src=\"https:\/\/archiwum.invest-park.com.pl\/wp-content\/uploads\/2015\/06\/Kayser1-1024x682.jpg\" alt=\"The Kayser company received the permit to conduct economic activity in the Wa\u0142brzych Special Economic Zone \u201cINVEST-PARK\u201d. In the photo from the left: Barbara Ka\u015bnikowska, President of the WSEZ \u201cINVEST-PARK\u201d; Janusz Piechoci\u0144ski, Deputy Prime Minister and Minister of Economy; Kurt Heinz Borth, President of the Board of A. Kayser Automotive Systems GmbH; Stanis\u0142aw Longawa, Administrator of the Gmina of K\u0142odzko.\" width=\"1024\" height=\"682\" \/><\/a><figcaption id=\"caption-attachment-4034\" class=\"wp-caption-text\">The Kayser company received the permit to conduct economic activity in the Wa\u0142brzych Special Economic Zone \u201cINVEST-PARK\u201d. In the photo from the left: Barbara Ka\u015bnikowska, President of the WSEZ \u201cINVEST-PARK\u201d; Janusz Piechoci\u0144ski, Deputy Prime Minister and Minister of Economy; Kurt Heinz Borth, President of the Board of A. Kayser Automotive Systems GmbH; Stanis\u0142aw Longawa, Administrator of the Gmina of K\u0142odzko.<\/figcaption><\/figure>\n<figure id=\"attachment_4035\" aria-describedby=\"caption-attachment-4035\" style=\"width: 1024px\" class=\"wp-caption alignnone\"><a href=\"https:\/\/archiwum.invest-park.com.pl\/wp-content\/uploads\/2015\/06\/Kayser2.jpg\"><img loading=\"lazy\" decoding=\"async\" class=\"wp-image-4035 size-large\" src=\"https:\/\/archiwum.invest-park.com.pl\/wp-content\/uploads\/2015\/06\/Kayser2-1024x673.jpg\" alt=\"The Kayser company will invest almost 11.5 million zlotys in K\u0142odzko. In the photo from the left: Kurt Heinz Borth, President of the Board of A. Kayser Automotive Systems GmbH; Janusz Piechoci\u0144ski, Deputy Prime Minister and Minister of Economy; Ralf Jakubiak, President of the Board of Kayser Automotive Systems Polska; Stanis\u0142aw Longawa, Administrator of the Gmina of K\u0142odzko.  \" width=\"1024\" height=\"673\" \/><\/a><figcaption id=\"caption-attachment-4035\" class=\"wp-caption-text\">The Kayser company will invest almost 11.5 million zlotys in K\u0142odzko. In the photo from the left: Kurt Heinz Borth, President of the Board of A. Kayser Automotive Systems GmbH; Janusz Piechoci\u0144ski, Deputy Prime Minister and Minister of Economy; Ralf Jakubiak, President of the Board of Kayser Automotive Systems Polska; Stanis\u0142aw Longawa, Administrator of the Gmina of K\u0142odzko.<\/figcaption><\/figure>\n<p>&nbsp;<\/p>\n","protected":false},"excerpt":{"rendered":"<p>More than 100 people could be employed in the new facility that will be built by Kayser Automotive Systems in K\u0142odzko, within the territory of the Wa\u0142brzych Special Economic Zone. The presidents of the company were presented with the permit to conduct business activity by Janusz Piechoci\u0144ski, Deputy Prime Minister and Minister of Economy. <\/p>\n<p class=\"text-right\"><a class=\"btn btn-secondary understrap-read-more-link\" href=\"https:\/\/archiwum.invest-park.com.pl\/en\/blog\/2015\/06\/30\/kayser-invests-in-the-klodzko-valley\/\">Read More&#8230;<\/a><\/p>\n","protected":false},"author":1,"featured_media":4038,"comment_status":"open","ping_status":"closed","sticky":false,"template":"","format":"standard","meta":{"_acf_changed":false,"footnotes":""},"categories":[85],"tags":[],"class_list":["post-4055","post","type-post","status-publish","format-standard","has-post-thumbnail","hentry","category-news"],"acf":[],"yoast_head":"<!-- This site is optimized with the Yoast SEO plugin v27.5 - https:\/\/yoast.com\/product\/yoast-seo-wordpress\/ -->\n<title>KAYSER invests in the K\u0142odzko Valley - WSSE &quot;INVEST-PARK&quot;. Wa\u0142brzyska Specjalna Strefa Ekonomiczna &quot;INVEST-PARK&quot;.<\/title>\n<meta name=\"robots\" content=\"index, follow, max-snippet:-1, max-image-preview:large, max-video-preview:-1\" \/>\n<link rel=\"canonical\" href=\"https:\/\/archiwum.invest-park.com.pl\/en\/blog\/2015\/06\/30\/kayser-invests-in-the-klodzko-valley\/\" \/>\n<meta property=\"og:locale\" content=\"en_US\" \/>\n<meta property=\"og:type\" content=\"article\" \/>\n<meta property=\"og:title\" content=\"KAYSER invests in the K\u0142odzko Valley - WSSE &quot;INVEST-PARK&quot;. Wa\u0142brzyska Specjalna Strefa Ekonomiczna &quot;INVEST-PARK&quot;.\" \/>\n<meta property=\"og:description\" content=\"More than 100 people could be employed in the new facility that will be built by Kayser Automotive Systems in K\u0142odzko, within the territory of the Wa\u0142brzych Special Economic Zone. The presidents of the company were presented with the permit to conduct business activity by Janusz Piechoci\u0144ski, Deputy Prime Minister and Minister of Economy. Read More...\" \/>\n<meta property=\"og:url\" content=\"https:\/\/archiwum.invest-park.com.pl\/en\/blog\/2015\/06\/30\/kayser-invests-in-the-klodzko-valley\/\" \/>\n<meta property=\"og:site_name\" content=\"WSSE &quot;INVEST-PARK&quot;. Wa\u0142brzyska Specjalna Strefa Ekonomiczna &quot;INVEST-PARK&quot;.\" \/>\n<meta property=\"article:published_time\" content=\"2015-06-30T11:14:38+00:00\" \/>\n<meta property=\"article:modified_time\" content=\"2015-07-21T05:53:05+00:00\" \/>\n<meta property=\"og:image\" content=\"https:\/\/archiwum.invest-park.com.pl\/wp-content\/uploads\/2015\/06\/Kayser11-e1435573941436.jpg\" \/>\n\t<meta property=\"og:image:width\" content=\"3619\" \/>\n\t<meta property=\"og:image:height\" content=\"1478\" \/>\n\t<meta property=\"og:image:type\" content=\"image\/jpeg\" \/>\n<meta name=\"author\" content=\"Pion IT\" \/>\n<meta name=\"twitter:label1\" content=\"Written by\" \/>\n\t<meta name=\"twitter:data1\" content=\"Pion IT\" \/>\n\t<meta name=\"twitter:label2\" content=\"Est. reading time\" \/>\n\t<meta name=\"twitter:data2\" content=\"5 minutes\" \/>\n<script type=\"application\/ld+json\" class=\"yoast-schema-graph\">{\"@context\":\"https:\\\/\\\/schema.org\",\"@graph\":[{\"@type\":\"Article\",\"@id\":\"https:\\\/\\\/archiwum.invest-park.com.pl\\\/en\\\/blog\\\/2015\\\/06\\\/30\\\/kayser-invests-in-the-klodzko-valley\\\/#article\",\"isPartOf\":{\"@id\":\"https:\\\/\\\/archiwum.invest-park.com.pl\\\/en\\\/blog\\\/2015\\\/06\\\/30\\\/kayser-invests-in-the-klodzko-valley\\\/\"},\"author\":{\"name\":\"Pion IT\",\"@id\":\"https:\\\/\\\/archiwum.invest-park.com.pl\\\/#\\\/schema\\\/person\\\/e1a25243ece3d709f69b2f07f15f97bd\"},\"headline\":\"KAYSER invests in the K\u0142odzko Valley\",\"datePublished\":\"2015-06-30T11:14:38+00:00\",\"dateModified\":\"2015-07-21T05:53:05+00:00\",\"mainEntityOfPage\":{\"@id\":\"https:\\\/\\\/archiwum.invest-park.com.pl\\\/en\\\/blog\\\/2015\\\/06\\\/30\\\/kayser-invests-in-the-klodzko-valley\\\/\"},\"wordCount\":1086,\"commentCount\":0,\"image\":{\"@id\":\"https:\\\/\\\/archiwum.invest-park.com.pl\\\/en\\\/blog\\\/2015\\\/06\\\/30\\\/kayser-invests-in-the-klodzko-valley\\\/#primaryimage\"},\"thumbnailUrl\":\"https:\\\/\\\/archiwum.invest-park.com.pl\\\/wp-content\\\/uploads\\\/2015\\\/06\\\/Kayser11-e1435573941436.jpg\",\"articleSection\":[\"News\"],\"inLanguage\":\"en-US\",\"potentialAction\":[{\"@type\":\"CommentAction\",\"name\":\"Comment\",\"target\":[\"https:\\\/\\\/archiwum.invest-park.com.pl\\\/en\\\/blog\\\/2015\\\/06\\\/30\\\/kayser-invests-in-the-klodzko-valley\\\/#respond\"]}]},{\"@type\":\"WebPage\",\"@id\":\"https:\\\/\\\/archiwum.invest-park.com.pl\\\/en\\\/blog\\\/2015\\\/06\\\/30\\\/kayser-invests-in-the-klodzko-valley\\\/\",\"url\":\"https:\\\/\\\/archiwum.invest-park.com.pl\\\/en\\\/blog\\\/2015\\\/06\\\/30\\\/kayser-invests-in-the-klodzko-valley\\\/\",\"name\":\"KAYSER invests in the K\u0142odzko Valley - WSSE &quot;INVEST-PARK&quot;. Wa\u0142brzyska Specjalna Strefa Ekonomiczna &quot;INVEST-PARK&quot;.\",\"isPartOf\":{\"@id\":\"https:\\\/\\\/archiwum.invest-park.com.pl\\\/#website\"},\"primaryImageOfPage\":{\"@id\":\"https:\\\/\\\/archiwum.invest-park.com.pl\\\/en\\\/blog\\\/2015\\\/06\\\/30\\\/kayser-invests-in-the-klodzko-valley\\\/#primaryimage\"},\"image\":{\"@id\":\"https:\\\/\\\/archiwum.invest-park.com.pl\\\/en\\\/blog\\\/2015\\\/06\\\/30\\\/kayser-invests-in-the-klodzko-valley\\\/#primaryimage\"},\"thumbnailUrl\":\"https:\\\/\\\/archiwum.invest-park.com.pl\\\/wp-content\\\/uploads\\\/2015\\\/06\\\/Kayser11-e1435573941436.jpg\",\"datePublished\":\"2015-06-30T11:14:38+00:00\",\"dateModified\":\"2015-07-21T05:53:05+00:00\",\"author\":{\"@id\":\"https:\\\/\\\/archiwum.invest-park.com.pl\\\/#\\\/schema\\\/person\\\/e1a25243ece3d709f69b2f07f15f97bd\"},\"breadcrumb\":{\"@id\":\"https:\\\/\\\/archiwum.invest-park.com.pl\\\/en\\\/blog\\\/2015\\\/06\\\/30\\\/kayser-invests-in-the-klodzko-valley\\\/#breadcrumb\"},\"inLanguage\":\"en-US\",\"potentialAction\":[{\"@type\":\"ReadAction\",\"target\":[\"https:\\\/\\\/archiwum.invest-park.com.pl\\\/en\\\/blog\\\/2015\\\/06\\\/30\\\/kayser-invests-in-the-klodzko-valley\\\/\"]}]},{\"@type\":\"ImageObject\",\"inLanguage\":\"en-US\",\"@id\":\"https:\\\/\\\/archiwum.invest-park.com.pl\\\/en\\\/blog\\\/2015\\\/06\\\/30\\\/kayser-invests-in-the-klodzko-valley\\\/#primaryimage\",\"url\":\"https:\\\/\\\/archiwum.invest-park.com.pl\\\/wp-content\\\/uploads\\\/2015\\\/06\\\/Kayser11-e1435573941436.jpg\",\"contentUrl\":\"https:\\\/\\\/archiwum.invest-park.com.pl\\\/wp-content\\\/uploads\\\/2015\\\/06\\\/Kayser11-e1435573941436.jpg\",\"width\":3619,\"height\":1478,\"caption\":\"Kayser inwestuje w K\u0142odzku\"},{\"@type\":\"BreadcrumbList\",\"@id\":\"https:\\\/\\\/archiwum.invest-park.com.pl\\\/en\\\/blog\\\/2015\\\/06\\\/30\\\/kayser-invests-in-the-klodzko-valley\\\/#breadcrumb\",\"itemListElement\":[{\"@type\":\"ListItem\",\"position\":1,\"name\":\"Strona g\u0142\u00f3wna\",\"item\":\"https:\\\/\\\/archiwum.invest-park.com.pl\\\/en\\\/\"},{\"@type\":\"ListItem\",\"position\":2,\"name\":\"KAYSER invests in the K\u0142odzko Valley\"}]},{\"@type\":\"WebSite\",\"@id\":\"https:\\\/\\\/archiwum.invest-park.com.pl\\\/#website\",\"url\":\"https:\\\/\\\/archiwum.invest-park.com.pl\\\/\",\"name\":\"WSSE &quot;INVEST-PARK&quot;. Wa\u0142brzyska Specjalna Strefa Ekonomiczna &quot;INVEST-PARK&quot;.\",\"description\":\"Wa\u0142brzyska Specjalna Strefa Ekonomiczna to jedna z najwi\u0119kszych i najdynamiczniej rozwijaj\u0105cych si\u0119 stref ekonomicznych w Polsce | Znajd\u017a tereny inwestycyjne z ulgami podatkowymi | Dzia\u0142ki inwestycyjne | Tereny inwestycyjne | Strefy ekonomiczne w Polsce | Invest in Poland in Special Economic Zone\",\"potentialAction\":[{\"@type\":\"SearchAction\",\"target\":{\"@type\":\"EntryPoint\",\"urlTemplate\":\"https:\\\/\\\/archiwum.invest-park.com.pl\\\/?s={search_term_string}\"},\"query-input\":{\"@type\":\"PropertyValueSpecification\",\"valueRequired\":true,\"valueName\":\"search_term_string\"}}],\"inLanguage\":\"en-US\"},{\"@type\":\"Person\",\"@id\":\"https:\\\/\\\/archiwum.invest-park.com.pl\\\/#\\\/schema\\\/person\\\/e1a25243ece3d709f69b2f07f15f97bd\",\"name\":\"Pion IT\",\"image\":{\"@type\":\"ImageObject\",\"inLanguage\":\"en-US\",\"@id\":\"https:\\\/\\\/secure.gravatar.com\\\/avatar\\\/c98fecba299a4b313b2b82702b1a69330e83b1d8288898b0d5a717c2eeeba508?s=96&d=mm&r=g\",\"url\":\"https:\\\/\\\/secure.gravatar.com\\\/avatar\\\/c98fecba299a4b313b2b82702b1a69330e83b1d8288898b0d5a717c2eeeba508?s=96&d=mm&r=g\",\"contentUrl\":\"https:\\\/\\\/secure.gravatar.com\\\/avatar\\\/c98fecba299a4b313b2b82702b1a69330e83b1d8288898b0d5a717c2eeeba508?s=96&d=mm&r=g\",\"caption\":\"Pion IT\"}}]}<\/script>\n<!-- \/ Yoast SEO plugin. -->","yoast_head_json":{"title":"KAYSER invests in the K\u0142odzko Valley - WSSE &quot;INVEST-PARK&quot;. Wa\u0142brzyska Specjalna Strefa Ekonomiczna &quot;INVEST-PARK&quot;.","robots":{"index":"index","follow":"follow","max-snippet":"max-snippet:-1","max-image-preview":"max-image-preview:large","max-video-preview":"max-video-preview:-1"},"canonical":"https:\/\/archiwum.invest-park.com.pl\/en\/blog\/2015\/06\/30\/kayser-invests-in-the-klodzko-valley\/","og_locale":"en_US","og_type":"article","og_title":"KAYSER invests in the K\u0142odzko Valley - WSSE &quot;INVEST-PARK&quot;. Wa\u0142brzyska Specjalna Strefa Ekonomiczna &quot;INVEST-PARK&quot;.","og_description":"More than 100 people could be employed in the new facility that will be built by Kayser Automotive Systems in K\u0142odzko, within the territory of the Wa\u0142brzych Special Economic Zone. The presidents of the company were presented with the permit to conduct business activity by Janusz Piechoci\u0144ski, Deputy Prime Minister and Minister of Economy. Read More...","og_url":"https:\/\/archiwum.invest-park.com.pl\/en\/blog\/2015\/06\/30\/kayser-invests-in-the-klodzko-valley\/","og_site_name":"WSSE &quot;INVEST-PARK&quot;. Wa\u0142brzyska Specjalna Strefa Ekonomiczna &quot;INVEST-PARK&quot;.","article_published_time":"2015-06-30T11:14:38+00:00","article_modified_time":"2015-07-21T05:53:05+00:00","og_image":[{"width":3619,"height":1478,"url":"https:\/\/archiwum.invest-park.com.pl\/wp-content\/uploads\/2015\/06\/Kayser11-e1435573941436.jpg","type":"image\/jpeg"}],"author":"Pion IT","twitter_misc":{"Written by":"Pion IT","Est. reading time":"5 minutes"},"schema":{"@context":"https:\/\/schema.org","@graph":[{"@type":"Article","@id":"https:\/\/archiwum.invest-park.com.pl\/en\/blog\/2015\/06\/30\/kayser-invests-in-the-klodzko-valley\/#article","isPartOf":{"@id":"https:\/\/archiwum.invest-park.com.pl\/en\/blog\/2015\/06\/30\/kayser-invests-in-the-klodzko-valley\/"},"author":{"name":"Pion IT","@id":"https:\/\/archiwum.invest-park.com.pl\/#\/schema\/person\/e1a25243ece3d709f69b2f07f15f97bd"},"headline":"KAYSER invests in the K\u0142odzko Valley","datePublished":"2015-06-30T11:14:38+00:00","dateModified":"2015-07-21T05:53:05+00:00","mainEntityOfPage":{"@id":"https:\/\/archiwum.invest-park.com.pl\/en\/blog\/2015\/06\/30\/kayser-invests-in-the-klodzko-valley\/"},"wordCount":1086,"commentCount":0,"image":{"@id":"https:\/\/archiwum.invest-park.com.pl\/en\/blog\/2015\/06\/30\/kayser-invests-in-the-klodzko-valley\/#primaryimage"},"thumbnailUrl":"https:\/\/archiwum.invest-park.com.pl\/wp-content\/uploads\/2015\/06\/Kayser11-e1435573941436.jpg","articleSection":["News"],"inLanguage":"en-US","potentialAction":[{"@type":"CommentAction","name":"Comment","target":["https:\/\/archiwum.invest-park.com.pl\/en\/blog\/2015\/06\/30\/kayser-invests-in-the-klodzko-valley\/#respond"]}]},{"@type":"WebPage","@id":"https:\/\/archiwum.invest-park.com.pl\/en\/blog\/2015\/06\/30\/kayser-invests-in-the-klodzko-valley\/","url":"https:\/\/archiwum.invest-park.com.pl\/en\/blog\/2015\/06\/30\/kayser-invests-in-the-klodzko-valley\/","name":"KAYSER invests in the K\u0142odzko Valley - WSSE &quot;INVEST-PARK&quot;. Wa\u0142brzyska Specjalna Strefa Ekonomiczna &quot;INVEST-PARK&quot;.","isPartOf":{"@id":"https:\/\/archiwum.invest-park.com.pl\/#website"},"primaryImageOfPage":{"@id":"https:\/\/archiwum.invest-park.com.pl\/en\/blog\/2015\/06\/30\/kayser-invests-in-the-klodzko-valley\/#primaryimage"},"image":{"@id":"https:\/\/archiwum.invest-park.com.pl\/en\/blog\/2015\/06\/30\/kayser-invests-in-the-klodzko-valley\/#primaryimage"},"thumbnailUrl":"https:\/\/archiwum.invest-park.com.pl\/wp-content\/uploads\/2015\/06\/Kayser11-e1435573941436.jpg","datePublished":"2015-06-30T11:14:38+00:00","dateModified":"2015-07-21T05:53:05+00:00","author":{"@id":"https:\/\/archiwum.invest-park.com.pl\/#\/schema\/person\/e1a25243ece3d709f69b2f07f15f97bd"},"breadcrumb":{"@id":"https:\/\/archiwum.invest-park.com.pl\/en\/blog\/2015\/06\/30\/kayser-invests-in-the-klodzko-valley\/#breadcrumb"},"inLanguage":"en-US","potentialAction":[{"@type":"ReadAction","target":["https:\/\/archiwum.invest-park.com.pl\/en\/blog\/2015\/06\/30\/kayser-invests-in-the-klodzko-valley\/"]}]},{"@type":"ImageObject","inLanguage":"en-US","@id":"https:\/\/archiwum.invest-park.com.pl\/en\/blog\/2015\/06\/30\/kayser-invests-in-the-klodzko-valley\/#primaryimage","url":"https:\/\/archiwum.invest-park.com.pl\/wp-content\/uploads\/2015\/06\/Kayser11-e1435573941436.jpg","contentUrl":"https:\/\/archiwum.invest-park.com.pl\/wp-content\/uploads\/2015\/06\/Kayser11-e1435573941436.jpg","width":3619,"height":1478,"caption":"Kayser inwestuje w K\u0142odzku"},{"@type":"BreadcrumbList","@id":"https:\/\/archiwum.invest-park.com.pl\/en\/blog\/2015\/06\/30\/kayser-invests-in-the-klodzko-valley\/#breadcrumb","itemListElement":[{"@type":"ListItem","position":1,"name":"Strona g\u0142\u00f3wna","item":"https:\/\/archiwum.invest-park.com.pl\/en\/"},{"@type":"ListItem","position":2,"name":"KAYSER invests in the K\u0142odzko Valley"}]},{"@type":"WebSite","@id":"https:\/\/archiwum.invest-park.com.pl\/#website","url":"https:\/\/archiwum.invest-park.com.pl\/","name":"WSSE &quot;INVEST-PARK&quot;. Wa\u0142brzyska Specjalna Strefa Ekonomiczna &quot;INVEST-PARK&quot;.","description":"Wa\u0142brzyska Specjalna Strefa Ekonomiczna to jedna z najwi\u0119kszych i najdynamiczniej rozwijaj\u0105cych si\u0119 stref ekonomicznych w Polsce | Znajd\u017a tereny inwestycyjne z ulgami podatkowymi | Dzia\u0142ki inwestycyjne | Tereny inwestycyjne | Strefy ekonomiczne w Polsce | Invest in Poland in Special Economic Zone","potentialAction":[{"@type":"SearchAction","target":{"@type":"EntryPoint","urlTemplate":"https:\/\/archiwum.invest-park.com.pl\/?s={search_term_string}"},"query-input":{"@type":"PropertyValueSpecification","valueRequired":true,"valueName":"search_term_string"}}],"inLanguage":"en-US"},{"@type":"Person","@id":"https:\/\/archiwum.invest-park.com.pl\/#\/schema\/person\/e1a25243ece3d709f69b2f07f15f97bd","name":"Pion IT","image":{"@type":"ImageObject","inLanguage":"en-US","@id":"https:\/\/secure.gravatar.com\/avatar\/c98fecba299a4b313b2b82702b1a69330e83b1d8288898b0d5a717c2eeeba508?s=96&d=mm&r=g","url":"https:\/\/secure.gravatar.com\/avatar\/c98fecba299a4b313b2b82702b1a69330e83b1d8288898b0d5a717c2eeeba508?s=96&d=mm&r=g","contentUrl":"https:\/\/secure.gravatar.com\/avatar\/c98fecba299a4b313b2b82702b1a69330e83b1d8288898b0d5a717c2eeeba508?s=96&d=mm&r=g","caption":"Pion IT"}}]}},"_links":{"self":[{"href":"https:\/\/archiwum.invest-park.com.pl\/en\/wp-json\/wp\/v2\/posts\/4055","targetHints":{"allow":["GET"]}}],"collection":[{"href":"https:\/\/archiwum.invest-park.com.pl\/en\/wp-json\/wp\/v2\/posts"}],"about":[{"href":"https:\/\/archiwum.invest-park.com.pl\/en\/wp-json\/wp\/v2\/types\/post"}],"author":[{"embeddable":true,"href":"https:\/\/archiwum.invest-park.com.pl\/en\/wp-json\/wp\/v2\/users\/1"}],"replies":[{"embeddable":true,"href":"https:\/\/archiwum.invest-park.com.pl\/en\/wp-json\/wp\/v2\/comments?post=4055"}],"version-history":[{"count":3,"href":"https:\/\/archiwum.invest-park.com.pl\/en\/wp-json\/wp\/v2\/posts\/4055\/revisions"}],"predecessor-version":[{"id":4141,"href":"https:\/\/archiwum.invest-park.com.pl\/en\/wp-json\/wp\/v2\/posts\/4055\/revisions\/4141"}],"wp:featuredmedia":[{"embeddable":true,"href":"https:\/\/archiwum.invest-park.com.pl\/en\/wp-json\/wp\/v2\/media\/4038"}],"wp:attachment":[{"href":"https:\/\/archiwum.invest-park.com.pl\/en\/wp-json\/wp\/v2\/media?parent=4055"}],"wp:term":[{"taxonomy":"category","embeddable":true,"href":"https:\/\/archiwum.invest-park.com.pl\/en\/wp-json\/wp\/v2\/categories?post=4055"},{"taxonomy":"post_tag","embeddable":true,"href":"https:\/\/archiwum.invest-park.com.pl\/en\/wp-json\/wp\/v2\/tags?post=4055"}],"curies":[{"name":"wp","href":"https:\/\/api.w.org\/{rel}","templated":true}]}}