{"id":3875,"date":"2015-05-22T13:37:12","date_gmt":"2015-05-22T11:37:12","guid":{"rendered":"https:\/\/invest-park.com.pl\/?p=3875"},"modified":"2015-05-22T13:37:12","modified_gmt":"2015-05-22T11:37:12","slug":"framo-morat-is-planning-to-create-even-100-jobs-in-nowa-ruda","status":"publish","type":"post","link":"https:\/\/archiwum.invest-park.com.pl\/en\/blog\/2015\/05\/22\/framo-morat-is-planning-to-create-even-100-jobs-in-nowa-ruda\/","title":{"rendered":"Framo Morat is planning to create even 100 jobs in Nowa Ruda"},"content":{"rendered":"<p>The company will lease a production floor constructed by the Wa\u0142brzych Special Economic Zone \u201cINVEST-PARK\u201d. The new investor received the notarial deed during an official ceremony in Nowa Ruda.<br \/>\nFramo Morat belongs to the Franz Morat group of companies, whose history dates back one hundred years. The entrepreneur was granted a permit to operate in the zone in April this year. Initially, the company declared capital expenditure in the amount of at least 10 million zlotys, which would generate at least 40 jobs. However, the company is now planning to create around 100 jobs, including 30 this year.<\/p>\n<blockquote><p>\nWhen looking for the right site for the investment, we mainly took Serbia and Poland into consideration. Several factors worked in Poland\u2019s favor. First of all, we are in the same culture circle, and second \u2013 the parent company\u2019s seat is barely 800 kilometers away. We have been attracted to Nowa Ruda by the favorable conditions created by the economic zone. We also took a liking to the production floor, enumerated G\u00f6khan Balkis, Managing Director of Franz Morat Group.<\/p><\/blockquote>\n<p>Framo Morat will produce sprockets, gears and specialist drive elements for international companies such as 3M, Siemens or Franke. The components are used in coffee machines, heat pumps, telecommunications towers, dental equipment, etc. Production is scheduled to begin in July. The company is also planning to eventually purchase the production floor and construct its own facilities in the zone\u2019s areas nearby.<\/p>\n<blockquote><p>\nFour production halls were finished last year, and three of them have already found lessees, emphasised Barbara Ka\u015bnikowska, President of the Wa\u0142brzych Zone. A new investor is about to start using the last hall in K\u0142odzko. Due to large interest in the facilities, we are planning to build another two halls, in Dzier\u017coni\u00f3w and in Wrze\u015bnia near Pozna\u0144, she added.<\/p><\/blockquote>\n<p>The ceremonious presentation of the notarial deed took place at the seat of the gmina of Nowa Ruda. This has been the sixth investor in the Wa\u0142brzych Special Economic Zone\u2019s area in Nowa Ruda. So far, they have created 734 jobs here.<\/p>\n<p>Photo 1: WSEZ \u201cINVEST-PARK\u201d President Barbara Ka\u015bnikowska presented G\u00f6khan Balkis, Managing Director of Franz Morat, with the notarial deed.<\/p>\n<p><a href=\"https:\/\/archiwum.invest-park.com.pl\/wp-content\/uploads\/2015\/05\/Framo-Morat-1.jpg\"><img loading=\"lazy\" decoding=\"async\" class=\"size-large wp-image-3861\" src=\"https:\/\/archiwum.invest-park.com.pl\/wp-content\/uploads\/2015\/05\/Framo-Morat-1-678x1024.jpg\" alt=\"Prezes WSSE \u201eINVEST-PARK\u201d Barbara Ka\u015bnikowska wr\u0119czy\u0142a akt notarialny dyrektorowi generalnemu Franz Morat G\u00f6khanowi Balkisowi\" width=\"678\" height=\"1024\" srcset=\"https:\/\/archiwum.invest-park.com.pl\/wp-content\/uploads\/2015\/05\/Framo-Morat-1-678x1024.jpg 678w, https:\/\/archiwum.invest-park.com.pl\/wp-content\/uploads\/2015\/05\/Framo-Morat-1-179x270.jpg 179w, https:\/\/archiwum.invest-park.com.pl\/wp-content\/uploads\/2015\/05\/Framo-Morat-1-199x300.jpg 199w, https:\/\/archiwum.invest-park.com.pl\/wp-content\/uploads\/2015\/05\/Framo-Morat-1-768x1160.jpg 768w, https:\/\/archiwum.invest-park.com.pl\/wp-content\/uploads\/2015\/05\/Framo-Morat-1-600x906.jpg 600w, https:\/\/archiwum.invest-park.com.pl\/wp-content\/uploads\/2015\/05\/Framo-Morat-1-393x593.jpg 393w, https:\/\/archiwum.invest-park.com.pl\/wp-content\/uploads\/2015\/05\/Framo-Morat-1.jpg 1632w\" sizes=\"auto, (max-width: 678px) 100vw, 678px\" \/><\/a><br \/>\nPhoto 2: \u201cWe have been attracted to Nowa Ruda by the favorable conditions created by the economic zone. We also took a liking to the production floor,\u201d said G\u00f6khan Balkis, Managing Director of Franz Morat Group.<\/p>\n<p><a href=\"https:\/\/archiwum.invest-park.com.pl\/wp-content\/uploads\/2015\/05\/Framo-Morat-2.jpg\"><img loading=\"lazy\" decoding=\"async\" class=\"size-large wp-image-3862\" src=\"https:\/\/archiwum.invest-park.com.pl\/wp-content\/uploads\/2015\/05\/Framo-Morat-2-1024x678.jpg\" alt=\"O inwestycji w Nowej Rudzie przekona\u0142y nas warunki jakie stwarza tutaj strefa ekonomiczna. Bardzo spodoba\u0142a nam si\u0119 r\u00f3wnie\u017c hala przemys\u0142owa \u2013 m\u00f3wi G\u00f6khan Balkis, dyrektor generalny Franz Morat Group\" width=\"1024\" height=\"678\" srcset=\"https:\/\/archiwum.invest-park.com.pl\/wp-content\/uploads\/2015\/05\/Framo-Morat-2-1024x678.jpg 1024w, https:\/\/archiwum.invest-park.com.pl\/wp-content\/uploads\/2015\/05\/Framo-Morat-2-270x179.jpg 270w, https:\/\/archiwum.invest-park.com.pl\/wp-content\/uploads\/2015\/05\/Framo-Morat-2-300x199.jpg 300w, https:\/\/archiwum.invest-park.com.pl\/wp-content\/uploads\/2015\/05\/Framo-Morat-2-768x509.jpg 768w, https:\/\/archiwum.invest-park.com.pl\/wp-content\/uploads\/2015\/05\/Framo-Morat-2-393x260.jpg 393w, https:\/\/archiwum.invest-park.com.pl\/wp-content\/uploads\/2015\/05\/Framo-Morat-2-600x397.jpg 600w\" sizes=\"auto, (max-width: 1024px) 100vw, 1024px\" \/><\/a><\/p>\n<p>Photo 3: Framo Morat will be renting a production floor built by the WSEZ \u201cINVEST-PARK\u201d. In the photo from the left: G\u00f6khan Balkis, Managing Director of Franz Morat Group; Monika Wielichowska, MP; Barbara Ka\u015bnikowska, President of the WSEZ \u201cINVEST-PARK\u201d; Tomasz Kili\u0144ski, Mayor of Nowa Ruda.<\/p>\n<p><a href=\"https:\/\/archiwum.invest-park.com.pl\/wp-content\/uploads\/2015\/05\/Framo-Morat-3.jpg\"><img loading=\"lazy\" decoding=\"async\" class=\"size-large wp-image-3863\" src=\"https:\/\/archiwum.invest-park.com.pl\/wp-content\/uploads\/2015\/05\/Framo-Morat-3-1024x706.jpg\" alt=\"Framo Morat wynajmuje hal\u0119 przemys\u0142ow\u0105 wybudowan\u0105 przez WSSE \u201eINVEST-PARK\u201d. Na zdj\u0119ciu od lewej: G\u00f6khan Balkis, dyrektor generalny Franz Morat Group, Monika Wielichowska, pos\u0142anka RP, Barbara Ka\u015bnikowska, prezes WSSE \u201eINVEST-PARK\u201d oraz Tomasz Kili\u0144ski, burmistrz Nowej Rudy\" width=\"1024\" height=\"706\" \/><\/a><\/p>\n","protected":false},"excerpt":{"rendered":"<p>The company will lease a production floor constructed by the Wa\u0142brzych Special Economic Zone \u201cINVEST-PARK\u201d. The new investor received the notarial deed during an official ceremony in Nowa Ruda. Framo Morat belongs to the Franz Morat group of companies, whose history dates back one hundred years. The entrepreneur was granted a permit to operate in <\/p>\n<p class=\"text-right\"><a class=\"btn btn-secondary understrap-read-more-link\" href=\"https:\/\/archiwum.invest-park.com.pl\/en\/blog\/2015\/05\/22\/framo-morat-is-planning-to-create-even-100-jobs-in-nowa-ruda\/\">Read More&#8230;<\/a><\/p>\n","protected":false},"author":9,"featured_media":3867,"comment_status":"open","ping_status":"closed","sticky":false,"template":"","format":"standard","meta":{"_acf_changed":false,"footnotes":""},"categories":[85],"tags":[],"class_list":["post-3875","post","type-post","status-publish","format-standard","has-post-thumbnail","hentry","category-news"],"acf":[],"yoast_head":"<!-- This site is optimized with the Yoast SEO plugin v27.5 - https:\/\/yoast.com\/product\/yoast-seo-wordpress\/ -->\n<title>Framo Morat is planning to create even 100 jobs in Nowa Ruda - WSSE &quot;INVEST-PARK&quot;. Wa\u0142brzyska Specjalna Strefa Ekonomiczna &quot;INVEST-PARK&quot;.<\/title>\n<meta name=\"robots\" content=\"index, follow, max-snippet:-1, max-image-preview:large, max-video-preview:-1\" \/>\n<link rel=\"canonical\" href=\"https:\/\/archiwum.invest-park.com.pl\/en\/blog\/2015\/05\/22\/framo-morat-is-planning-to-create-even-100-jobs-in-nowa-ruda\/\" \/>\n<meta property=\"og:locale\" content=\"en_US\" \/>\n<meta property=\"og:type\" content=\"article\" \/>\n<meta property=\"og:title\" content=\"Framo Morat is planning to create even 100 jobs in Nowa Ruda - WSSE &quot;INVEST-PARK&quot;. Wa\u0142brzyska Specjalna Strefa Ekonomiczna &quot;INVEST-PARK&quot;.\" \/>\n<meta property=\"og:description\" content=\"The company will lease a production floor constructed by the Wa\u0142brzych Special Economic Zone \u201cINVEST-PARK\u201d. The new investor received the notarial deed during an official ceremony in Nowa Ruda. Framo Morat belongs to the Franz Morat group of companies, whose history dates back one hundred years. The entrepreneur was granted a permit to operate in Read More...\" \/>\n<meta property=\"og:url\" content=\"https:\/\/archiwum.invest-park.com.pl\/en\/blog\/2015\/05\/22\/framo-morat-is-planning-to-create-even-100-jobs-in-nowa-ruda\/\" \/>\n<meta property=\"og:site_name\" content=\"WSSE &quot;INVEST-PARK&quot;. Wa\u0142brzyska Specjalna Strefa Ekonomiczna &quot;INVEST-PARK&quot;.\" \/>\n<meta property=\"article:published_time\" content=\"2015-05-22T11:37:12+00:00\" \/>\n<meta property=\"og:image\" content=\"https:\/\/archiwum.invest-park.com.pl\/wp-content\/uploads\/2015\/05\/Framo-Morat-31-e1432200872599.jpg\" \/>\n\t<meta property=\"og:image:width\" content=\"1403\" \/>\n\t<meta property=\"og:image:height\" content=\"473\" \/>\n\t<meta property=\"og:image:type\" content=\"image\/jpeg\" \/>\n<meta name=\"author\" content=\"Monika Korzewicz\" \/>\n<meta name=\"twitter:label1\" content=\"Written by\" \/>\n\t<meta name=\"twitter:data1\" content=\"Monika Korzewicz\" \/>\n\t<meta name=\"twitter:label2\" content=\"Est. reading time\" \/>\n\t<meta name=\"twitter:data2\" content=\"2 minutes\" \/>\n<script type=\"application\/ld+json\" class=\"yoast-schema-graph\">{\"@context\":\"https:\\\/\\\/schema.org\",\"@graph\":[{\"@type\":\"Article\",\"@id\":\"https:\\\/\\\/archiwum.invest-park.com.pl\\\/en\\\/blog\\\/2015\\\/05\\\/22\\\/framo-morat-is-planning-to-create-even-100-jobs-in-nowa-ruda\\\/#article\",\"isPartOf\":{\"@id\":\"https:\\\/\\\/archiwum.invest-park.com.pl\\\/en\\\/blog\\\/2015\\\/05\\\/22\\\/framo-morat-is-planning-to-create-even-100-jobs-in-nowa-ruda\\\/\"},\"author\":{\"name\":\"Monika Korzewicz\",\"@id\":\"https:\\\/\\\/archiwum.invest-park.com.pl\\\/#\\\/schema\\\/person\\\/7fac31842567567785585faa767b3799\"},\"headline\":\"Framo Morat is planning to create even 100 jobs in Nowa Ruda\",\"datePublished\":\"2015-05-22T11:37:12+00:00\",\"mainEntityOfPage\":{\"@id\":\"https:\\\/\\\/archiwum.invest-park.com.pl\\\/en\\\/blog\\\/2015\\\/05\\\/22\\\/framo-morat-is-planning-to-create-even-100-jobs-in-nowa-ruda\\\/\"},\"wordCount\":460,\"commentCount\":0,\"image\":{\"@id\":\"https:\\\/\\\/archiwum.invest-park.com.pl\\\/en\\\/blog\\\/2015\\\/05\\\/22\\\/framo-morat-is-planning-to-create-even-100-jobs-in-nowa-ruda\\\/#primaryimage\"},\"thumbnailUrl\":\"https:\\\/\\\/archiwum.invest-park.com.pl\\\/wp-content\\\/uploads\\\/2015\\\/05\\\/Framo-Morat-31-e1432200872599.jpg\",\"articleSection\":[\"News\"],\"inLanguage\":\"en-US\",\"potentialAction\":[{\"@type\":\"CommentAction\",\"name\":\"Comment\",\"target\":[\"https:\\\/\\\/archiwum.invest-park.com.pl\\\/en\\\/blog\\\/2015\\\/05\\\/22\\\/framo-morat-is-planning-to-create-even-100-jobs-in-nowa-ruda\\\/#respond\"]}]},{\"@type\":\"WebPage\",\"@id\":\"https:\\\/\\\/archiwum.invest-park.com.pl\\\/en\\\/blog\\\/2015\\\/05\\\/22\\\/framo-morat-is-planning-to-create-even-100-jobs-in-nowa-ruda\\\/\",\"url\":\"https:\\\/\\\/archiwum.invest-park.com.pl\\\/en\\\/blog\\\/2015\\\/05\\\/22\\\/framo-morat-is-planning-to-create-even-100-jobs-in-nowa-ruda\\\/\",\"name\":\"Framo Morat is planning to create even 100 jobs in Nowa Ruda - WSSE &quot;INVEST-PARK&quot;. Wa\u0142brzyska Specjalna Strefa Ekonomiczna &quot;INVEST-PARK&quot;.\",\"isPartOf\":{\"@id\":\"https:\\\/\\\/archiwum.invest-park.com.pl\\\/#website\"},\"primaryImageOfPage\":{\"@id\":\"https:\\\/\\\/archiwum.invest-park.com.pl\\\/en\\\/blog\\\/2015\\\/05\\\/22\\\/framo-morat-is-planning-to-create-even-100-jobs-in-nowa-ruda\\\/#primaryimage\"},\"image\":{\"@id\":\"https:\\\/\\\/archiwum.invest-park.com.pl\\\/en\\\/blog\\\/2015\\\/05\\\/22\\\/framo-morat-is-planning-to-create-even-100-jobs-in-nowa-ruda\\\/#primaryimage\"},\"thumbnailUrl\":\"https:\\\/\\\/archiwum.invest-park.com.pl\\\/wp-content\\\/uploads\\\/2015\\\/05\\\/Framo-Morat-31-e1432200872599.jpg\",\"datePublished\":\"2015-05-22T11:37:12+00:00\",\"author\":{\"@id\":\"https:\\\/\\\/archiwum.invest-park.com.pl\\\/#\\\/schema\\\/person\\\/7fac31842567567785585faa767b3799\"},\"breadcrumb\":{\"@id\":\"https:\\\/\\\/archiwum.invest-park.com.pl\\\/en\\\/blog\\\/2015\\\/05\\\/22\\\/framo-morat-is-planning-to-create-even-100-jobs-in-nowa-ruda\\\/#breadcrumb\"},\"inLanguage\":\"en-US\",\"potentialAction\":[{\"@type\":\"ReadAction\",\"target\":[\"https:\\\/\\\/archiwum.invest-park.com.pl\\\/en\\\/blog\\\/2015\\\/05\\\/22\\\/framo-morat-is-planning-to-create-even-100-jobs-in-nowa-ruda\\\/\"]}]},{\"@type\":\"ImageObject\",\"inLanguage\":\"en-US\",\"@id\":\"https:\\\/\\\/archiwum.invest-park.com.pl\\\/en\\\/blog\\\/2015\\\/05\\\/22\\\/framo-morat-is-planning-to-create-even-100-jobs-in-nowa-ruda\\\/#primaryimage\",\"url\":\"https:\\\/\\\/archiwum.invest-park.com.pl\\\/wp-content\\\/uploads\\\/2015\\\/05\\\/Framo-Morat-31-e1432200872599.jpg\",\"contentUrl\":\"https:\\\/\\\/archiwum.invest-park.com.pl\\\/wp-content\\\/uploads\\\/2015\\\/05\\\/Framo-Morat-31-e1432200872599.jpg\",\"width\":1403,\"height\":473},{\"@type\":\"BreadcrumbList\",\"@id\":\"https:\\\/\\\/archiwum.invest-park.com.pl\\\/en\\\/blog\\\/2015\\\/05\\\/22\\\/framo-morat-is-planning-to-create-even-100-jobs-in-nowa-ruda\\\/#breadcrumb\",\"itemListElement\":[{\"@type\":\"ListItem\",\"position\":1,\"name\":\"Strona g\u0142\u00f3wna\",\"item\":\"https:\\\/\\\/archiwum.invest-park.com.pl\\\/en\\\/\"},{\"@type\":\"ListItem\",\"position\":2,\"name\":\"Framo Morat is planning to create even 100 jobs in Nowa Ruda\"}]},{\"@type\":\"WebSite\",\"@id\":\"https:\\\/\\\/archiwum.invest-park.com.pl\\\/#website\",\"url\":\"https:\\\/\\\/archiwum.invest-park.com.pl\\\/\",\"name\":\"WSSE &quot;INVEST-PARK&quot;. Wa\u0142brzyska Specjalna Strefa Ekonomiczna &quot;INVEST-PARK&quot;.\",\"description\":\"Wa\u0142brzyska Specjalna Strefa Ekonomiczna to jedna z najwi\u0119kszych i najdynamiczniej rozwijaj\u0105cych si\u0119 stref ekonomicznych w Polsce | Znajd\u017a tereny inwestycyjne z ulgami podatkowymi | Dzia\u0142ki inwestycyjne | Tereny inwestycyjne | Strefy ekonomiczne w Polsce | Invest in Poland in Special Economic Zone\",\"potentialAction\":[{\"@type\":\"SearchAction\",\"target\":{\"@type\":\"EntryPoint\",\"urlTemplate\":\"https:\\\/\\\/archiwum.invest-park.com.pl\\\/?s={search_term_string}\"},\"query-input\":{\"@type\":\"PropertyValueSpecification\",\"valueRequired\":true,\"valueName\":\"search_term_string\"}}],\"inLanguage\":\"en-US\"},{\"@type\":\"Person\",\"@id\":\"https:\\\/\\\/archiwum.invest-park.com.pl\\\/#\\\/schema\\\/person\\\/7fac31842567567785585faa767b3799\",\"name\":\"Monika Korzewicz\",\"image\":{\"@type\":\"ImageObject\",\"inLanguage\":\"en-US\",\"@id\":\"https:\\\/\\\/secure.gravatar.com\\\/avatar\\\/0191998b38ea1a54f1b84bf3642a319fc1063760e8d786b3e2c643f50bbafea7?s=96&d=mm&r=g\",\"url\":\"https:\\\/\\\/secure.gravatar.com\\\/avatar\\\/0191998b38ea1a54f1b84bf3642a319fc1063760e8d786b3e2c643f50bbafea7?s=96&d=mm&r=g\",\"contentUrl\":\"https:\\\/\\\/secure.gravatar.com\\\/avatar\\\/0191998b38ea1a54f1b84bf3642a319fc1063760e8d786b3e2c643f50bbafea7?s=96&d=mm&r=g\",\"caption\":\"Monika Korzewicz\"}}]}<\/script>\n<!-- \/ Yoast SEO plugin. -->","yoast_head_json":{"title":"Framo Morat is planning to create even 100 jobs in Nowa Ruda - WSSE &quot;INVEST-PARK&quot;. Wa\u0142brzyska Specjalna Strefa Ekonomiczna &quot;INVEST-PARK&quot;.","robots":{"index":"index","follow":"follow","max-snippet":"max-snippet:-1","max-image-preview":"max-image-preview:large","max-video-preview":"max-video-preview:-1"},"canonical":"https:\/\/archiwum.invest-park.com.pl\/en\/blog\/2015\/05\/22\/framo-morat-is-planning-to-create-even-100-jobs-in-nowa-ruda\/","og_locale":"en_US","og_type":"article","og_title":"Framo Morat is planning to create even 100 jobs in Nowa Ruda - WSSE &quot;INVEST-PARK&quot;. Wa\u0142brzyska Specjalna Strefa Ekonomiczna &quot;INVEST-PARK&quot;.","og_description":"The company will lease a production floor constructed by the Wa\u0142brzych Special Economic Zone \u201cINVEST-PARK\u201d. The new investor received the notarial deed during an official ceremony in Nowa Ruda. Framo Morat belongs to the Franz Morat group of companies, whose history dates back one hundred years. The entrepreneur was granted a permit to operate in Read More...","og_url":"https:\/\/archiwum.invest-park.com.pl\/en\/blog\/2015\/05\/22\/framo-morat-is-planning-to-create-even-100-jobs-in-nowa-ruda\/","og_site_name":"WSSE &quot;INVEST-PARK&quot;. Wa\u0142brzyska Specjalna Strefa Ekonomiczna &quot;INVEST-PARK&quot;.","article_published_time":"2015-05-22T11:37:12+00:00","og_image":[{"width":1403,"height":473,"url":"https:\/\/archiwum.invest-park.com.pl\/wp-content\/uploads\/2015\/05\/Framo-Morat-31-e1432200872599.jpg","type":"image\/jpeg"}],"author":"Monika Korzewicz","twitter_misc":{"Written by":"Monika Korzewicz","Est. reading time":"2 minutes"},"schema":{"@context":"https:\/\/schema.org","@graph":[{"@type":"Article","@id":"https:\/\/archiwum.invest-park.com.pl\/en\/blog\/2015\/05\/22\/framo-morat-is-planning-to-create-even-100-jobs-in-nowa-ruda\/#article","isPartOf":{"@id":"https:\/\/archiwum.invest-park.com.pl\/en\/blog\/2015\/05\/22\/framo-morat-is-planning-to-create-even-100-jobs-in-nowa-ruda\/"},"author":{"name":"Monika Korzewicz","@id":"https:\/\/archiwum.invest-park.com.pl\/#\/schema\/person\/7fac31842567567785585faa767b3799"},"headline":"Framo Morat is planning to create even 100 jobs in Nowa Ruda","datePublished":"2015-05-22T11:37:12+00:00","mainEntityOfPage":{"@id":"https:\/\/archiwum.invest-park.com.pl\/en\/blog\/2015\/05\/22\/framo-morat-is-planning-to-create-even-100-jobs-in-nowa-ruda\/"},"wordCount":460,"commentCount":0,"image":{"@id":"https:\/\/archiwum.invest-park.com.pl\/en\/blog\/2015\/05\/22\/framo-morat-is-planning-to-create-even-100-jobs-in-nowa-ruda\/#primaryimage"},"thumbnailUrl":"https:\/\/archiwum.invest-park.com.pl\/wp-content\/uploads\/2015\/05\/Framo-Morat-31-e1432200872599.jpg","articleSection":["News"],"inLanguage":"en-US","potentialAction":[{"@type":"CommentAction","name":"Comment","target":["https:\/\/archiwum.invest-park.com.pl\/en\/blog\/2015\/05\/22\/framo-morat-is-planning-to-create-even-100-jobs-in-nowa-ruda\/#respond"]}]},{"@type":"WebPage","@id":"https:\/\/archiwum.invest-park.com.pl\/en\/blog\/2015\/05\/22\/framo-morat-is-planning-to-create-even-100-jobs-in-nowa-ruda\/","url":"https:\/\/archiwum.invest-park.com.pl\/en\/blog\/2015\/05\/22\/framo-morat-is-planning-to-create-even-100-jobs-in-nowa-ruda\/","name":"Framo Morat is planning to create even 100 jobs in Nowa Ruda - WSSE &quot;INVEST-PARK&quot;. Wa\u0142brzyska Specjalna Strefa Ekonomiczna &quot;INVEST-PARK&quot;.","isPartOf":{"@id":"https:\/\/archiwum.invest-park.com.pl\/#website"},"primaryImageOfPage":{"@id":"https:\/\/archiwum.invest-park.com.pl\/en\/blog\/2015\/05\/22\/framo-morat-is-planning-to-create-even-100-jobs-in-nowa-ruda\/#primaryimage"},"image":{"@id":"https:\/\/archiwum.invest-park.com.pl\/en\/blog\/2015\/05\/22\/framo-morat-is-planning-to-create-even-100-jobs-in-nowa-ruda\/#primaryimage"},"thumbnailUrl":"https:\/\/archiwum.invest-park.com.pl\/wp-content\/uploads\/2015\/05\/Framo-Morat-31-e1432200872599.jpg","datePublished":"2015-05-22T11:37:12+00:00","author":{"@id":"https:\/\/archiwum.invest-park.com.pl\/#\/schema\/person\/7fac31842567567785585faa767b3799"},"breadcrumb":{"@id":"https:\/\/archiwum.invest-park.com.pl\/en\/blog\/2015\/05\/22\/framo-morat-is-planning-to-create-even-100-jobs-in-nowa-ruda\/#breadcrumb"},"inLanguage":"en-US","potentialAction":[{"@type":"ReadAction","target":["https:\/\/archiwum.invest-park.com.pl\/en\/blog\/2015\/05\/22\/framo-morat-is-planning-to-create-even-100-jobs-in-nowa-ruda\/"]}]},{"@type":"ImageObject","inLanguage":"en-US","@id":"https:\/\/archiwum.invest-park.com.pl\/en\/blog\/2015\/05\/22\/framo-morat-is-planning-to-create-even-100-jobs-in-nowa-ruda\/#primaryimage","url":"https:\/\/archiwum.invest-park.com.pl\/wp-content\/uploads\/2015\/05\/Framo-Morat-31-e1432200872599.jpg","contentUrl":"https:\/\/archiwum.invest-park.com.pl\/wp-content\/uploads\/2015\/05\/Framo-Morat-31-e1432200872599.jpg","width":1403,"height":473},{"@type":"BreadcrumbList","@id":"https:\/\/archiwum.invest-park.com.pl\/en\/blog\/2015\/05\/22\/framo-morat-is-planning-to-create-even-100-jobs-in-nowa-ruda\/#breadcrumb","itemListElement":[{"@type":"ListItem","position":1,"name":"Strona g\u0142\u00f3wna","item":"https:\/\/archiwum.invest-park.com.pl\/en\/"},{"@type":"ListItem","position":2,"name":"Framo Morat is planning to create even 100 jobs in Nowa Ruda"}]},{"@type":"WebSite","@id":"https:\/\/archiwum.invest-park.com.pl\/#website","url":"https:\/\/archiwum.invest-park.com.pl\/","name":"WSSE &quot;INVEST-PARK&quot;. Wa\u0142brzyska Specjalna Strefa Ekonomiczna &quot;INVEST-PARK&quot;.","description":"Wa\u0142brzyska Specjalna Strefa Ekonomiczna to jedna z najwi\u0119kszych i najdynamiczniej rozwijaj\u0105cych si\u0119 stref ekonomicznych w Polsce | Znajd\u017a tereny inwestycyjne z ulgami podatkowymi | Dzia\u0142ki inwestycyjne | Tereny inwestycyjne | Strefy ekonomiczne w Polsce | Invest in Poland in Special Economic Zone","potentialAction":[{"@type":"SearchAction","target":{"@type":"EntryPoint","urlTemplate":"https:\/\/archiwum.invest-park.com.pl\/?s={search_term_string}"},"query-input":{"@type":"PropertyValueSpecification","valueRequired":true,"valueName":"search_term_string"}}],"inLanguage":"en-US"},{"@type":"Person","@id":"https:\/\/archiwum.invest-park.com.pl\/#\/schema\/person\/7fac31842567567785585faa767b3799","name":"Monika Korzewicz","image":{"@type":"ImageObject","inLanguage":"en-US","@id":"https:\/\/secure.gravatar.com\/avatar\/0191998b38ea1a54f1b84bf3642a319fc1063760e8d786b3e2c643f50bbafea7?s=96&d=mm&r=g","url":"https:\/\/secure.gravatar.com\/avatar\/0191998b38ea1a54f1b84bf3642a319fc1063760e8d786b3e2c643f50bbafea7?s=96&d=mm&r=g","contentUrl":"https:\/\/secure.gravatar.com\/avatar\/0191998b38ea1a54f1b84bf3642a319fc1063760e8d786b3e2c643f50bbafea7?s=96&d=mm&r=g","caption":"Monika Korzewicz"}}]}},"_links":{"self":[{"href":"https:\/\/archiwum.invest-park.com.pl\/en\/wp-json\/wp\/v2\/posts\/3875","targetHints":{"allow":["GET"]}}],"collection":[{"href":"https:\/\/archiwum.invest-park.com.pl\/en\/wp-json\/wp\/v2\/posts"}],"about":[{"href":"https:\/\/archiwum.invest-park.com.pl\/en\/wp-json\/wp\/v2\/types\/post"}],"author":[{"embeddable":true,"href":"https:\/\/archiwum.invest-park.com.pl\/en\/wp-json\/wp\/v2\/users\/9"}],"replies":[{"embeddable":true,"href":"https:\/\/archiwum.invest-park.com.pl\/en\/wp-json\/wp\/v2\/comments?post=3875"}],"version-history":[{"count":2,"href":"https:\/\/archiwum.invest-park.com.pl\/en\/wp-json\/wp\/v2\/posts\/3875\/revisions"}],"predecessor-version":[{"id":3877,"href":"https:\/\/archiwum.invest-park.com.pl\/en\/wp-json\/wp\/v2\/posts\/3875\/revisions\/3877"}],"wp:featuredmedia":[{"embeddable":true,"href":"https:\/\/archiwum.invest-park.com.pl\/en\/wp-json\/wp\/v2\/media\/3867"}],"wp:attachment":[{"href":"https:\/\/archiwum.invest-park.com.pl\/en\/wp-json\/wp\/v2\/media?parent=3875"}],"wp:term":[{"taxonomy":"category","embeddable":true,"href":"https:\/\/archiwum.invest-park.com.pl\/en\/wp-json\/wp\/v2\/categories?post=3875"},{"taxonomy":"post_tag","embeddable":true,"href":"https:\/\/archiwum.invest-park.com.pl\/en\/wp-json\/wp\/v2\/tags?post=3875"}],"curies":[{"name":"wp","href":"https:\/\/api.w.org\/{rel}","templated":true}]}}