{"id":3668,"date":"2015-04-24T15:00:16","date_gmt":"2015-04-24T13:00:16","guid":{"rendered":"https:\/\/invest-park.com.pl\/?p=3668"},"modified":"2015-04-24T15:01:02","modified_gmt":"2015-04-24T13:01:02","slug":"ifm-begins-construction","status":"publish","type":"post","link":"https:\/\/archiwum.invest-park.com.pl\/en\/blog\/2015\/04\/24\/ifm-begins-construction\/","title":{"rendered":"ifm begins construction"},"content":{"rendered":"<p><strong>Around 100 engineers will be employed at the R&amp;D center that is being built by ifm ecolink in Opole. \u201cIt is one of those rare cases when a German company invests in technology development in Poland,\u201d the company\u2019s president Andrzej Durdyn said. The center will be built near ifm ecolink\u2019s plant in the Wa\u0142brzych Special Economic Zone in Opole.<\/strong><!--more--><br \/>\nThe facility in Opole is part of the ifm electronic corporation, which specializes in producing industrial automation elements. The company has branches in more than 70 countries all over the world. Three years ago, a factory making electronic sensors was built in Opole, and now the company has decided to make another investment in the Wa\u0142brzych zone.<\/p>\n<blockquote><p>\u201cThe construction of an R&amp;D center has always been my dream, and it is the crowning achievement of my work. It will enable us to develop our products and employ specialists from the region,\u201d Mr. Durdy\u0144 said during the ceremony of laying the cornerstone.<\/p><\/blockquote>\n<p>The facility with a surface area of ca. 4,000 square meters will be equipped with state-of-the-art laboratory apparatus. Around 100 engineers, mostly from Opole University of Technology, will ultimately work here on developing innovative technologies and patents. The university has already begun cooperation with the firm.<\/p>\n<blockquote><p>\u201cThe company is treating us very seriously,\u201d Prof. Marek Tukiendorf, Rector of Opole University of Technology, emphasizes. \u201cOur lecturers have even visited the company seat in Germany, where they were acquainted with the technological solutions used by ifm electronic, the parent company,\u201d he adds.<\/p><\/blockquote>\n<p>A time capsule was buried during the ceremony of inaugurating the construction. The metal tube contained the founding act, a photograph of the facility employees, parts produced at the facility, and the current issue of a local newspaper. The construction is scheduled to finish by the end of this year. The Wa\u0142brzych Special Economic Zone has more than 40 ha of land available to investors in Opole.<\/p>\n<figure id=\"attachment_3661\" aria-describedby=\"caption-attachment-3661\" style=\"width: 1024px\" class=\"wp-caption alignnone\"><a href=\"https:\/\/archiwum.invest-park.com.pl\/wp-content\/uploads\/2015\/04\/ifm-wmurowanie-kamienia-8.jpg\"><img loading=\"lazy\" decoding=\"async\" class=\"wp-image-3661 size-large\" title=\"Tomasz Jakacki, Vice-President of WSEZ \u201cINVEST-PARK\u201d, presented Andrzej Durdy\u0144 with a commemorative agate, which is given to entrepreneurs as a mark of appreciation of their exceptional achievements in the Wa\u0142brzych zone\" src=\"https:\/\/archiwum.invest-park.com.pl\/wp-content\/uploads\/2015\/04\/ifm-wmurowanie-kamienia-8-1024x678.jpg\" alt=\"Tomasz Jakacki, Vice-President of WSEZ \u201cINVEST-PARK\u201d, presented Andrzej Durdy\u0144 with a commemorative agate, which is given to entrepreneurs as a mark of appreciation of their exceptional achievements in the Wa\u0142brzych zone\" width=\"1024\" height=\"678\" srcset=\"https:\/\/archiwum.invest-park.com.pl\/wp-content\/uploads\/2015\/04\/ifm-wmurowanie-kamienia-8-1024x678.jpg 1024w, https:\/\/archiwum.invest-park.com.pl\/wp-content\/uploads\/2015\/04\/ifm-wmurowanie-kamienia-8-270x179.jpg 270w, https:\/\/archiwum.invest-park.com.pl\/wp-content\/uploads\/2015\/04\/ifm-wmurowanie-kamienia-8-300x199.jpg 300w, https:\/\/archiwum.invest-park.com.pl\/wp-content\/uploads\/2015\/04\/ifm-wmurowanie-kamienia-8-768x509.jpg 768w, https:\/\/archiwum.invest-park.com.pl\/wp-content\/uploads\/2015\/04\/ifm-wmurowanie-kamienia-8-393x260.jpg 393w, https:\/\/archiwum.invest-park.com.pl\/wp-content\/uploads\/2015\/04\/ifm-wmurowanie-kamienia-8-600x397.jpg 600w\" sizes=\"auto, (max-width: 1024px) 100vw, 1024px\" \/><\/a><figcaption id=\"caption-attachment-3661\" class=\"wp-caption-text\">Tomasz Jakacki, Vice-President of WSEZ \u201cINVEST-PARK\u201d, presented Andrzej Durdy\u0144 with a commemorative agate, which is given to entrepreneurs as a mark of appreciation of their exceptional achievements in the Wa\u0142brzych zone<\/figcaption><\/figure>\n<p>&nbsp;<\/p>\n<p>&nbsp;<\/p>\n<figure id=\"attachment_3663\" aria-describedby=\"caption-attachment-3663\" style=\"width: 1024px\" class=\"wp-caption alignnone\"><a href=\"https:\/\/archiwum.invest-park.com.pl\/wp-content\/uploads\/2015\/04\/ifm-wmurowanie-kamienia-11.jpg\"><img loading=\"lazy\" decoding=\"async\" class=\"wp-image-3663 size-large\" title=\"The objects put in the time capsule included: the founding act, a photograph of the facility employees, parts produced at the facility, and the current issue of a local newspaper\" src=\"https:\/\/archiwum.invest-park.com.pl\/wp-content\/uploads\/2015\/04\/ifm-wmurowanie-kamienia-11-1024x678.jpg\" alt=\"The objects put in the time capsule included: the founding act, a photograph of the facility employees, parts produced at the facility, and the current issue of a local newspaper\" width=\"1024\" height=\"678\" srcset=\"https:\/\/archiwum.invest-park.com.pl\/wp-content\/uploads\/2015\/04\/ifm-wmurowanie-kamienia-11-1024x678.jpg 1024w, https:\/\/archiwum.invest-park.com.pl\/wp-content\/uploads\/2015\/04\/ifm-wmurowanie-kamienia-11-270x179.jpg 270w, https:\/\/archiwum.invest-park.com.pl\/wp-content\/uploads\/2015\/04\/ifm-wmurowanie-kamienia-11-300x199.jpg 300w, https:\/\/archiwum.invest-park.com.pl\/wp-content\/uploads\/2015\/04\/ifm-wmurowanie-kamienia-11-768x509.jpg 768w, https:\/\/archiwum.invest-park.com.pl\/wp-content\/uploads\/2015\/04\/ifm-wmurowanie-kamienia-11-393x260.jpg 393w, https:\/\/archiwum.invest-park.com.pl\/wp-content\/uploads\/2015\/04\/ifm-wmurowanie-kamienia-11-600x397.jpg 600w\" sizes=\"auto, (max-width: 1024px) 100vw, 1024px\" \/><\/a><figcaption id=\"caption-attachment-3663\" class=\"wp-caption-text\">The objects put in the time capsule included: the founding act, a photograph of the facility employees, parts produced at the facility, and the current issue of a local newspaper<\/figcaption><\/figure>\n<p>&nbsp;<\/p>\n","protected":false},"excerpt":{"rendered":"<p>Around 100 engineers will be employed at the R&amp;D center that is being built by ifm ecolink in Opole. \u201cIt is one of those rare cases when a German company invests in technology development in Poland,\u201d the company\u2019s president Andrzej Durdyn said. The center will be built near ifm ecolink\u2019s plant in the Wa\u0142brzych Special <\/p>\n<p class=\"text-right\"><a class=\"btn btn-secondary understrap-read-more-link\" href=\"https:\/\/archiwum.invest-park.com.pl\/en\/blog\/2015\/04\/24\/ifm-begins-construction\/\">Read More&#8230;<\/a><\/p>\n","protected":false},"author":1,"featured_media":3664,"comment_status":"open","ping_status":"closed","sticky":false,"template":"","format":"standard","meta":{"_acf_changed":false,"footnotes":""},"categories":[85],"tags":[],"class_list":["post-3668","post","type-post","status-publish","format-standard","has-post-thumbnail","hentry","category-news"],"acf":[],"yoast_head":"<!-- This site is optimized with the Yoast SEO plugin v27.5 - https:\/\/yoast.com\/product\/yoast-seo-wordpress\/ -->\n<title>ifm begins construction - WSSE &quot;INVEST-PARK&quot;. Wa\u0142brzyska Specjalna Strefa Ekonomiczna &quot;INVEST-PARK&quot;.<\/title>\n<meta name=\"robots\" content=\"index, follow, max-snippet:-1, max-image-preview:large, max-video-preview:-1\" \/>\n<link rel=\"canonical\" href=\"https:\/\/archiwum.invest-park.com.pl\/en\/blog\/2015\/04\/24\/ifm-begins-construction\/\" \/>\n<meta property=\"og:locale\" content=\"en_US\" \/>\n<meta property=\"og:type\" content=\"article\" \/>\n<meta property=\"og:title\" content=\"ifm begins construction - WSSE &quot;INVEST-PARK&quot;. Wa\u0142brzyska Specjalna Strefa Ekonomiczna &quot;INVEST-PARK&quot;.\" \/>\n<meta property=\"og:description\" content=\"Around 100 engineers will be employed at the R&amp;D center that is being built by ifm ecolink in Opole. \u201cIt is one of those rare cases when a German company invests in technology development in Poland,\u201d the company\u2019s president Andrzej Durdyn said. The center will be built near ifm ecolink\u2019s plant in the Wa\u0142brzych Special Read More...\" \/>\n<meta property=\"og:url\" content=\"https:\/\/archiwum.invest-park.com.pl\/en\/blog\/2015\/04\/24\/ifm-begins-construction\/\" \/>\n<meta property=\"og:site_name\" content=\"WSSE &quot;INVEST-PARK&quot;. Wa\u0142brzyska Specjalna Strefa Ekonomiczna &quot;INVEST-PARK&quot;.\" \/>\n<meta property=\"article:published_time\" content=\"2015-04-24T13:00:16+00:00\" \/>\n<meta property=\"article:modified_time\" content=\"2015-04-24T13:01:02+00:00\" \/>\n<meta property=\"og:image\" content=\"https:\/\/archiwum.invest-park.com.pl\/wp-content\/uploads\/2015\/04\/ifm-wmurowanie-kamienia-12-e1429870281646.jpg\" \/>\n\t<meta property=\"og:image:width\" content=\"2464\" \/>\n\t<meta property=\"og:image:height\" content=\"1195\" \/>\n\t<meta property=\"og:image:type\" content=\"image\/jpeg\" \/>\n<meta name=\"author\" content=\"Pion IT\" \/>\n<meta name=\"twitter:label1\" content=\"Written by\" \/>\n\t<meta name=\"twitter:data1\" content=\"Pion IT\" \/>\n\t<meta name=\"twitter:label2\" content=\"Est. reading time\" \/>\n\t<meta name=\"twitter:data2\" content=\"2 minutes\" \/>\n<script type=\"application\/ld+json\" class=\"yoast-schema-graph\">{\"@context\":\"https:\\\/\\\/schema.org\",\"@graph\":[{\"@type\":\"Article\",\"@id\":\"https:\\\/\\\/archiwum.invest-park.com.pl\\\/en\\\/blog\\\/2015\\\/04\\\/24\\\/ifm-begins-construction\\\/#article\",\"isPartOf\":{\"@id\":\"https:\\\/\\\/archiwum.invest-park.com.pl\\\/en\\\/blog\\\/2015\\\/04\\\/24\\\/ifm-begins-construction\\\/\"},\"author\":{\"name\":\"Pion IT\",\"@id\":\"https:\\\/\\\/archiwum.invest-park.com.pl\\\/#\\\/schema\\\/person\\\/e1a25243ece3d709f69b2f07f15f97bd\"},\"headline\":\"ifm begins construction\",\"datePublished\":\"2015-04-24T13:00:16+00:00\",\"dateModified\":\"2015-04-24T13:01:02+00:00\",\"mainEntityOfPage\":{\"@id\":\"https:\\\/\\\/archiwum.invest-park.com.pl\\\/en\\\/blog\\\/2015\\\/04\\\/24\\\/ifm-begins-construction\\\/\"},\"wordCount\":403,\"commentCount\":0,\"image\":{\"@id\":\"https:\\\/\\\/archiwum.invest-park.com.pl\\\/en\\\/blog\\\/2015\\\/04\\\/24\\\/ifm-begins-construction\\\/#primaryimage\"},\"thumbnailUrl\":\"https:\\\/\\\/archiwum.invest-park.com.pl\\\/wp-content\\\/uploads\\\/2015\\\/04\\\/ifm-wmurowanie-kamienia-12-e1429870281646.jpg\",\"articleSection\":[\"News\"],\"inLanguage\":\"en-US\",\"potentialAction\":[{\"@type\":\"CommentAction\",\"name\":\"Comment\",\"target\":[\"https:\\\/\\\/archiwum.invest-park.com.pl\\\/en\\\/blog\\\/2015\\\/04\\\/24\\\/ifm-begins-construction\\\/#respond\"]}]},{\"@type\":\"WebPage\",\"@id\":\"https:\\\/\\\/archiwum.invest-park.com.pl\\\/en\\\/blog\\\/2015\\\/04\\\/24\\\/ifm-begins-construction\\\/\",\"url\":\"https:\\\/\\\/archiwum.invest-park.com.pl\\\/en\\\/blog\\\/2015\\\/04\\\/24\\\/ifm-begins-construction\\\/\",\"name\":\"ifm begins construction - WSSE &quot;INVEST-PARK&quot;. Wa\u0142brzyska Specjalna Strefa Ekonomiczna &quot;INVEST-PARK&quot;.\",\"isPartOf\":{\"@id\":\"https:\\\/\\\/archiwum.invest-park.com.pl\\\/#website\"},\"primaryImageOfPage\":{\"@id\":\"https:\\\/\\\/archiwum.invest-park.com.pl\\\/en\\\/blog\\\/2015\\\/04\\\/24\\\/ifm-begins-construction\\\/#primaryimage\"},\"image\":{\"@id\":\"https:\\\/\\\/archiwum.invest-park.com.pl\\\/en\\\/blog\\\/2015\\\/04\\\/24\\\/ifm-begins-construction\\\/#primaryimage\"},\"thumbnailUrl\":\"https:\\\/\\\/archiwum.invest-park.com.pl\\\/wp-content\\\/uploads\\\/2015\\\/04\\\/ifm-wmurowanie-kamienia-12-e1429870281646.jpg\",\"datePublished\":\"2015-04-24T13:00:16+00:00\",\"dateModified\":\"2015-04-24T13:01:02+00:00\",\"author\":{\"@id\":\"https:\\\/\\\/archiwum.invest-park.com.pl\\\/#\\\/schema\\\/person\\\/e1a25243ece3d709f69b2f07f15f97bd\"},\"breadcrumb\":{\"@id\":\"https:\\\/\\\/archiwum.invest-park.com.pl\\\/en\\\/blog\\\/2015\\\/04\\\/24\\\/ifm-begins-construction\\\/#breadcrumb\"},\"inLanguage\":\"en-US\",\"potentialAction\":[{\"@type\":\"ReadAction\",\"target\":[\"https:\\\/\\\/archiwum.invest-park.com.pl\\\/en\\\/blog\\\/2015\\\/04\\\/24\\\/ifm-begins-construction\\\/\"]}]},{\"@type\":\"ImageObject\",\"inLanguage\":\"en-US\",\"@id\":\"https:\\\/\\\/archiwum.invest-park.com.pl\\\/en\\\/blog\\\/2015\\\/04\\\/24\\\/ifm-begins-construction\\\/#primaryimage\",\"url\":\"https:\\\/\\\/archiwum.invest-park.com.pl\\\/wp-content\\\/uploads\\\/2015\\\/04\\\/ifm-wmurowanie-kamienia-12-e1429870281646.jpg\",\"contentUrl\":\"https:\\\/\\\/archiwum.invest-park.com.pl\\\/wp-content\\\/uploads\\\/2015\\\/04\\\/ifm-wmurowanie-kamienia-12-e1429870281646.jpg\",\"width\":2464,\"height\":1195,\"caption\":\"Ifm rozpoczyna budow\u0119\"},{\"@type\":\"BreadcrumbList\",\"@id\":\"https:\\\/\\\/archiwum.invest-park.com.pl\\\/en\\\/blog\\\/2015\\\/04\\\/24\\\/ifm-begins-construction\\\/#breadcrumb\",\"itemListElement\":[{\"@type\":\"ListItem\",\"position\":1,\"name\":\"Strona g\u0142\u00f3wna\",\"item\":\"https:\\\/\\\/archiwum.invest-park.com.pl\\\/en\\\/\"},{\"@type\":\"ListItem\",\"position\":2,\"name\":\"ifm begins construction\"}]},{\"@type\":\"WebSite\",\"@id\":\"https:\\\/\\\/archiwum.invest-park.com.pl\\\/#website\",\"url\":\"https:\\\/\\\/archiwum.invest-park.com.pl\\\/\",\"name\":\"WSSE &quot;INVEST-PARK&quot;. Wa\u0142brzyska Specjalna Strefa Ekonomiczna &quot;INVEST-PARK&quot;.\",\"description\":\"Wa\u0142brzyska Specjalna Strefa Ekonomiczna to jedna z najwi\u0119kszych i najdynamiczniej rozwijaj\u0105cych si\u0119 stref ekonomicznych w Polsce | Znajd\u017a tereny inwestycyjne z ulgami podatkowymi | Dzia\u0142ki inwestycyjne | Tereny inwestycyjne | Strefy ekonomiczne w Polsce | Invest in Poland in Special Economic Zone\",\"potentialAction\":[{\"@type\":\"SearchAction\",\"target\":{\"@type\":\"EntryPoint\",\"urlTemplate\":\"https:\\\/\\\/archiwum.invest-park.com.pl\\\/?s={search_term_string}\"},\"query-input\":{\"@type\":\"PropertyValueSpecification\",\"valueRequired\":true,\"valueName\":\"search_term_string\"}}],\"inLanguage\":\"en-US\"},{\"@type\":\"Person\",\"@id\":\"https:\\\/\\\/archiwum.invest-park.com.pl\\\/#\\\/schema\\\/person\\\/e1a25243ece3d709f69b2f07f15f97bd\",\"name\":\"Pion IT\",\"image\":{\"@type\":\"ImageObject\",\"inLanguage\":\"en-US\",\"@id\":\"https:\\\/\\\/secure.gravatar.com\\\/avatar\\\/c98fecba299a4b313b2b82702b1a69330e83b1d8288898b0d5a717c2eeeba508?s=96&d=mm&r=g\",\"url\":\"https:\\\/\\\/secure.gravatar.com\\\/avatar\\\/c98fecba299a4b313b2b82702b1a69330e83b1d8288898b0d5a717c2eeeba508?s=96&d=mm&r=g\",\"contentUrl\":\"https:\\\/\\\/secure.gravatar.com\\\/avatar\\\/c98fecba299a4b313b2b82702b1a69330e83b1d8288898b0d5a717c2eeeba508?s=96&d=mm&r=g\",\"caption\":\"Pion IT\"}}]}<\/script>\n<!-- \/ Yoast SEO plugin. -->","yoast_head_json":{"title":"ifm begins construction - WSSE &quot;INVEST-PARK&quot;. Wa\u0142brzyska Specjalna Strefa Ekonomiczna &quot;INVEST-PARK&quot;.","robots":{"index":"index","follow":"follow","max-snippet":"max-snippet:-1","max-image-preview":"max-image-preview:large","max-video-preview":"max-video-preview:-1"},"canonical":"https:\/\/archiwum.invest-park.com.pl\/en\/blog\/2015\/04\/24\/ifm-begins-construction\/","og_locale":"en_US","og_type":"article","og_title":"ifm begins construction - WSSE &quot;INVEST-PARK&quot;. Wa\u0142brzyska Specjalna Strefa Ekonomiczna &quot;INVEST-PARK&quot;.","og_description":"Around 100 engineers will be employed at the R&amp;D center that is being built by ifm ecolink in Opole. \u201cIt is one of those rare cases when a German company invests in technology development in Poland,\u201d the company\u2019s president Andrzej Durdyn said. The center will be built near ifm ecolink\u2019s plant in the Wa\u0142brzych Special Read More...","og_url":"https:\/\/archiwum.invest-park.com.pl\/en\/blog\/2015\/04\/24\/ifm-begins-construction\/","og_site_name":"WSSE &quot;INVEST-PARK&quot;. Wa\u0142brzyska Specjalna Strefa Ekonomiczna &quot;INVEST-PARK&quot;.","article_published_time":"2015-04-24T13:00:16+00:00","article_modified_time":"2015-04-24T13:01:02+00:00","og_image":[{"width":2464,"height":1195,"url":"https:\/\/archiwum.invest-park.com.pl\/wp-content\/uploads\/2015\/04\/ifm-wmurowanie-kamienia-12-e1429870281646.jpg","type":"image\/jpeg"}],"author":"Pion IT","twitter_misc":{"Written by":"Pion IT","Est. reading time":"2 minutes"},"schema":{"@context":"https:\/\/schema.org","@graph":[{"@type":"Article","@id":"https:\/\/archiwum.invest-park.com.pl\/en\/blog\/2015\/04\/24\/ifm-begins-construction\/#article","isPartOf":{"@id":"https:\/\/archiwum.invest-park.com.pl\/en\/blog\/2015\/04\/24\/ifm-begins-construction\/"},"author":{"name":"Pion IT","@id":"https:\/\/archiwum.invest-park.com.pl\/#\/schema\/person\/e1a25243ece3d709f69b2f07f15f97bd"},"headline":"ifm begins construction","datePublished":"2015-04-24T13:00:16+00:00","dateModified":"2015-04-24T13:01:02+00:00","mainEntityOfPage":{"@id":"https:\/\/archiwum.invest-park.com.pl\/en\/blog\/2015\/04\/24\/ifm-begins-construction\/"},"wordCount":403,"commentCount":0,"image":{"@id":"https:\/\/archiwum.invest-park.com.pl\/en\/blog\/2015\/04\/24\/ifm-begins-construction\/#primaryimage"},"thumbnailUrl":"https:\/\/archiwum.invest-park.com.pl\/wp-content\/uploads\/2015\/04\/ifm-wmurowanie-kamienia-12-e1429870281646.jpg","articleSection":["News"],"inLanguage":"en-US","potentialAction":[{"@type":"CommentAction","name":"Comment","target":["https:\/\/archiwum.invest-park.com.pl\/en\/blog\/2015\/04\/24\/ifm-begins-construction\/#respond"]}]},{"@type":"WebPage","@id":"https:\/\/archiwum.invest-park.com.pl\/en\/blog\/2015\/04\/24\/ifm-begins-construction\/","url":"https:\/\/archiwum.invest-park.com.pl\/en\/blog\/2015\/04\/24\/ifm-begins-construction\/","name":"ifm begins construction - WSSE &quot;INVEST-PARK&quot;. Wa\u0142brzyska Specjalna Strefa Ekonomiczna &quot;INVEST-PARK&quot;.","isPartOf":{"@id":"https:\/\/archiwum.invest-park.com.pl\/#website"},"primaryImageOfPage":{"@id":"https:\/\/archiwum.invest-park.com.pl\/en\/blog\/2015\/04\/24\/ifm-begins-construction\/#primaryimage"},"image":{"@id":"https:\/\/archiwum.invest-park.com.pl\/en\/blog\/2015\/04\/24\/ifm-begins-construction\/#primaryimage"},"thumbnailUrl":"https:\/\/archiwum.invest-park.com.pl\/wp-content\/uploads\/2015\/04\/ifm-wmurowanie-kamienia-12-e1429870281646.jpg","datePublished":"2015-04-24T13:00:16+00:00","dateModified":"2015-04-24T13:01:02+00:00","author":{"@id":"https:\/\/archiwum.invest-park.com.pl\/#\/schema\/person\/e1a25243ece3d709f69b2f07f15f97bd"},"breadcrumb":{"@id":"https:\/\/archiwum.invest-park.com.pl\/en\/blog\/2015\/04\/24\/ifm-begins-construction\/#breadcrumb"},"inLanguage":"en-US","potentialAction":[{"@type":"ReadAction","target":["https:\/\/archiwum.invest-park.com.pl\/en\/blog\/2015\/04\/24\/ifm-begins-construction\/"]}]},{"@type":"ImageObject","inLanguage":"en-US","@id":"https:\/\/archiwum.invest-park.com.pl\/en\/blog\/2015\/04\/24\/ifm-begins-construction\/#primaryimage","url":"https:\/\/archiwum.invest-park.com.pl\/wp-content\/uploads\/2015\/04\/ifm-wmurowanie-kamienia-12-e1429870281646.jpg","contentUrl":"https:\/\/archiwum.invest-park.com.pl\/wp-content\/uploads\/2015\/04\/ifm-wmurowanie-kamienia-12-e1429870281646.jpg","width":2464,"height":1195,"caption":"Ifm rozpoczyna budow\u0119"},{"@type":"BreadcrumbList","@id":"https:\/\/archiwum.invest-park.com.pl\/en\/blog\/2015\/04\/24\/ifm-begins-construction\/#breadcrumb","itemListElement":[{"@type":"ListItem","position":1,"name":"Strona g\u0142\u00f3wna","item":"https:\/\/archiwum.invest-park.com.pl\/en\/"},{"@type":"ListItem","position":2,"name":"ifm begins construction"}]},{"@type":"WebSite","@id":"https:\/\/archiwum.invest-park.com.pl\/#website","url":"https:\/\/archiwum.invest-park.com.pl\/","name":"WSSE &quot;INVEST-PARK&quot;. Wa\u0142brzyska Specjalna Strefa Ekonomiczna &quot;INVEST-PARK&quot;.","description":"Wa\u0142brzyska Specjalna Strefa Ekonomiczna to jedna z najwi\u0119kszych i najdynamiczniej rozwijaj\u0105cych si\u0119 stref ekonomicznych w Polsce | Znajd\u017a tereny inwestycyjne z ulgami podatkowymi | Dzia\u0142ki inwestycyjne | Tereny inwestycyjne | Strefy ekonomiczne w Polsce | Invest in Poland in Special Economic Zone","potentialAction":[{"@type":"SearchAction","target":{"@type":"EntryPoint","urlTemplate":"https:\/\/archiwum.invest-park.com.pl\/?s={search_term_string}"},"query-input":{"@type":"PropertyValueSpecification","valueRequired":true,"valueName":"search_term_string"}}],"inLanguage":"en-US"},{"@type":"Person","@id":"https:\/\/archiwum.invest-park.com.pl\/#\/schema\/person\/e1a25243ece3d709f69b2f07f15f97bd","name":"Pion IT","image":{"@type":"ImageObject","inLanguage":"en-US","@id":"https:\/\/secure.gravatar.com\/avatar\/c98fecba299a4b313b2b82702b1a69330e83b1d8288898b0d5a717c2eeeba508?s=96&d=mm&r=g","url":"https:\/\/secure.gravatar.com\/avatar\/c98fecba299a4b313b2b82702b1a69330e83b1d8288898b0d5a717c2eeeba508?s=96&d=mm&r=g","contentUrl":"https:\/\/secure.gravatar.com\/avatar\/c98fecba299a4b313b2b82702b1a69330e83b1d8288898b0d5a717c2eeeba508?s=96&d=mm&r=g","caption":"Pion IT"}}]}},"_links":{"self":[{"href":"https:\/\/archiwum.invest-park.com.pl\/en\/wp-json\/wp\/v2\/posts\/3668","targetHints":{"allow":["GET"]}}],"collection":[{"href":"https:\/\/archiwum.invest-park.com.pl\/en\/wp-json\/wp\/v2\/posts"}],"about":[{"href":"https:\/\/archiwum.invest-park.com.pl\/en\/wp-json\/wp\/v2\/types\/post"}],"author":[{"embeddable":true,"href":"https:\/\/archiwum.invest-park.com.pl\/en\/wp-json\/wp\/v2\/users\/1"}],"replies":[{"embeddable":true,"href":"https:\/\/archiwum.invest-park.com.pl\/en\/wp-json\/wp\/v2\/comments?post=3668"}],"version-history":[{"count":5,"href":"https:\/\/archiwum.invest-park.com.pl\/en\/wp-json\/wp\/v2\/posts\/3668\/revisions"}],"predecessor-version":[{"id":3673,"href":"https:\/\/archiwum.invest-park.com.pl\/en\/wp-json\/wp\/v2\/posts\/3668\/revisions\/3673"}],"wp:featuredmedia":[{"embeddable":true,"href":"https:\/\/archiwum.invest-park.com.pl\/en\/wp-json\/wp\/v2\/media\/3664"}],"wp:attachment":[{"href":"https:\/\/archiwum.invest-park.com.pl\/en\/wp-json\/wp\/v2\/media?parent=3668"}],"wp:term":[{"taxonomy":"category","embeddable":true,"href":"https:\/\/archiwum.invest-park.com.pl\/en\/wp-json\/wp\/v2\/categories?post=3668"},{"taxonomy":"post_tag","embeddable":true,"href":"https:\/\/archiwum.invest-park.com.pl\/en\/wp-json\/wp\/v2\/tags?post=3668"}],"curies":[{"name":"wp","href":"https:\/\/api.w.org\/{rel}","templated":true}]}}