{"id":3437,"date":"2015-03-26T07:54:39","date_gmt":"2015-03-26T06:54:39","guid":{"rendered":"https:\/\/invest-park.com.pl\/?p=3437"},"modified":"2015-03-26T07:54:39","modified_gmt":"2015-03-26T06:54:39","slug":"nifcos-new-facility-is-now-open","status":"publish","type":"post","link":"https:\/\/archiwum.invest-park.com.pl\/en\/blog\/2015\/03\/26\/nifcos-new-facility-is-now-open\/","title":{"rendered":"NIFCO\u2019S NEW FACILITY IS NOW OPEN"},"content":{"rendered":"<p>Kagami-wari, which is a Japanese traditional ceremony of breaking of a cask of sake, is supposed to bring good luck and good fortunes to the most recent investment project of Nifco Poland sp. z o.o., a company functioning within the Wa\u0142brzych Special Economic Zone in \u015awidnica. Among the guests invited to the opening of the new production floor were Deputy Minister of Economy Ilona Antoniszyn-Klik, President of the WSEZ \u201cINVEST-PARK\u201d Barbara Ka\u015bnikowska, Mayor of \u015awidnica Beata Moskal-S\u0142aniewska and representatives of the contractor.<\/p>\n<p><!--more--><\/p>\n<p>The construction of the new plant took less than a year.<br \/>\n\u201cWhen we dug the first spade in March, 2014, the new production floor was just an idea,\u201d said President of Nifco Poland Siegfried Baier. \u201cHowever, this place is more than just a typical production floor. We are going to introduce new production technologies here, we will have a paint shop to extend the production of a new range of components, and we are also developing project management and the technical department. This place is of key strategic importance to Nifco \u2013 it is here that we are going to further develop our business,\u201d Mr. Baier added.<br \/>\nThe new facility will translate into increased production volumes and workforce. Almost 400 people are already working for Nifco Poland. As Deputy Minister of Economy Ilona Antoniszyn-Klik emphasized, supporting the development of knowledge-based companies is one of the priorities of her ministry.<br \/>\n\u201cWe are preparing a new strategy of Polish economic policy for the next few years. We are putting huge emphasis on innovativeness. We would like to support companies in a way that would generate jobs connected with creativity, that would lead to the creation of R&amp;D centers. Within the Intelligent Development Operational Program, we will allocate more than \u20ac 10 billion to investors and companies that will want to develop their innovative operations,\u201d Mrs. Antoniszyn-Klik said.<br \/>\nThe invited guests stressed the importance of the new facility not only for Nifco, but for the development of the entire region.<br \/>\n\u201cI am glad to see that a Japanese company that has decided to invest in Poland is now growing, developing, generating jobs and positively influencing the local community and economy. I would like to congratulate you on your steady growth and I hope it will continue in the future,\u201d President of the WSEZ \u201cINVEST-PARK\u201d Barbara Ka\u015bnikowska said. She presented the company with a commemorative agate, whose Greek name means \u201cbestower of goodness\u201d, and added that Nifco is precisely this kind of investor who creates and spreads goodness in the region.<br \/>\nNifco is a corporation that was set up in 1967. Today it has several dozen factories in 14 countries in Asia, America and Europe, and employs more than eight thousand workers. The Japanese company is a leading producer of components for the automotive industry, especially plastic elements for firms such as Ford, Suzuki, Skoda, Porsche, Hyundai and Toyota. The company has functioned in Poland since 2006, when its first factory opened in the \u015awidnica Subzone of the Wa\u0142brzych Special Economic Zone \u201cINVEST-PARK\u201d. Since then, Nifco has received five permits to conduct business activity in the WSEZ. The total cost of the investment is almost 140 million zlotys. The company has declared its willingness to take on almost 450 new employees.<\/p>\n","protected":false},"excerpt":{"rendered":"<p>Kagami-wari, which is a Japanese traditional ceremony of breaking of a cask of sake, is supposed to bring good luck and good fortunes to the most recent investment project of Nifco Poland sp. z o.o., a company functioning within the Wa\u0142brzych Special Economic Zone in \u015awidnica. Among the guests invited to the opening of the <\/p>\n<p class=\"text-right\"><a class=\"btn btn-secondary understrap-read-more-link\" href=\"https:\/\/archiwum.invest-park.com.pl\/en\/blog\/2015\/03\/26\/nifcos-new-facility-is-now-open\/\">Read More&#8230;<\/a><\/p>\n","protected":false},"author":9,"featured_media":3407,"comment_status":"open","ping_status":"closed","sticky":false,"template":"","format":"standard","meta":{"_acf_changed":false,"footnotes":""},"categories":[85],"tags":[],"class_list":["post-3437","post","type-post","status-publish","format-standard","has-post-thumbnail","hentry","category-news"],"acf":[],"yoast_head":"<!-- This site is optimized with the Yoast SEO plugin v27.5 - https:\/\/yoast.com\/product\/yoast-seo-wordpress\/ -->\n<title>NIFCO\u2019S NEW FACILITY IS NOW OPEN - WSSE &quot;INVEST-PARK&quot;. Wa\u0142brzyska Specjalna Strefa Ekonomiczna &quot;INVEST-PARK&quot;.<\/title>\n<meta name=\"robots\" content=\"index, follow, max-snippet:-1, max-image-preview:large, max-video-preview:-1\" \/>\n<link rel=\"canonical\" href=\"https:\/\/archiwum.invest-park.com.pl\/en\/blog\/2015\/03\/26\/nifcos-new-facility-is-now-open\/\" \/>\n<meta property=\"og:locale\" content=\"en_US\" \/>\n<meta property=\"og:type\" content=\"article\" \/>\n<meta property=\"og:title\" content=\"NIFCO\u2019S NEW FACILITY IS NOW OPEN - WSSE &quot;INVEST-PARK&quot;. Wa\u0142brzyska Specjalna Strefa Ekonomiczna &quot;INVEST-PARK&quot;.\" \/>\n<meta property=\"og:description\" content=\"Kagami-wari, which is a Japanese traditional ceremony of breaking of a cask of sake, is supposed to bring good luck and good fortunes to the most recent investment project of Nifco Poland sp. z o.o., a company functioning within the Wa\u0142brzych Special Economic Zone in \u015awidnica. Among the guests invited to the opening of the Read More...\" \/>\n<meta property=\"og:url\" content=\"https:\/\/archiwum.invest-park.com.pl\/en\/blog\/2015\/03\/26\/nifcos-new-facility-is-now-open\/\" \/>\n<meta property=\"og:site_name\" content=\"WSSE &quot;INVEST-PARK&quot;. Wa\u0142brzyska Specjalna Strefa Ekonomiczna &quot;INVEST-PARK&quot;.\" \/>\n<meta property=\"article:published_time\" content=\"2015-03-26T06:54:39+00:00\" \/>\n<meta property=\"og:image\" content=\"https:\/\/archiwum.invest-park.com.pl\/wp-content\/uploads\/2015\/03\/rozbicie-beczki21-e1427138253493.jpg\" \/>\n\t<meta property=\"og:image:width\" content=\"2386\" \/>\n\t<meta property=\"og:image:height\" content=\"1050\" \/>\n\t<meta property=\"og:image:type\" content=\"image\/jpeg\" \/>\n<meta name=\"author\" content=\"Monika Korzewicz\" \/>\n<meta name=\"twitter:label1\" content=\"Written by\" \/>\n\t<meta name=\"twitter:data1\" content=\"Monika Korzewicz\" \/>\n\t<meta name=\"twitter:label2\" content=\"Est. reading time\" \/>\n\t<meta name=\"twitter:data2\" content=\"3 minutes\" \/>\n<script type=\"application\/ld+json\" class=\"yoast-schema-graph\">{\"@context\":\"https:\\\/\\\/schema.org\",\"@graph\":[{\"@type\":\"Article\",\"@id\":\"https:\\\/\\\/archiwum.invest-park.com.pl\\\/en\\\/blog\\\/2015\\\/03\\\/26\\\/nifcos-new-facility-is-now-open\\\/#article\",\"isPartOf\":{\"@id\":\"https:\\\/\\\/archiwum.invest-park.com.pl\\\/en\\\/blog\\\/2015\\\/03\\\/26\\\/nifcos-new-facility-is-now-open\\\/\"},\"author\":{\"name\":\"Monika Korzewicz\",\"@id\":\"https:\\\/\\\/archiwum.invest-park.com.pl\\\/#\\\/schema\\\/person\\\/7fac31842567567785585faa767b3799\"},\"headline\":\"NIFCO\u2019S NEW FACILITY IS NOW OPEN\",\"datePublished\":\"2015-03-26T06:54:39+00:00\",\"mainEntityOfPage\":{\"@id\":\"https:\\\/\\\/archiwum.invest-park.com.pl\\\/en\\\/blog\\\/2015\\\/03\\\/26\\\/nifcos-new-facility-is-now-open\\\/\"},\"wordCount\":544,\"commentCount\":0,\"image\":{\"@id\":\"https:\\\/\\\/archiwum.invest-park.com.pl\\\/en\\\/blog\\\/2015\\\/03\\\/26\\\/nifcos-new-facility-is-now-open\\\/#primaryimage\"},\"thumbnailUrl\":\"https:\\\/\\\/archiwum.invest-park.com.pl\\\/wp-content\\\/uploads\\\/2015\\\/03\\\/rozbicie-beczki21-e1427138253493.jpg\",\"articleSection\":[\"News\"],\"inLanguage\":\"en-US\",\"potentialAction\":[{\"@type\":\"CommentAction\",\"name\":\"Comment\",\"target\":[\"https:\\\/\\\/archiwum.invest-park.com.pl\\\/en\\\/blog\\\/2015\\\/03\\\/26\\\/nifcos-new-facility-is-now-open\\\/#respond\"]}]},{\"@type\":\"WebPage\",\"@id\":\"https:\\\/\\\/archiwum.invest-park.com.pl\\\/en\\\/blog\\\/2015\\\/03\\\/26\\\/nifcos-new-facility-is-now-open\\\/\",\"url\":\"https:\\\/\\\/archiwum.invest-park.com.pl\\\/en\\\/blog\\\/2015\\\/03\\\/26\\\/nifcos-new-facility-is-now-open\\\/\",\"name\":\"NIFCO\u2019S NEW FACILITY IS NOW OPEN - WSSE &quot;INVEST-PARK&quot;. Wa\u0142brzyska Specjalna Strefa Ekonomiczna &quot;INVEST-PARK&quot;.\",\"isPartOf\":{\"@id\":\"https:\\\/\\\/archiwum.invest-park.com.pl\\\/#website\"},\"primaryImageOfPage\":{\"@id\":\"https:\\\/\\\/archiwum.invest-park.com.pl\\\/en\\\/blog\\\/2015\\\/03\\\/26\\\/nifcos-new-facility-is-now-open\\\/#primaryimage\"},\"image\":{\"@id\":\"https:\\\/\\\/archiwum.invest-park.com.pl\\\/en\\\/blog\\\/2015\\\/03\\\/26\\\/nifcos-new-facility-is-now-open\\\/#primaryimage\"},\"thumbnailUrl\":\"https:\\\/\\\/archiwum.invest-park.com.pl\\\/wp-content\\\/uploads\\\/2015\\\/03\\\/rozbicie-beczki21-e1427138253493.jpg\",\"datePublished\":\"2015-03-26T06:54:39+00:00\",\"author\":{\"@id\":\"https:\\\/\\\/archiwum.invest-park.com.pl\\\/#\\\/schema\\\/person\\\/7fac31842567567785585faa767b3799\"},\"breadcrumb\":{\"@id\":\"https:\\\/\\\/archiwum.invest-park.com.pl\\\/en\\\/blog\\\/2015\\\/03\\\/26\\\/nifcos-new-facility-is-now-open\\\/#breadcrumb\"},\"inLanguage\":\"en-US\",\"potentialAction\":[{\"@type\":\"ReadAction\",\"target\":[\"https:\\\/\\\/archiwum.invest-park.com.pl\\\/en\\\/blog\\\/2015\\\/03\\\/26\\\/nifcos-new-facility-is-now-open\\\/\"]}]},{\"@type\":\"ImageObject\",\"inLanguage\":\"en-US\",\"@id\":\"https:\\\/\\\/archiwum.invest-park.com.pl\\\/en\\\/blog\\\/2015\\\/03\\\/26\\\/nifcos-new-facility-is-now-open\\\/#primaryimage\",\"url\":\"https:\\\/\\\/archiwum.invest-park.com.pl\\\/wp-content\\\/uploads\\\/2015\\\/03\\\/rozbicie-beczki21-e1427138253493.jpg\",\"contentUrl\":\"https:\\\/\\\/archiwum.invest-park.com.pl\\\/wp-content\\\/uploads\\\/2015\\\/03\\\/rozbicie-beczki21-e1427138253493.jpg\",\"width\":2386,\"height\":1050,\"caption\":\"Kagami-wari\"},{\"@type\":\"BreadcrumbList\",\"@id\":\"https:\\\/\\\/archiwum.invest-park.com.pl\\\/en\\\/blog\\\/2015\\\/03\\\/26\\\/nifcos-new-facility-is-now-open\\\/#breadcrumb\",\"itemListElement\":[{\"@type\":\"ListItem\",\"position\":1,\"name\":\"Strona g\u0142\u00f3wna\",\"item\":\"https:\\\/\\\/archiwum.invest-park.com.pl\\\/en\\\/\"},{\"@type\":\"ListItem\",\"position\":2,\"name\":\"NIFCO\u2019S NEW FACILITY IS NOW OPEN\"}]},{\"@type\":\"WebSite\",\"@id\":\"https:\\\/\\\/archiwum.invest-park.com.pl\\\/#website\",\"url\":\"https:\\\/\\\/archiwum.invest-park.com.pl\\\/\",\"name\":\"WSSE &quot;INVEST-PARK&quot;. Wa\u0142brzyska Specjalna Strefa Ekonomiczna &quot;INVEST-PARK&quot;.\",\"description\":\"Wa\u0142brzyska Specjalna Strefa Ekonomiczna to jedna z najwi\u0119kszych i najdynamiczniej rozwijaj\u0105cych si\u0119 stref ekonomicznych w Polsce | Znajd\u017a tereny inwestycyjne z ulgami podatkowymi | Dzia\u0142ki inwestycyjne | Tereny inwestycyjne | Strefy ekonomiczne w Polsce | Invest in Poland in Special Economic Zone\",\"potentialAction\":[{\"@type\":\"SearchAction\",\"target\":{\"@type\":\"EntryPoint\",\"urlTemplate\":\"https:\\\/\\\/archiwum.invest-park.com.pl\\\/?s={search_term_string}\"},\"query-input\":{\"@type\":\"PropertyValueSpecification\",\"valueRequired\":true,\"valueName\":\"search_term_string\"}}],\"inLanguage\":\"en-US\"},{\"@type\":\"Person\",\"@id\":\"https:\\\/\\\/archiwum.invest-park.com.pl\\\/#\\\/schema\\\/person\\\/7fac31842567567785585faa767b3799\",\"name\":\"Monika Korzewicz\",\"image\":{\"@type\":\"ImageObject\",\"inLanguage\":\"en-US\",\"@id\":\"https:\\\/\\\/secure.gravatar.com\\\/avatar\\\/0191998b38ea1a54f1b84bf3642a319fc1063760e8d786b3e2c643f50bbafea7?s=96&d=mm&r=g\",\"url\":\"https:\\\/\\\/secure.gravatar.com\\\/avatar\\\/0191998b38ea1a54f1b84bf3642a319fc1063760e8d786b3e2c643f50bbafea7?s=96&d=mm&r=g\",\"contentUrl\":\"https:\\\/\\\/secure.gravatar.com\\\/avatar\\\/0191998b38ea1a54f1b84bf3642a319fc1063760e8d786b3e2c643f50bbafea7?s=96&d=mm&r=g\",\"caption\":\"Monika Korzewicz\"}}]}<\/script>\n<!-- \/ Yoast SEO plugin. -->","yoast_head_json":{"title":"NIFCO\u2019S NEW FACILITY IS NOW OPEN - WSSE &quot;INVEST-PARK&quot;. Wa\u0142brzyska Specjalna Strefa Ekonomiczna &quot;INVEST-PARK&quot;.","robots":{"index":"index","follow":"follow","max-snippet":"max-snippet:-1","max-image-preview":"max-image-preview:large","max-video-preview":"max-video-preview:-1"},"canonical":"https:\/\/archiwum.invest-park.com.pl\/en\/blog\/2015\/03\/26\/nifcos-new-facility-is-now-open\/","og_locale":"en_US","og_type":"article","og_title":"NIFCO\u2019S NEW FACILITY IS NOW OPEN - WSSE &quot;INVEST-PARK&quot;. Wa\u0142brzyska Specjalna Strefa Ekonomiczna &quot;INVEST-PARK&quot;.","og_description":"Kagami-wari, which is a Japanese traditional ceremony of breaking of a cask of sake, is supposed to bring good luck and good fortunes to the most recent investment project of Nifco Poland sp. z o.o., a company functioning within the Wa\u0142brzych Special Economic Zone in \u015awidnica. Among the guests invited to the opening of the Read More...","og_url":"https:\/\/archiwum.invest-park.com.pl\/en\/blog\/2015\/03\/26\/nifcos-new-facility-is-now-open\/","og_site_name":"WSSE &quot;INVEST-PARK&quot;. Wa\u0142brzyska Specjalna Strefa Ekonomiczna &quot;INVEST-PARK&quot;.","article_published_time":"2015-03-26T06:54:39+00:00","og_image":[{"width":2386,"height":1050,"url":"https:\/\/archiwum.invest-park.com.pl\/wp-content\/uploads\/2015\/03\/rozbicie-beczki21-e1427138253493.jpg","type":"image\/jpeg"}],"author":"Monika Korzewicz","twitter_misc":{"Written by":"Monika Korzewicz","Est. reading time":"3 minutes"},"schema":{"@context":"https:\/\/schema.org","@graph":[{"@type":"Article","@id":"https:\/\/archiwum.invest-park.com.pl\/en\/blog\/2015\/03\/26\/nifcos-new-facility-is-now-open\/#article","isPartOf":{"@id":"https:\/\/archiwum.invest-park.com.pl\/en\/blog\/2015\/03\/26\/nifcos-new-facility-is-now-open\/"},"author":{"name":"Monika Korzewicz","@id":"https:\/\/archiwum.invest-park.com.pl\/#\/schema\/person\/7fac31842567567785585faa767b3799"},"headline":"NIFCO\u2019S NEW FACILITY IS NOW OPEN","datePublished":"2015-03-26T06:54:39+00:00","mainEntityOfPage":{"@id":"https:\/\/archiwum.invest-park.com.pl\/en\/blog\/2015\/03\/26\/nifcos-new-facility-is-now-open\/"},"wordCount":544,"commentCount":0,"image":{"@id":"https:\/\/archiwum.invest-park.com.pl\/en\/blog\/2015\/03\/26\/nifcos-new-facility-is-now-open\/#primaryimage"},"thumbnailUrl":"https:\/\/archiwum.invest-park.com.pl\/wp-content\/uploads\/2015\/03\/rozbicie-beczki21-e1427138253493.jpg","articleSection":["News"],"inLanguage":"en-US","potentialAction":[{"@type":"CommentAction","name":"Comment","target":["https:\/\/archiwum.invest-park.com.pl\/en\/blog\/2015\/03\/26\/nifcos-new-facility-is-now-open\/#respond"]}]},{"@type":"WebPage","@id":"https:\/\/archiwum.invest-park.com.pl\/en\/blog\/2015\/03\/26\/nifcos-new-facility-is-now-open\/","url":"https:\/\/archiwum.invest-park.com.pl\/en\/blog\/2015\/03\/26\/nifcos-new-facility-is-now-open\/","name":"NIFCO\u2019S NEW FACILITY IS NOW OPEN - WSSE &quot;INVEST-PARK&quot;. Wa\u0142brzyska Specjalna Strefa Ekonomiczna &quot;INVEST-PARK&quot;.","isPartOf":{"@id":"https:\/\/archiwum.invest-park.com.pl\/#website"},"primaryImageOfPage":{"@id":"https:\/\/archiwum.invest-park.com.pl\/en\/blog\/2015\/03\/26\/nifcos-new-facility-is-now-open\/#primaryimage"},"image":{"@id":"https:\/\/archiwum.invest-park.com.pl\/en\/blog\/2015\/03\/26\/nifcos-new-facility-is-now-open\/#primaryimage"},"thumbnailUrl":"https:\/\/archiwum.invest-park.com.pl\/wp-content\/uploads\/2015\/03\/rozbicie-beczki21-e1427138253493.jpg","datePublished":"2015-03-26T06:54:39+00:00","author":{"@id":"https:\/\/archiwum.invest-park.com.pl\/#\/schema\/person\/7fac31842567567785585faa767b3799"},"breadcrumb":{"@id":"https:\/\/archiwum.invest-park.com.pl\/en\/blog\/2015\/03\/26\/nifcos-new-facility-is-now-open\/#breadcrumb"},"inLanguage":"en-US","potentialAction":[{"@type":"ReadAction","target":["https:\/\/archiwum.invest-park.com.pl\/en\/blog\/2015\/03\/26\/nifcos-new-facility-is-now-open\/"]}]},{"@type":"ImageObject","inLanguage":"en-US","@id":"https:\/\/archiwum.invest-park.com.pl\/en\/blog\/2015\/03\/26\/nifcos-new-facility-is-now-open\/#primaryimage","url":"https:\/\/archiwum.invest-park.com.pl\/wp-content\/uploads\/2015\/03\/rozbicie-beczki21-e1427138253493.jpg","contentUrl":"https:\/\/archiwum.invest-park.com.pl\/wp-content\/uploads\/2015\/03\/rozbicie-beczki21-e1427138253493.jpg","width":2386,"height":1050,"caption":"Kagami-wari"},{"@type":"BreadcrumbList","@id":"https:\/\/archiwum.invest-park.com.pl\/en\/blog\/2015\/03\/26\/nifcos-new-facility-is-now-open\/#breadcrumb","itemListElement":[{"@type":"ListItem","position":1,"name":"Strona g\u0142\u00f3wna","item":"https:\/\/archiwum.invest-park.com.pl\/en\/"},{"@type":"ListItem","position":2,"name":"NIFCO\u2019S NEW FACILITY IS NOW OPEN"}]},{"@type":"WebSite","@id":"https:\/\/archiwum.invest-park.com.pl\/#website","url":"https:\/\/archiwum.invest-park.com.pl\/","name":"WSSE &quot;INVEST-PARK&quot;. Wa\u0142brzyska Specjalna Strefa Ekonomiczna &quot;INVEST-PARK&quot;.","description":"Wa\u0142brzyska Specjalna Strefa Ekonomiczna to jedna z najwi\u0119kszych i najdynamiczniej rozwijaj\u0105cych si\u0119 stref ekonomicznych w Polsce | Znajd\u017a tereny inwestycyjne z ulgami podatkowymi | Dzia\u0142ki inwestycyjne | Tereny inwestycyjne | Strefy ekonomiczne w Polsce | Invest in Poland in Special Economic Zone","potentialAction":[{"@type":"SearchAction","target":{"@type":"EntryPoint","urlTemplate":"https:\/\/archiwum.invest-park.com.pl\/?s={search_term_string}"},"query-input":{"@type":"PropertyValueSpecification","valueRequired":true,"valueName":"search_term_string"}}],"inLanguage":"en-US"},{"@type":"Person","@id":"https:\/\/archiwum.invest-park.com.pl\/#\/schema\/person\/7fac31842567567785585faa767b3799","name":"Monika Korzewicz","image":{"@type":"ImageObject","inLanguage":"en-US","@id":"https:\/\/secure.gravatar.com\/avatar\/0191998b38ea1a54f1b84bf3642a319fc1063760e8d786b3e2c643f50bbafea7?s=96&d=mm&r=g","url":"https:\/\/secure.gravatar.com\/avatar\/0191998b38ea1a54f1b84bf3642a319fc1063760e8d786b3e2c643f50bbafea7?s=96&d=mm&r=g","contentUrl":"https:\/\/secure.gravatar.com\/avatar\/0191998b38ea1a54f1b84bf3642a319fc1063760e8d786b3e2c643f50bbafea7?s=96&d=mm&r=g","caption":"Monika Korzewicz"}}]}},"_links":{"self":[{"href":"https:\/\/archiwum.invest-park.com.pl\/en\/wp-json\/wp\/v2\/posts\/3437","targetHints":{"allow":["GET"]}}],"collection":[{"href":"https:\/\/archiwum.invest-park.com.pl\/en\/wp-json\/wp\/v2\/posts"}],"about":[{"href":"https:\/\/archiwum.invest-park.com.pl\/en\/wp-json\/wp\/v2\/types\/post"}],"author":[{"embeddable":true,"href":"https:\/\/archiwum.invest-park.com.pl\/en\/wp-json\/wp\/v2\/users\/9"}],"replies":[{"embeddable":true,"href":"https:\/\/archiwum.invest-park.com.pl\/en\/wp-json\/wp\/v2\/comments?post=3437"}],"version-history":[{"count":1,"href":"https:\/\/archiwum.invest-park.com.pl\/en\/wp-json\/wp\/v2\/posts\/3437\/revisions"}],"predecessor-version":[{"id":3438,"href":"https:\/\/archiwum.invest-park.com.pl\/en\/wp-json\/wp\/v2\/posts\/3437\/revisions\/3438"}],"wp:featuredmedia":[{"embeddable":true,"href":"https:\/\/archiwum.invest-park.com.pl\/en\/wp-json\/wp\/v2\/media\/3407"}],"wp:attachment":[{"href":"https:\/\/archiwum.invest-park.com.pl\/en\/wp-json\/wp\/v2\/media?parent=3437"}],"wp:term":[{"taxonomy":"category","embeddable":true,"href":"https:\/\/archiwum.invest-park.com.pl\/en\/wp-json\/wp\/v2\/categories?post=3437"},{"taxonomy":"post_tag","embeddable":true,"href":"https:\/\/archiwum.invest-park.com.pl\/en\/wp-json\/wp\/v2\/tags?post=3437"}],"curies":[{"name":"wp","href":"https:\/\/api.w.org\/{rel}","templated":true}]}}