{"id":3282,"date":"2015-03-17T10:39:35","date_gmt":"2015-03-17T09:39:35","guid":{"rendered":"https:\/\/invest-park.com.pl\/?p=3282"},"modified":"2015-03-18T11:28:41","modified_gmt":"2015-03-18T10:28:41","slug":"the-agency-office-in-wrzesnia-is-now-running","status":"publish","type":"post","link":"https:\/\/archiwum.invest-park.com.pl\/en\/blog\/2015\/03\/17\/the-agency-office-in-wrzesnia-is-now-running\/","title":{"rendered":"The Agency Office in Wrze\u015bnia is now running"},"content":{"rendered":"<p><strong>Today is a very important day not only for the inhabitants of Wrze\u015bnia but also of the entire Wielkopolska Province &#8211; said during the opining of WSEZ office And\u017celika Mo\u017cd\u017canowska, a Senator and a Minister in the prime minister&#8217;s office. To more quickly and efficiently answer to the needs of the investors Wa\u0142brzych Sepcial Economic Zone &#8220;INVEST-PARK&#8221; decided to open a next agency office.<\/strong><!--more--><\/p>\n<p>In Wielkopolskie Province there are plots in Jarocin, Kalisz, Ko\u015bcian, Krotoszyn, Leszno, Rawicz, \u015arem and Wrze\u015bnia that are incorporated into the territory of Wa\u0142brzych&#8217;s zone. In the last one the Wrze\u015bnia&#8217;s Economic Activity Zone was established where the biggest investment of the last decade in Europe is being created &#8211; the factory of Volkswagen Crafter cars. Around the factory that is being build WSEZ has about 250 acres (100 ha) of investment lads. In total in Wielkopolskie Province Wa\u0142brzych&#8217;s zone has over 370 acres (150 ha) of land.<\/p>\n<blockquote><p>The external office will definitely increase our accessibility. Monthly we have between ten and twenty meetings with entrepreneurs interested in investing in Wielkopolska and Wa\u0142brzych if over 250 km away from Wrze\u015bnia &#8211; explains Barbara Ka\u015bnikowska, the President of WSEZ &#8220;INVEST-PARK&#8221;.<\/p><\/blockquote>\n<blockquote><p>&#8211; Each decision brings consequences. To have proper work effects there needs to be great dedication of human potential. We can be proud looking at the ranking where WSEZ was placed in the fourth position in Europe and twenty second in the World among 600 investment zones. As a person that comes from Wielkopolska Province I always said that Poland begins here, in our thrift, rationality and commitment to work &#8211; said during the opening a Senator and a Minister And\u017celika Mo\u017cd\u017canowska.<\/p><\/blockquote>\n<p>The office in Wrze\u015bnia is situated on Chopina Street 8. It is the fourth agency office of Wa\u0142brzych&#8217;s zone. Besides the main headquarters in Wa\u0142brzych, &#8220;INVEST-PARK&#8221; also runs offices in K\u0142odzko, Wroc\u0142aw and Opole.<\/p>\n","protected":false},"excerpt":{"rendered":"<p>Today is a very important day not only for the inhabitants of Wrze\u015bnia but also of the entire Wielkopolska Province &#8211; said during the opining of WSEZ office And\u017celika Mo\u017cd\u017canowska, a Senator and a Minister in the prime minister&#8217;s office. To more quickly and efficiently answer to the needs of the investors Wa\u0142brzych Sepcial Economic <\/p>\n<p class=\"text-right\"><a class=\"btn btn-secondary understrap-read-more-link\" href=\"https:\/\/archiwum.invest-park.com.pl\/en\/blog\/2015\/03\/17\/the-agency-office-in-wrzesnia-is-now-running\/\">Read More&#8230;<\/a><\/p>\n","protected":false},"author":12,"featured_media":3238,"comment_status":"open","ping_status":"closed","sticky":false,"template":"","format":"standard","meta":{"_acf_changed":false,"footnotes":""},"categories":[85],"tags":[],"class_list":["post-3282","post","type-post","status-publish","format-standard","has-post-thumbnail","hentry","category-news"],"acf":[],"yoast_head":"<!-- This site is optimized with the Yoast SEO plugin v27.5 - https:\/\/yoast.com\/product\/yoast-seo-wordpress\/ -->\n<title>The Agency Office in Wrze\u015bnia is now running - WSSE Invest-Park<\/title>\n<meta name=\"robots\" content=\"index, follow, max-snippet:-1, max-image-preview:large, max-video-preview:-1\" \/>\n<link rel=\"canonical\" href=\"https:\/\/archiwum.invest-park.com.pl\/en\/blog\/2015\/03\/17\/the-agency-office-in-wrzesnia-is-now-running\/\" \/>\n<meta property=\"og:locale\" content=\"en_US\" \/>\n<meta property=\"og:type\" content=\"article\" \/>\n<meta property=\"og:title\" content=\"The Agency Office in Wrze\u015bnia is now running - WSSE Invest-Park\" \/>\n<meta property=\"og:description\" content=\"Today is a very important day not only for the inhabitants of Wrze\u015bnia but also of the entire Wielkopolska Province &#8211; said during the opining of WSEZ office And\u017celika Mo\u017cd\u017canowska, a Senator and a Minister in the prime minister&#8217;s office. To more quickly and efficiently answer to the needs of the investors Wa\u0142brzych Sepcial Economic Read More...\" \/>\n<meta property=\"og:url\" content=\"https:\/\/archiwum.invest-park.com.pl\/en\/blog\/2015\/03\/17\/the-agency-office-in-wrzesnia-is-now-running\/\" \/>\n<meta property=\"og:site_name\" content=\"WSSE &quot;INVEST-PARK&quot;. Wa\u0142brzyska Specjalna Strefa Ekonomiczna &quot;INVEST-PARK&quot;.\" \/>\n<meta property=\"article:published_time\" content=\"2015-03-17T09:39:35+00:00\" \/>\n<meta property=\"article:modified_time\" content=\"2015-03-18T10:28:41+00:00\" \/>\n<meta property=\"og:image\" content=\"https:\/\/archiwum.invest-park.com.pl\/wp-content\/uploads\/2015\/03\/Wrzesnia-otwarcie-biura-e1426254918883.jpg\" \/>\n\t<meta property=\"og:image:width\" content=\"2464\" \/>\n\t<meta property=\"og:image:height\" content=\"973\" \/>\n\t<meta property=\"og:image:type\" content=\"image\/jpeg\" \/>\n<meta name=\"author\" content=\"Jacek Serdeczny\" \/>\n<meta name=\"twitter:label1\" content=\"Written by\" \/>\n\t<meta name=\"twitter:data1\" content=\"Jacek Serdeczny\" \/>\n\t<meta name=\"twitter:label2\" content=\"Est. reading time\" \/>\n\t<meta name=\"twitter:data2\" content=\"2 minutes\" \/>\n<script type=\"application\/ld+json\" class=\"yoast-schema-graph\">{\"@context\":\"https:\\\/\\\/schema.org\",\"@graph\":[{\"@type\":\"Article\",\"@id\":\"https:\\\/\\\/archiwum.invest-park.com.pl\\\/en\\\/blog\\\/2015\\\/03\\\/17\\\/the-agency-office-in-wrzesnia-is-now-running\\\/#article\",\"isPartOf\":{\"@id\":\"https:\\\/\\\/archiwum.invest-park.com.pl\\\/en\\\/blog\\\/2015\\\/03\\\/17\\\/the-agency-office-in-wrzesnia-is-now-running\\\/\"},\"author\":{\"name\":\"Jacek Serdeczny\",\"@id\":\"https:\\\/\\\/archiwum.invest-park.com.pl\\\/#\\\/schema\\\/person\\\/6511ba9117ee9e2dbf5261fdb102ac14\"},\"headline\":\"The Agency Office in Wrze\u015bnia is now running\",\"datePublished\":\"2015-03-17T09:39:35+00:00\",\"dateModified\":\"2015-03-18T10:28:41+00:00\",\"mainEntityOfPage\":{\"@id\":\"https:\\\/\\\/archiwum.invest-park.com.pl\\\/en\\\/blog\\\/2015\\\/03\\\/17\\\/the-agency-office-in-wrzesnia-is-now-running\\\/\"},\"wordCount\":332,\"commentCount\":0,\"image\":{\"@id\":\"https:\\\/\\\/archiwum.invest-park.com.pl\\\/en\\\/blog\\\/2015\\\/03\\\/17\\\/the-agency-office-in-wrzesnia-is-now-running\\\/#primaryimage\"},\"thumbnailUrl\":\"https:\\\/\\\/archiwum.invest-park.com.pl\\\/wp-content\\\/uploads\\\/2015\\\/03\\\/Wrzesnia-otwarcie-biura-e1426254918883.jpg\",\"articleSection\":[\"News\"],\"inLanguage\":\"en-US\",\"potentialAction\":[{\"@type\":\"CommentAction\",\"name\":\"Comment\",\"target\":[\"https:\\\/\\\/archiwum.invest-park.com.pl\\\/en\\\/blog\\\/2015\\\/03\\\/17\\\/the-agency-office-in-wrzesnia-is-now-running\\\/#respond\"]}]},{\"@type\":\"WebPage\",\"@id\":\"https:\\\/\\\/archiwum.invest-park.com.pl\\\/en\\\/blog\\\/2015\\\/03\\\/17\\\/the-agency-office-in-wrzesnia-is-now-running\\\/\",\"url\":\"https:\\\/\\\/archiwum.invest-park.com.pl\\\/en\\\/blog\\\/2015\\\/03\\\/17\\\/the-agency-office-in-wrzesnia-is-now-running\\\/\",\"name\":\"The Agency Office in Wrze\u015bnia is now running - WSSE Invest-Park\",\"isPartOf\":{\"@id\":\"https:\\\/\\\/archiwum.invest-park.com.pl\\\/#website\"},\"primaryImageOfPage\":{\"@id\":\"https:\\\/\\\/archiwum.invest-park.com.pl\\\/en\\\/blog\\\/2015\\\/03\\\/17\\\/the-agency-office-in-wrzesnia-is-now-running\\\/#primaryimage\"},\"image\":{\"@id\":\"https:\\\/\\\/archiwum.invest-park.com.pl\\\/en\\\/blog\\\/2015\\\/03\\\/17\\\/the-agency-office-in-wrzesnia-is-now-running\\\/#primaryimage\"},\"thumbnailUrl\":\"https:\\\/\\\/archiwum.invest-park.com.pl\\\/wp-content\\\/uploads\\\/2015\\\/03\\\/Wrzesnia-otwarcie-biura-e1426254918883.jpg\",\"datePublished\":\"2015-03-17T09:39:35+00:00\",\"dateModified\":\"2015-03-18T10:28:41+00:00\",\"author\":{\"@id\":\"https:\\\/\\\/archiwum.invest-park.com.pl\\\/#\\\/schema\\\/person\\\/6511ba9117ee9e2dbf5261fdb102ac14\"},\"breadcrumb\":{\"@id\":\"https:\\\/\\\/archiwum.invest-park.com.pl\\\/en\\\/blog\\\/2015\\\/03\\\/17\\\/the-agency-office-in-wrzesnia-is-now-running\\\/#breadcrumb\"},\"inLanguage\":\"en-US\",\"potentialAction\":[{\"@type\":\"ReadAction\",\"target\":[\"https:\\\/\\\/archiwum.invest-park.com.pl\\\/en\\\/blog\\\/2015\\\/03\\\/17\\\/the-agency-office-in-wrzesnia-is-now-running\\\/\"]}]},{\"@type\":\"ImageObject\",\"inLanguage\":\"en-US\",\"@id\":\"https:\\\/\\\/archiwum.invest-park.com.pl\\\/en\\\/blog\\\/2015\\\/03\\\/17\\\/the-agency-office-in-wrzesnia-is-now-running\\\/#primaryimage\",\"url\":\"https:\\\/\\\/archiwum.invest-park.com.pl\\\/wp-content\\\/uploads\\\/2015\\\/03\\\/Wrzesnia-otwarcie-biura-e1426254918883.jpg\",\"contentUrl\":\"https:\\\/\\\/archiwum.invest-park.com.pl\\\/wp-content\\\/uploads\\\/2015\\\/03\\\/Wrzesnia-otwarcie-biura-e1426254918883.jpg\",\"width\":2464,\"height\":973,\"caption\":\"- Dzi\u015b jest bardzo wa\u017cny dzie\u0144 nie tylko dla mieszka\u0144c\u00f3w Wrze\u015bni, ale r\u00f3wnie\u017c dla ca\u0142ej Wielkopolski \u2013 m\u00f3wi\u0142a podczas uroczysto\u015bci otwarcia biura WSSE, senator i minister w kancelarii premiera, And\u017celika Mo\u017cd\u017canowska.\"},{\"@type\":\"BreadcrumbList\",\"@id\":\"https:\\\/\\\/archiwum.invest-park.com.pl\\\/en\\\/blog\\\/2015\\\/03\\\/17\\\/the-agency-office-in-wrzesnia-is-now-running\\\/#breadcrumb\",\"itemListElement\":[{\"@type\":\"ListItem\",\"position\":1,\"name\":\"Strona g\u0142\u00f3wna\",\"item\":\"https:\\\/\\\/archiwum.invest-park.com.pl\\\/en\\\/\"},{\"@type\":\"ListItem\",\"position\":2,\"name\":\"The Agency Office in Wrze\u015bnia is now running\"}]},{\"@type\":\"WebSite\",\"@id\":\"https:\\\/\\\/archiwum.invest-park.com.pl\\\/#website\",\"url\":\"https:\\\/\\\/archiwum.invest-park.com.pl\\\/\",\"name\":\"WSSE &quot;INVEST-PARK&quot;. Wa\u0142brzyska Specjalna Strefa Ekonomiczna &quot;INVEST-PARK&quot;.\",\"description\":\"Wa\u0142brzyska Specjalna Strefa Ekonomiczna to jedna z najwi\u0119kszych i najdynamiczniej rozwijaj\u0105cych si\u0119 stref ekonomicznych w Polsce | Znajd\u017a tereny inwestycyjne z ulgami podatkowymi | Dzia\u0142ki inwestycyjne | Tereny inwestycyjne | Strefy ekonomiczne w Polsce | Invest in Poland in Special Economic Zone\",\"potentialAction\":[{\"@type\":\"SearchAction\",\"target\":{\"@type\":\"EntryPoint\",\"urlTemplate\":\"https:\\\/\\\/archiwum.invest-park.com.pl\\\/?s={search_term_string}\"},\"query-input\":{\"@type\":\"PropertyValueSpecification\",\"valueRequired\":true,\"valueName\":\"search_term_string\"}}],\"inLanguage\":\"en-US\"},{\"@type\":\"Person\",\"@id\":\"https:\\\/\\\/archiwum.invest-park.com.pl\\\/#\\\/schema\\\/person\\\/6511ba9117ee9e2dbf5261fdb102ac14\",\"name\":\"Jacek Serdeczny\",\"image\":{\"@type\":\"ImageObject\",\"inLanguage\":\"en-US\",\"@id\":\"https:\\\/\\\/secure.gravatar.com\\\/avatar\\\/6f229d70fc157ed51dcf079a0042deccd1d3f13ad05749a2225210b3553216e9?s=96&d=mm&r=g\",\"url\":\"https:\\\/\\\/secure.gravatar.com\\\/avatar\\\/6f229d70fc157ed51dcf079a0042deccd1d3f13ad05749a2225210b3553216e9?s=96&d=mm&r=g\",\"contentUrl\":\"https:\\\/\\\/secure.gravatar.com\\\/avatar\\\/6f229d70fc157ed51dcf079a0042deccd1d3f13ad05749a2225210b3553216e9?s=96&d=mm&r=g\",\"caption\":\"Jacek Serdeczny\"}}]}<\/script>\n<!-- \/ Yoast SEO plugin. -->","yoast_head_json":{"title":"The Agency Office in Wrze\u015bnia is now running - WSSE Invest-Park","robots":{"index":"index","follow":"follow","max-snippet":"max-snippet:-1","max-image-preview":"max-image-preview:large","max-video-preview":"max-video-preview:-1"},"canonical":"https:\/\/archiwum.invest-park.com.pl\/en\/blog\/2015\/03\/17\/the-agency-office-in-wrzesnia-is-now-running\/","og_locale":"en_US","og_type":"article","og_title":"The Agency Office in Wrze\u015bnia is now running - WSSE Invest-Park","og_description":"Today is a very important day not only for the inhabitants of Wrze\u015bnia but also of the entire Wielkopolska Province &#8211; said during the opining of WSEZ office And\u017celika Mo\u017cd\u017canowska, a Senator and a Minister in the prime minister&#8217;s office. To more quickly and efficiently answer to the needs of the investors Wa\u0142brzych Sepcial Economic Read More...","og_url":"https:\/\/archiwum.invest-park.com.pl\/en\/blog\/2015\/03\/17\/the-agency-office-in-wrzesnia-is-now-running\/","og_site_name":"WSSE &quot;INVEST-PARK&quot;. Wa\u0142brzyska Specjalna Strefa Ekonomiczna &quot;INVEST-PARK&quot;.","article_published_time":"2015-03-17T09:39:35+00:00","article_modified_time":"2015-03-18T10:28:41+00:00","og_image":[{"width":2464,"height":973,"url":"https:\/\/archiwum.invest-park.com.pl\/wp-content\/uploads\/2015\/03\/Wrzesnia-otwarcie-biura-e1426254918883.jpg","type":"image\/jpeg"}],"author":"Jacek Serdeczny","twitter_misc":{"Written by":"Jacek Serdeczny","Est. reading time":"2 minutes"},"schema":{"@context":"https:\/\/schema.org","@graph":[{"@type":"Article","@id":"https:\/\/archiwum.invest-park.com.pl\/en\/blog\/2015\/03\/17\/the-agency-office-in-wrzesnia-is-now-running\/#article","isPartOf":{"@id":"https:\/\/archiwum.invest-park.com.pl\/en\/blog\/2015\/03\/17\/the-agency-office-in-wrzesnia-is-now-running\/"},"author":{"name":"Jacek Serdeczny","@id":"https:\/\/archiwum.invest-park.com.pl\/#\/schema\/person\/6511ba9117ee9e2dbf5261fdb102ac14"},"headline":"The Agency Office in Wrze\u015bnia is now running","datePublished":"2015-03-17T09:39:35+00:00","dateModified":"2015-03-18T10:28:41+00:00","mainEntityOfPage":{"@id":"https:\/\/archiwum.invest-park.com.pl\/en\/blog\/2015\/03\/17\/the-agency-office-in-wrzesnia-is-now-running\/"},"wordCount":332,"commentCount":0,"image":{"@id":"https:\/\/archiwum.invest-park.com.pl\/en\/blog\/2015\/03\/17\/the-agency-office-in-wrzesnia-is-now-running\/#primaryimage"},"thumbnailUrl":"https:\/\/archiwum.invest-park.com.pl\/wp-content\/uploads\/2015\/03\/Wrzesnia-otwarcie-biura-e1426254918883.jpg","articleSection":["News"],"inLanguage":"en-US","potentialAction":[{"@type":"CommentAction","name":"Comment","target":["https:\/\/archiwum.invest-park.com.pl\/en\/blog\/2015\/03\/17\/the-agency-office-in-wrzesnia-is-now-running\/#respond"]}]},{"@type":"WebPage","@id":"https:\/\/archiwum.invest-park.com.pl\/en\/blog\/2015\/03\/17\/the-agency-office-in-wrzesnia-is-now-running\/","url":"https:\/\/archiwum.invest-park.com.pl\/en\/blog\/2015\/03\/17\/the-agency-office-in-wrzesnia-is-now-running\/","name":"The Agency Office in Wrze\u015bnia is now running - WSSE Invest-Park","isPartOf":{"@id":"https:\/\/archiwum.invest-park.com.pl\/#website"},"primaryImageOfPage":{"@id":"https:\/\/archiwum.invest-park.com.pl\/en\/blog\/2015\/03\/17\/the-agency-office-in-wrzesnia-is-now-running\/#primaryimage"},"image":{"@id":"https:\/\/archiwum.invest-park.com.pl\/en\/blog\/2015\/03\/17\/the-agency-office-in-wrzesnia-is-now-running\/#primaryimage"},"thumbnailUrl":"https:\/\/archiwum.invest-park.com.pl\/wp-content\/uploads\/2015\/03\/Wrzesnia-otwarcie-biura-e1426254918883.jpg","datePublished":"2015-03-17T09:39:35+00:00","dateModified":"2015-03-18T10:28:41+00:00","author":{"@id":"https:\/\/archiwum.invest-park.com.pl\/#\/schema\/person\/6511ba9117ee9e2dbf5261fdb102ac14"},"breadcrumb":{"@id":"https:\/\/archiwum.invest-park.com.pl\/en\/blog\/2015\/03\/17\/the-agency-office-in-wrzesnia-is-now-running\/#breadcrumb"},"inLanguage":"en-US","potentialAction":[{"@type":"ReadAction","target":["https:\/\/archiwum.invest-park.com.pl\/en\/blog\/2015\/03\/17\/the-agency-office-in-wrzesnia-is-now-running\/"]}]},{"@type":"ImageObject","inLanguage":"en-US","@id":"https:\/\/archiwum.invest-park.com.pl\/en\/blog\/2015\/03\/17\/the-agency-office-in-wrzesnia-is-now-running\/#primaryimage","url":"https:\/\/archiwum.invest-park.com.pl\/wp-content\/uploads\/2015\/03\/Wrzesnia-otwarcie-biura-e1426254918883.jpg","contentUrl":"https:\/\/archiwum.invest-park.com.pl\/wp-content\/uploads\/2015\/03\/Wrzesnia-otwarcie-biura-e1426254918883.jpg","width":2464,"height":973,"caption":"- Dzi\u015b jest bardzo wa\u017cny dzie\u0144 nie tylko dla mieszka\u0144c\u00f3w Wrze\u015bni, ale r\u00f3wnie\u017c dla ca\u0142ej Wielkopolski \u2013 m\u00f3wi\u0142a podczas uroczysto\u015bci otwarcia biura WSSE, senator i minister w kancelarii premiera, And\u017celika Mo\u017cd\u017canowska."},{"@type":"BreadcrumbList","@id":"https:\/\/archiwum.invest-park.com.pl\/en\/blog\/2015\/03\/17\/the-agency-office-in-wrzesnia-is-now-running\/#breadcrumb","itemListElement":[{"@type":"ListItem","position":1,"name":"Strona g\u0142\u00f3wna","item":"https:\/\/archiwum.invest-park.com.pl\/en\/"},{"@type":"ListItem","position":2,"name":"The Agency Office in Wrze\u015bnia is now running"}]},{"@type":"WebSite","@id":"https:\/\/archiwum.invest-park.com.pl\/#website","url":"https:\/\/archiwum.invest-park.com.pl\/","name":"WSSE &quot;INVEST-PARK&quot;. Wa\u0142brzyska Specjalna Strefa Ekonomiczna &quot;INVEST-PARK&quot;.","description":"Wa\u0142brzyska Specjalna Strefa Ekonomiczna to jedna z najwi\u0119kszych i najdynamiczniej rozwijaj\u0105cych si\u0119 stref ekonomicznych w Polsce | Znajd\u017a tereny inwestycyjne z ulgami podatkowymi | Dzia\u0142ki inwestycyjne | Tereny inwestycyjne | Strefy ekonomiczne w Polsce | Invest in Poland in Special Economic Zone","potentialAction":[{"@type":"SearchAction","target":{"@type":"EntryPoint","urlTemplate":"https:\/\/archiwum.invest-park.com.pl\/?s={search_term_string}"},"query-input":{"@type":"PropertyValueSpecification","valueRequired":true,"valueName":"search_term_string"}}],"inLanguage":"en-US"},{"@type":"Person","@id":"https:\/\/archiwum.invest-park.com.pl\/#\/schema\/person\/6511ba9117ee9e2dbf5261fdb102ac14","name":"Jacek Serdeczny","image":{"@type":"ImageObject","inLanguage":"en-US","@id":"https:\/\/secure.gravatar.com\/avatar\/6f229d70fc157ed51dcf079a0042deccd1d3f13ad05749a2225210b3553216e9?s=96&d=mm&r=g","url":"https:\/\/secure.gravatar.com\/avatar\/6f229d70fc157ed51dcf079a0042deccd1d3f13ad05749a2225210b3553216e9?s=96&d=mm&r=g","contentUrl":"https:\/\/secure.gravatar.com\/avatar\/6f229d70fc157ed51dcf079a0042deccd1d3f13ad05749a2225210b3553216e9?s=96&d=mm&r=g","caption":"Jacek Serdeczny"}}]}},"_links":{"self":[{"href":"https:\/\/archiwum.invest-park.com.pl\/en\/wp-json\/wp\/v2\/posts\/3282","targetHints":{"allow":["GET"]}}],"collection":[{"href":"https:\/\/archiwum.invest-park.com.pl\/en\/wp-json\/wp\/v2\/posts"}],"about":[{"href":"https:\/\/archiwum.invest-park.com.pl\/en\/wp-json\/wp\/v2\/types\/post"}],"author":[{"embeddable":true,"href":"https:\/\/archiwum.invest-park.com.pl\/en\/wp-json\/wp\/v2\/users\/12"}],"replies":[{"embeddable":true,"href":"https:\/\/archiwum.invest-park.com.pl\/en\/wp-json\/wp\/v2\/comments?post=3282"}],"version-history":[{"count":1,"href":"https:\/\/archiwum.invest-park.com.pl\/en\/wp-json\/wp\/v2\/posts\/3282\/revisions"}],"predecessor-version":[{"id":3283,"href":"https:\/\/archiwum.invest-park.com.pl\/en\/wp-json\/wp\/v2\/posts\/3282\/revisions\/3283"}],"wp:featuredmedia":[{"embeddable":true,"href":"https:\/\/archiwum.invest-park.com.pl\/en\/wp-json\/wp\/v2\/media\/3238"}],"wp:attachment":[{"href":"https:\/\/archiwum.invest-park.com.pl\/en\/wp-json\/wp\/v2\/media?parent=3282"}],"wp:term":[{"taxonomy":"category","embeddable":true,"href":"https:\/\/archiwum.invest-park.com.pl\/en\/wp-json\/wp\/v2\/categories?post=3282"},{"taxonomy":"post_tag","embeddable":true,"href":"https:\/\/archiwum.invest-park.com.pl\/en\/wp-json\/wp\/v2\/tags?post=3282"}],"curies":[{"name":"wp","href":"https:\/\/api.w.org\/{rel}","templated":true}]}}