{"id":2786,"date":"2015-02-03T17:52:15","date_gmt":"2015-02-03T16:52:15","guid":{"rendered":"https:\/\/invest-park.com.pl\/?p=2786"},"modified":"2015-02-05T14:08:21","modified_gmt":"2015-02-05T13:08:21","slug":"new-manager-of-invest-park-in-opole","status":"publish","type":"post","link":"https:\/\/archiwum.invest-park.com.pl\/en\/blog\/2015\/02\/03\/new-manager-of-invest-park-in-opole\/","title":{"rendered":"New manager of &#8220;INVEST-PARK&#8221; in Opole"},"content":{"rendered":"<p><strong>Close cooperation with local governments and the Center of Economic Development in Opole, commitment in the progression of two main branches of industry in the Province &#8211; these are the priorities of Kamil Go\u017adzik, the new manager of Wa\u0142brzych Special Economic Zone &#8220;INVEST-PARK&#8221; in Opole. He believes that this way he can attract new investors to the region and convince the ones already here to reinvest. This will give the region new jobs.<\/strong><br \/>\n<!--more--><\/p>\n<p><a href=\"https:\/\/archiwum.invest-park.com.pl\/wp-content\/uploads\/2015\/01\/Kamil_Gozdzik_opole.jpg\"><img loading=\"lazy\" decoding=\"async\" class=\"alignleft wp-image-2111 size-medium\" src=\"https:\/\/archiwum.invest-park.com.pl\/wp-content\/uploads\/2015\/01\/Kamil_Gozdzik_opole-300x300.jpg\" alt=\"Kamil Go\u017adzik  - Manager of WSEZ in Opole\" width=\"300\" height=\"300\" srcset=\"https:\/\/archiwum.invest-park.com.pl\/wp-content\/uploads\/2015\/01\/Kamil_Gozdzik_opole-300x300.jpg 300w, https:\/\/archiwum.invest-park.com.pl\/wp-content\/uploads\/2015\/01\/Kamil_Gozdzik_opole-270x270.jpg 270w, https:\/\/archiwum.invest-park.com.pl\/wp-content\/uploads\/2015\/01\/Kamil_Gozdzik_opole-393x393.jpg 393w, https:\/\/archiwum.invest-park.com.pl\/wp-content\/uploads\/2015\/01\/Kamil_Gozdzik_opole-600x600.jpg 600w, https:\/\/archiwum.invest-park.com.pl\/wp-content\/uploads\/2015\/01\/Kamil_Gozdzik_opole.jpg 681w\" sizes=\"auto, (max-width: 300px) 100vw, 300px\" \/><\/a><\/p>\n<p>Kamil Go\u017adzik came in place of Grzegorz Sawicki &#8211; the current Vice- marshal of Opolskie Province. He has a 10 year experience of working in Agricultural Property Agency (APA) where he first worked as a data evidence specialist and ended up as the assistant manager running the lands sale.<\/p>\n<blockquote><p>By working in Agricultural Property Agency as a manager responsible for promotion of lands and by participating in the &#8220;Proffesional Investor&#8217;s Service&#8221; Project I gained experience in contacts with entrepreneurs. I met the local legal representatives and institutions active in field of developing the region. I am planning to continue that cooperation to properly use the potential of the Opele region. &#8211; says Kamil Go\u017adzik.<\/p><\/blockquote>\n<p>The manager is also very familiar with the territories of Wa\u0142brzych Special Economic Zone.<\/p>\n<blockquote><p>I was born in Nysa, I leaved in Otmuch\u00f3w, I studied in Opole and I am also professionally connected with it. So you might say that I know the region like my own pocket &#8211; he admits.<\/p><\/blockquote>\n<p>Wa\u0142brzych Special Economic Zone covers over 1200 acres of land in Opolskie Provicne. Over half of this land is still in disposition for future investors. The Ministry received an application to incorporate additional 270 acres in D\u0105browa. Gmina G\u0142ubczyce is also applying to be incorporated into the zone. <\/p>\n<blockquote><p>In the last years we can observe the return of Opole&#8217;s region primary branch of industry &#8211; the agri-food processing industry. The automotive branch is also developing very dynamically. The proximity of Czech border and good highway connection with Germany make this region even more attractive for investors. The opening of the Science &#038; Technology Park gives also the opportunity for innovative industries &#8211; Counts out Kami Go\u017adzik.<\/p><\/blockquote>\n<p>The tax exemptions for entrepreneurs an the atutes of the Province can soon bring new investors.<br \/>\n<a href=\"http:\/\/invest-park.com\/contact\/office-agencies\/\" title=\"Office Agency in Opole\">The Office Agency in Opole<\/a> is placed on Horoszkiewcza street 6.<\/p>\n","protected":false},"excerpt":{"rendered":"<p>Close cooperation with local governments and the Center of Economic Development in Opole, commitment in the progression of two main branches of industry in the Province &#8211; these are the priorities of Kamil Go\u017adzik, the new manager of Wa\u0142brzych Special Economic Zone &#8220;INVEST-PARK&#8221; in Opole. He believes that this way he can attract new investors <\/p>\n<p class=\"text-right\"><a class=\"btn btn-secondary understrap-read-more-link\" href=\"https:\/\/archiwum.invest-park.com.pl\/en\/blog\/2015\/02\/03\/new-manager-of-invest-park-in-opole\/\">Read More&#8230;<\/a><\/p>\n","protected":false},"author":1,"featured_media":2572,"comment_status":"open","ping_status":"closed","sticky":false,"template":"","format":"standard","meta":{"_acf_changed":false,"footnotes":""},"categories":[85],"tags":[],"class_list":["post-2786","post","type-post","status-publish","format-standard","has-post-thumbnail","hentry","category-news"],"acf":[],"yoast_head":"<!-- This site is optimized with the Yoast SEO plugin v27.5 - https:\/\/yoast.com\/product\/yoast-seo-wordpress\/ -->\n<title>New manager of &quot;INVEST-PARK&quot; in Opole - WSSE &quot;INVEST-PARK&quot;. Wa\u0142brzyska Specjalna Strefa Ekonomiczna &quot;INVEST-PARK&quot;.<\/title>\n<meta name=\"robots\" content=\"index, follow, max-snippet:-1, max-image-preview:large, max-video-preview:-1\" \/>\n<link rel=\"canonical\" href=\"https:\/\/archiwum.invest-park.com.pl\/en\/blog\/2015\/02\/03\/new-manager-of-invest-park-in-opole\/\" \/>\n<meta property=\"og:locale\" content=\"en_US\" \/>\n<meta property=\"og:type\" content=\"article\" \/>\n<meta property=\"og:title\" content=\"New manager of &quot;INVEST-PARK&quot; in Opole - WSSE &quot;INVEST-PARK&quot;. Wa\u0142brzyska Specjalna Strefa Ekonomiczna &quot;INVEST-PARK&quot;.\" \/>\n<meta property=\"og:description\" content=\"Close cooperation with local governments and the Center of Economic Development in Opole, commitment in the progression of two main branches of industry in the Province &#8211; these are the priorities of Kamil Go\u017adzik, the new manager of Wa\u0142brzych Special Economic Zone &#8220;INVEST-PARK&#8221; in Opole. He believes that this way he can attract new investors Read More...\" \/>\n<meta property=\"og:url\" content=\"https:\/\/archiwum.invest-park.com.pl\/en\/blog\/2015\/02\/03\/new-manager-of-invest-park-in-opole\/\" \/>\n<meta property=\"og:site_name\" content=\"WSSE &quot;INVEST-PARK&quot;. Wa\u0142brzyska Specjalna Strefa Ekonomiczna &quot;INVEST-PARK&quot;.\" \/>\n<meta property=\"article:published_time\" content=\"2015-02-03T16:52:15+00:00\" \/>\n<meta property=\"article:modified_time\" content=\"2015-02-05T13:08:21+00:00\" \/>\n<meta property=\"og:image\" content=\"https:\/\/archiwum.invest-park.com.pl\/wp-content\/uploads\/2015\/01\/661-e1422605148301.jpg\" \/>\n\t<meta property=\"og:image:width\" content=\"585\" \/>\n\t<meta property=\"og:image:height\" content=\"289\" \/>\n\t<meta property=\"og:image:type\" content=\"image\/jpeg\" \/>\n<meta name=\"author\" content=\"Pion IT\" \/>\n<meta name=\"twitter:label1\" content=\"Written by\" \/>\n\t<meta name=\"twitter:data1\" content=\"Pion IT\" \/>\n\t<meta name=\"twitter:label2\" content=\"Est. reading time\" \/>\n\t<meta name=\"twitter:data2\" content=\"2 minutes\" \/>\n<script type=\"application\/ld+json\" class=\"yoast-schema-graph\">{\"@context\":\"https:\\\/\\\/schema.org\",\"@graph\":[{\"@type\":\"Article\",\"@id\":\"https:\\\/\\\/archiwum.invest-park.com.pl\\\/en\\\/blog\\\/2015\\\/02\\\/03\\\/new-manager-of-invest-park-in-opole\\\/#article\",\"isPartOf\":{\"@id\":\"https:\\\/\\\/archiwum.invest-park.com.pl\\\/en\\\/blog\\\/2015\\\/02\\\/03\\\/new-manager-of-invest-park-in-opole\\\/\"},\"author\":{\"name\":\"Pion IT\",\"@id\":\"https:\\\/\\\/archiwum.invest-park.com.pl\\\/#\\\/schema\\\/person\\\/e1a25243ece3d709f69b2f07f15f97bd\"},\"headline\":\"New manager of &#8220;INVEST-PARK&#8221; in Opole\",\"datePublished\":\"2015-02-03T16:52:15+00:00\",\"dateModified\":\"2015-02-05T13:08:21+00:00\",\"mainEntityOfPage\":{\"@id\":\"https:\\\/\\\/archiwum.invest-park.com.pl\\\/en\\\/blog\\\/2015\\\/02\\\/03\\\/new-manager-of-invest-park-in-opole\\\/\"},\"wordCount\":392,\"commentCount\":0,\"image\":{\"@id\":\"https:\\\/\\\/archiwum.invest-park.com.pl\\\/en\\\/blog\\\/2015\\\/02\\\/03\\\/new-manager-of-invest-park-in-opole\\\/#primaryimage\"},\"thumbnailUrl\":\"https:\\\/\\\/archiwum.invest-park.com.pl\\\/wp-content\\\/uploads\\\/2015\\\/01\\\/661-e1422605148301.jpg\",\"articleSection\":[\"News\"],\"inLanguage\":\"en-US\",\"potentialAction\":[{\"@type\":\"CommentAction\",\"name\":\"Comment\",\"target\":[\"https:\\\/\\\/archiwum.invest-park.com.pl\\\/en\\\/blog\\\/2015\\\/02\\\/03\\\/new-manager-of-invest-park-in-opole\\\/#respond\"]}]},{\"@type\":\"WebPage\",\"@id\":\"https:\\\/\\\/archiwum.invest-park.com.pl\\\/en\\\/blog\\\/2015\\\/02\\\/03\\\/new-manager-of-invest-park-in-opole\\\/\",\"url\":\"https:\\\/\\\/archiwum.invest-park.com.pl\\\/en\\\/blog\\\/2015\\\/02\\\/03\\\/new-manager-of-invest-park-in-opole\\\/\",\"name\":\"New manager of \\\"INVEST-PARK\\\" in Opole - WSSE &quot;INVEST-PARK&quot;. Wa\u0142brzyska Specjalna Strefa Ekonomiczna &quot;INVEST-PARK&quot;.\",\"isPartOf\":{\"@id\":\"https:\\\/\\\/archiwum.invest-park.com.pl\\\/#website\"},\"primaryImageOfPage\":{\"@id\":\"https:\\\/\\\/archiwum.invest-park.com.pl\\\/en\\\/blog\\\/2015\\\/02\\\/03\\\/new-manager-of-invest-park-in-opole\\\/#primaryimage\"},\"image\":{\"@id\":\"https:\\\/\\\/archiwum.invest-park.com.pl\\\/en\\\/blog\\\/2015\\\/02\\\/03\\\/new-manager-of-invest-park-in-opole\\\/#primaryimage\"},\"thumbnailUrl\":\"https:\\\/\\\/archiwum.invest-park.com.pl\\\/wp-content\\\/uploads\\\/2015\\\/01\\\/661-e1422605148301.jpg\",\"datePublished\":\"2015-02-03T16:52:15+00:00\",\"dateModified\":\"2015-02-05T13:08:21+00:00\",\"author\":{\"@id\":\"https:\\\/\\\/archiwum.invest-park.com.pl\\\/#\\\/schema\\\/person\\\/e1a25243ece3d709f69b2f07f15f97bd\"},\"breadcrumb\":{\"@id\":\"https:\\\/\\\/archiwum.invest-park.com.pl\\\/en\\\/blog\\\/2015\\\/02\\\/03\\\/new-manager-of-invest-park-in-opole\\\/#breadcrumb\"},\"inLanguage\":\"en-US\",\"potentialAction\":[{\"@type\":\"ReadAction\",\"target\":[\"https:\\\/\\\/archiwum.invest-park.com.pl\\\/en\\\/blog\\\/2015\\\/02\\\/03\\\/new-manager-of-invest-park-in-opole\\\/\"]}]},{\"@type\":\"ImageObject\",\"inLanguage\":\"en-US\",\"@id\":\"https:\\\/\\\/archiwum.invest-park.com.pl\\\/en\\\/blog\\\/2015\\\/02\\\/03\\\/new-manager-of-invest-park-in-opole\\\/#primaryimage\",\"url\":\"https:\\\/\\\/archiwum.invest-park.com.pl\\\/wp-content\\\/uploads\\\/2015\\\/01\\\/661-e1422605148301.jpg\",\"contentUrl\":\"https:\\\/\\\/archiwum.invest-park.com.pl\\\/wp-content\\\/uploads\\\/2015\\\/01\\\/661-e1422605148301.jpg\",\"width\":585,\"height\":289,\"caption\":\"Kamil Go\u017adzik - kierownik WSSE w Opolu\"},{\"@type\":\"BreadcrumbList\",\"@id\":\"https:\\\/\\\/archiwum.invest-park.com.pl\\\/en\\\/blog\\\/2015\\\/02\\\/03\\\/new-manager-of-invest-park-in-opole\\\/#breadcrumb\",\"itemListElement\":[{\"@type\":\"ListItem\",\"position\":1,\"name\":\"Strona g\u0142\u00f3wna\",\"item\":\"https:\\\/\\\/archiwum.invest-park.com.pl\\\/en\\\/\"},{\"@type\":\"ListItem\",\"position\":2,\"name\":\"New manager of &#8220;INVEST-PARK&#8221; in Opole\"}]},{\"@type\":\"WebSite\",\"@id\":\"https:\\\/\\\/archiwum.invest-park.com.pl\\\/#website\",\"url\":\"https:\\\/\\\/archiwum.invest-park.com.pl\\\/\",\"name\":\"WSSE &quot;INVEST-PARK&quot;. Wa\u0142brzyska Specjalna Strefa Ekonomiczna &quot;INVEST-PARK&quot;.\",\"description\":\"Wa\u0142brzyska Specjalna Strefa Ekonomiczna to jedna z najwi\u0119kszych i najdynamiczniej rozwijaj\u0105cych si\u0119 stref ekonomicznych w Polsce | Znajd\u017a tereny inwestycyjne z ulgami podatkowymi | Dzia\u0142ki inwestycyjne | Tereny inwestycyjne | Strefy ekonomiczne w Polsce | Invest in Poland in Special Economic Zone\",\"potentialAction\":[{\"@type\":\"SearchAction\",\"target\":{\"@type\":\"EntryPoint\",\"urlTemplate\":\"https:\\\/\\\/archiwum.invest-park.com.pl\\\/?s={search_term_string}\"},\"query-input\":{\"@type\":\"PropertyValueSpecification\",\"valueRequired\":true,\"valueName\":\"search_term_string\"}}],\"inLanguage\":\"en-US\"},{\"@type\":\"Person\",\"@id\":\"https:\\\/\\\/archiwum.invest-park.com.pl\\\/#\\\/schema\\\/person\\\/e1a25243ece3d709f69b2f07f15f97bd\",\"name\":\"Pion IT\",\"image\":{\"@type\":\"ImageObject\",\"inLanguage\":\"en-US\",\"@id\":\"https:\\\/\\\/secure.gravatar.com\\\/avatar\\\/c98fecba299a4b313b2b82702b1a69330e83b1d8288898b0d5a717c2eeeba508?s=96&d=mm&r=g\",\"url\":\"https:\\\/\\\/secure.gravatar.com\\\/avatar\\\/c98fecba299a4b313b2b82702b1a69330e83b1d8288898b0d5a717c2eeeba508?s=96&d=mm&r=g\",\"contentUrl\":\"https:\\\/\\\/secure.gravatar.com\\\/avatar\\\/c98fecba299a4b313b2b82702b1a69330e83b1d8288898b0d5a717c2eeeba508?s=96&d=mm&r=g\",\"caption\":\"Pion IT\"}}]}<\/script>\n<!-- \/ Yoast SEO plugin. -->","yoast_head_json":{"title":"New manager of \"INVEST-PARK\" in Opole - WSSE &quot;INVEST-PARK&quot;. Wa\u0142brzyska Specjalna Strefa Ekonomiczna &quot;INVEST-PARK&quot;.","robots":{"index":"index","follow":"follow","max-snippet":"max-snippet:-1","max-image-preview":"max-image-preview:large","max-video-preview":"max-video-preview:-1"},"canonical":"https:\/\/archiwum.invest-park.com.pl\/en\/blog\/2015\/02\/03\/new-manager-of-invest-park-in-opole\/","og_locale":"en_US","og_type":"article","og_title":"New manager of \"INVEST-PARK\" in Opole - WSSE &quot;INVEST-PARK&quot;. Wa\u0142brzyska Specjalna Strefa Ekonomiczna &quot;INVEST-PARK&quot;.","og_description":"Close cooperation with local governments and the Center of Economic Development in Opole, commitment in the progression of two main branches of industry in the Province &#8211; these are the priorities of Kamil Go\u017adzik, the new manager of Wa\u0142brzych Special Economic Zone &#8220;INVEST-PARK&#8221; in Opole. He believes that this way he can attract new investors Read More...","og_url":"https:\/\/archiwum.invest-park.com.pl\/en\/blog\/2015\/02\/03\/new-manager-of-invest-park-in-opole\/","og_site_name":"WSSE &quot;INVEST-PARK&quot;. Wa\u0142brzyska Specjalna Strefa Ekonomiczna &quot;INVEST-PARK&quot;.","article_published_time":"2015-02-03T16:52:15+00:00","article_modified_time":"2015-02-05T13:08:21+00:00","og_image":[{"width":585,"height":289,"url":"https:\/\/archiwum.invest-park.com.pl\/wp-content\/uploads\/2015\/01\/661-e1422605148301.jpg","type":"image\/jpeg"}],"author":"Pion IT","twitter_misc":{"Written by":"Pion IT","Est. reading time":"2 minutes"},"schema":{"@context":"https:\/\/schema.org","@graph":[{"@type":"Article","@id":"https:\/\/archiwum.invest-park.com.pl\/en\/blog\/2015\/02\/03\/new-manager-of-invest-park-in-opole\/#article","isPartOf":{"@id":"https:\/\/archiwum.invest-park.com.pl\/en\/blog\/2015\/02\/03\/new-manager-of-invest-park-in-opole\/"},"author":{"name":"Pion IT","@id":"https:\/\/archiwum.invest-park.com.pl\/#\/schema\/person\/e1a25243ece3d709f69b2f07f15f97bd"},"headline":"New manager of &#8220;INVEST-PARK&#8221; in Opole","datePublished":"2015-02-03T16:52:15+00:00","dateModified":"2015-02-05T13:08:21+00:00","mainEntityOfPage":{"@id":"https:\/\/archiwum.invest-park.com.pl\/en\/blog\/2015\/02\/03\/new-manager-of-invest-park-in-opole\/"},"wordCount":392,"commentCount":0,"image":{"@id":"https:\/\/archiwum.invest-park.com.pl\/en\/blog\/2015\/02\/03\/new-manager-of-invest-park-in-opole\/#primaryimage"},"thumbnailUrl":"https:\/\/archiwum.invest-park.com.pl\/wp-content\/uploads\/2015\/01\/661-e1422605148301.jpg","articleSection":["News"],"inLanguage":"en-US","potentialAction":[{"@type":"CommentAction","name":"Comment","target":["https:\/\/archiwum.invest-park.com.pl\/en\/blog\/2015\/02\/03\/new-manager-of-invest-park-in-opole\/#respond"]}]},{"@type":"WebPage","@id":"https:\/\/archiwum.invest-park.com.pl\/en\/blog\/2015\/02\/03\/new-manager-of-invest-park-in-opole\/","url":"https:\/\/archiwum.invest-park.com.pl\/en\/blog\/2015\/02\/03\/new-manager-of-invest-park-in-opole\/","name":"New manager of \"INVEST-PARK\" in Opole - WSSE &quot;INVEST-PARK&quot;. Wa\u0142brzyska Specjalna Strefa Ekonomiczna &quot;INVEST-PARK&quot;.","isPartOf":{"@id":"https:\/\/archiwum.invest-park.com.pl\/#website"},"primaryImageOfPage":{"@id":"https:\/\/archiwum.invest-park.com.pl\/en\/blog\/2015\/02\/03\/new-manager-of-invest-park-in-opole\/#primaryimage"},"image":{"@id":"https:\/\/archiwum.invest-park.com.pl\/en\/blog\/2015\/02\/03\/new-manager-of-invest-park-in-opole\/#primaryimage"},"thumbnailUrl":"https:\/\/archiwum.invest-park.com.pl\/wp-content\/uploads\/2015\/01\/661-e1422605148301.jpg","datePublished":"2015-02-03T16:52:15+00:00","dateModified":"2015-02-05T13:08:21+00:00","author":{"@id":"https:\/\/archiwum.invest-park.com.pl\/#\/schema\/person\/e1a25243ece3d709f69b2f07f15f97bd"},"breadcrumb":{"@id":"https:\/\/archiwum.invest-park.com.pl\/en\/blog\/2015\/02\/03\/new-manager-of-invest-park-in-opole\/#breadcrumb"},"inLanguage":"en-US","potentialAction":[{"@type":"ReadAction","target":["https:\/\/archiwum.invest-park.com.pl\/en\/blog\/2015\/02\/03\/new-manager-of-invest-park-in-opole\/"]}]},{"@type":"ImageObject","inLanguage":"en-US","@id":"https:\/\/archiwum.invest-park.com.pl\/en\/blog\/2015\/02\/03\/new-manager-of-invest-park-in-opole\/#primaryimage","url":"https:\/\/archiwum.invest-park.com.pl\/wp-content\/uploads\/2015\/01\/661-e1422605148301.jpg","contentUrl":"https:\/\/archiwum.invest-park.com.pl\/wp-content\/uploads\/2015\/01\/661-e1422605148301.jpg","width":585,"height":289,"caption":"Kamil Go\u017adzik - kierownik WSSE w Opolu"},{"@type":"BreadcrumbList","@id":"https:\/\/archiwum.invest-park.com.pl\/en\/blog\/2015\/02\/03\/new-manager-of-invest-park-in-opole\/#breadcrumb","itemListElement":[{"@type":"ListItem","position":1,"name":"Strona g\u0142\u00f3wna","item":"https:\/\/archiwum.invest-park.com.pl\/en\/"},{"@type":"ListItem","position":2,"name":"New manager of &#8220;INVEST-PARK&#8221; in Opole"}]},{"@type":"WebSite","@id":"https:\/\/archiwum.invest-park.com.pl\/#website","url":"https:\/\/archiwum.invest-park.com.pl\/","name":"WSSE &quot;INVEST-PARK&quot;. Wa\u0142brzyska Specjalna Strefa Ekonomiczna &quot;INVEST-PARK&quot;.","description":"Wa\u0142brzyska Specjalna Strefa Ekonomiczna to jedna z najwi\u0119kszych i najdynamiczniej rozwijaj\u0105cych si\u0119 stref ekonomicznych w Polsce | Znajd\u017a tereny inwestycyjne z ulgami podatkowymi | Dzia\u0142ki inwestycyjne | Tereny inwestycyjne | Strefy ekonomiczne w Polsce | Invest in Poland in Special Economic Zone","potentialAction":[{"@type":"SearchAction","target":{"@type":"EntryPoint","urlTemplate":"https:\/\/archiwum.invest-park.com.pl\/?s={search_term_string}"},"query-input":{"@type":"PropertyValueSpecification","valueRequired":true,"valueName":"search_term_string"}}],"inLanguage":"en-US"},{"@type":"Person","@id":"https:\/\/archiwum.invest-park.com.pl\/#\/schema\/person\/e1a25243ece3d709f69b2f07f15f97bd","name":"Pion IT","image":{"@type":"ImageObject","inLanguage":"en-US","@id":"https:\/\/secure.gravatar.com\/avatar\/c98fecba299a4b313b2b82702b1a69330e83b1d8288898b0d5a717c2eeeba508?s=96&d=mm&r=g","url":"https:\/\/secure.gravatar.com\/avatar\/c98fecba299a4b313b2b82702b1a69330e83b1d8288898b0d5a717c2eeeba508?s=96&d=mm&r=g","contentUrl":"https:\/\/secure.gravatar.com\/avatar\/c98fecba299a4b313b2b82702b1a69330e83b1d8288898b0d5a717c2eeeba508?s=96&d=mm&r=g","caption":"Pion IT"}}]}},"_links":{"self":[{"href":"https:\/\/archiwum.invest-park.com.pl\/en\/wp-json\/wp\/v2\/posts\/2786","targetHints":{"allow":["GET"]}}],"collection":[{"href":"https:\/\/archiwum.invest-park.com.pl\/en\/wp-json\/wp\/v2\/posts"}],"about":[{"href":"https:\/\/archiwum.invest-park.com.pl\/en\/wp-json\/wp\/v2\/types\/post"}],"author":[{"embeddable":true,"href":"https:\/\/archiwum.invest-park.com.pl\/en\/wp-json\/wp\/v2\/users\/1"}],"replies":[{"embeddable":true,"href":"https:\/\/archiwum.invest-park.com.pl\/en\/wp-json\/wp\/v2\/comments?post=2786"}],"version-history":[{"count":4,"href":"https:\/\/archiwum.invest-park.com.pl\/en\/wp-json\/wp\/v2\/posts\/2786\/revisions"}],"predecessor-version":[{"id":2790,"href":"https:\/\/archiwum.invest-park.com.pl\/en\/wp-json\/wp\/v2\/posts\/2786\/revisions\/2790"}],"wp:featuredmedia":[{"embeddable":true,"href":"https:\/\/archiwum.invest-park.com.pl\/en\/wp-json\/wp\/v2\/media\/2572"}],"wp:attachment":[{"href":"https:\/\/archiwum.invest-park.com.pl\/en\/wp-json\/wp\/v2\/media?parent=2786"}],"wp:term":[{"taxonomy":"category","embeddable":true,"href":"https:\/\/archiwum.invest-park.com.pl\/en\/wp-json\/wp\/v2\/categories?post=2786"},{"taxonomy":"post_tag","embeddable":true,"href":"https:\/\/archiwum.invest-park.com.pl\/en\/wp-json\/wp\/v2\/tags?post=2786"}],"curies":[{"name":"wp","href":"https:\/\/api.w.org\/{rel}","templated":true}]}}