{"id":2511,"date":"2015-01-28T13:31:20","date_gmt":"2015-01-28T12:31:20","guid":{"rendered":"https:\/\/invest-park.com.pl\/?p=2511"},"modified":"2015-02-05T14:09:09","modified_gmt":"2015-02-05T13:09:09","slug":"together-for-education-and-economy","status":"publish","type":"post","link":"https:\/\/archiwum.invest-park.com.pl\/en\/blog\/2015\/01\/28\/together-for-education-and-economy\/","title":{"rendered":"Together for education and economy"},"content":{"rendered":"<p><strong>The creation of Wa\u0142brzych Special Economic Zone&#8217;s Education Cluster &#8220;INVEST in EDU&#8221; and awarding the cooperating schools and entrepreneurs will be the main goals of upcoming conference in Boles\u0142awiec. Participating in the meeting will be amongst others: Joanna Kluzik \u2013 Rostkowska, The Minister of Education, Ilona Antoniszyn \u2013 Klik, Vice-minister of Economy and presidents of three special economic zones.<\/strong><!--more--><\/p>\n<p>The Education Cluster &#8220;INVEST in EDU&#8221; will be brought to life by nearly 60 entities. Among them there will be companies, county authorities and vocational schools mostly from Dolno\u015bl\u0105skie province. Its main objective will be to adapt the education processes to the needs of entrepreneurs. The Education Cluster will also promote vocational education, it will help to predict the needs for specific abilities and to make trainings, probations and practices more available. The overriding goal is the creation of a dual system in which theoretical classes will take place at schools and the practical ones will be conducted in specific workplaces. The key to success is the cooperation between schools, entrepreneurs and proper resorts. With the initiative of The Ministry of Economy an agreement was made in the sphere of vocational education between The Ministry of Education, The Ministry of Labour and Social Policy and The Ministry of State Treasures.<\/p>\n<p>During the conference in Boles\u0142awiec entrepreneurs and vocational schools will be rewarded for their good practices. They will receive diplomas and statues from The Ministry of Economy. Teachers and students from these schools will also be rewarded by three special economic zones: from Wa\u0142brzych, Legnica and Kamienna G\u00f3ra.<\/p>\n<p>Ilona Antoniszyn \u2013 Klik, Joanna Kluzik \u2013 Rostkowska and Zbigniew \u0141adzi\u0144ski, president of Dolno\u015bl\u0105ska Izba Rzemie\u015blnicza (Crafts Board of Dolno\u015bl\u0105skie Province) will discuss solutions of adapting vocational education to the needs of economy. Positive examples of cooperation between schools and entrepreneurs will be presented by companies operating in Wa\u0142brzych&#8217;s Zone and the Board of Schools Complex number 5 in Wa\u0142brzych.<br \/>\nThe conference \u201eM\u0105drzej. Czyli jak uczy\u0107 i szkoli\u0107 dla gospodarki\u201d (&#8220;Wiser. How to teach and train for economy&#8221;) will take place on the 9th of February in The Culture Centre in Boles\u0142awiec. The meeting will start at 10.00.<\/p>\n<figure id=\"attachment_2333\" aria-describedby=\"caption-attachment-2333\" style=\"width: 1024px\" class=\"wp-caption alignnone\"><a href=\"https:\/\/archiwum.invest-park.com.pl\/wp-content\/uploads\/2015\/01\/Porozumienie-dla-Kszta\u0142cenia-Zawodowego-e1422364026690.jpg\"><img loading=\"lazy\" decoding=\"async\" class=\"wp-image-2333 size-large\" src=\"https:\/\/archiwum.invest-park.com.pl\/wp-content\/uploads\/2015\/01\/Porozumienie-dla-Kszta\u0142cenia-Zawodowego-e1422364015944-1024x673.jpg\" alt=\"With the initiative of The Ministry of Economy an agreement was made in the sphere of vocational education between The Ministry of Education, The Ministry of Labour and Social Policy and The Ministry of State Treasures.\" width=\"1024\" height=\"673\" \/><\/a><figcaption id=\"caption-attachment-2333\" class=\"wp-caption-text\">With the initiative of The Ministry of Economy an agreement was made in the sphere of vocational education between The Ministry of Education, The Ministry of Labour and Social Policy and The Ministry of State Treasures. On the picture from the left: Vice-minister of Labour and Social Policy Jacek M\u0119cina, Minister of Education Joanna Kluzik-Rostkowska, Vice Prime Minister, Minister of Economy Janusz Piechoci\u0144ski, Vice-minister of State Treasures Rafa\u0142 Baniak and Vice-minister of Economy Ilona Antoniszyn &#8211; Klik<\/figcaption><\/figure>\n","protected":false},"excerpt":{"rendered":"<p>The creation of Wa\u0142brzych Special Economic Zone&#8217;s Education Cluster &#8220;INVEST in EDU&#8221; and awarding the cooperating schools and entrepreneurs will be the main goals of upcoming conference in Boles\u0142awiec. Participating in the meeting will be amongst others: Joanna Kluzik \u2013 Rostkowska, The Minister of Education, Ilona Antoniszyn \u2013 Klik, Vice-minister of Economy and presidents of <\/p>\n<p class=\"text-right\"><a class=\"btn btn-secondary understrap-read-more-link\" href=\"https:\/\/archiwum.invest-park.com.pl\/en\/blog\/2015\/01\/28\/together-for-education-and-economy\/\">Read More&#8230;<\/a><\/p>\n","protected":false},"author":1,"featured_media":0,"comment_status":"open","ping_status":"closed","sticky":false,"template":"","format":"standard","meta":{"_acf_changed":false,"footnotes":""},"categories":[85],"tags":[],"class_list":["post-2511","post","type-post","status-publish","format-standard","hentry","category-news"],"acf":[],"yoast_head":"<!-- This site is optimized with the Yoast SEO plugin v27.5 - https:\/\/yoast.com\/product\/yoast-seo-wordpress\/ -->\n<title>Together for education and economy - WSSE &quot;INVEST-PARK&quot;. Wa\u0142brzyska Specjalna Strefa Ekonomiczna &quot;INVEST-PARK&quot;.<\/title>\n<meta name=\"robots\" content=\"index, follow, max-snippet:-1, max-image-preview:large, max-video-preview:-1\" \/>\n<link rel=\"canonical\" href=\"https:\/\/archiwum.invest-park.com.pl\/en\/blog\/2015\/01\/28\/together-for-education-and-economy\/\" \/>\n<meta property=\"og:locale\" content=\"en_US\" \/>\n<meta property=\"og:type\" content=\"article\" \/>\n<meta property=\"og:title\" content=\"Together for education and economy - WSSE &quot;INVEST-PARK&quot;. Wa\u0142brzyska Specjalna Strefa Ekonomiczna &quot;INVEST-PARK&quot;.\" \/>\n<meta property=\"og:description\" content=\"The creation of Wa\u0142brzych Special Economic Zone&#8217;s Education Cluster &#8220;INVEST in EDU&#8221; and awarding the cooperating schools and entrepreneurs will be the main goals of upcoming conference in Boles\u0142awiec. Participating in the meeting will be amongst others: Joanna Kluzik \u2013 Rostkowska, The Minister of Education, Ilona Antoniszyn \u2013 Klik, Vice-minister of Economy and presidents of Read More...\" \/>\n<meta property=\"og:url\" content=\"https:\/\/archiwum.invest-park.com.pl\/en\/blog\/2015\/01\/28\/together-for-education-and-economy\/\" \/>\n<meta property=\"og:site_name\" content=\"WSSE &quot;INVEST-PARK&quot;. Wa\u0142brzyska Specjalna Strefa Ekonomiczna &quot;INVEST-PARK&quot;.\" \/>\n<meta property=\"article:published_time\" content=\"2015-01-28T12:31:20+00:00\" \/>\n<meta property=\"article:modified_time\" content=\"2015-02-05T13:09:09+00:00\" \/>\n<meta name=\"author\" content=\"Pion IT\" \/>\n<meta name=\"twitter:label1\" content=\"Written by\" \/>\n\t<meta name=\"twitter:data1\" content=\"Pion IT\" \/>\n\t<meta name=\"twitter:label2\" content=\"Est. reading time\" \/>\n\t<meta name=\"twitter:data2\" content=\"2 minutes\" \/>\n<script type=\"application\/ld+json\" class=\"yoast-schema-graph\">{\"@context\":\"https:\\\/\\\/schema.org\",\"@graph\":[{\"@type\":\"Article\",\"@id\":\"https:\\\/\\\/archiwum.invest-park.com.pl\\\/en\\\/blog\\\/2015\\\/01\\\/28\\\/together-for-education-and-economy\\\/#article\",\"isPartOf\":{\"@id\":\"https:\\\/\\\/archiwum.invest-park.com.pl\\\/en\\\/blog\\\/2015\\\/01\\\/28\\\/together-for-education-and-economy\\\/\"},\"author\":{\"name\":\"Pion IT\",\"@id\":\"https:\\\/\\\/archiwum.invest-park.com.pl\\\/#\\\/schema\\\/person\\\/e1a25243ece3d709f69b2f07f15f97bd\"},\"headline\":\"Together for education and economy\",\"datePublished\":\"2015-01-28T12:31:20+00:00\",\"dateModified\":\"2015-02-05T13:09:09+00:00\",\"mainEntityOfPage\":{\"@id\":\"https:\\\/\\\/archiwum.invest-park.com.pl\\\/en\\\/blog\\\/2015\\\/01\\\/28\\\/together-for-education-and-economy\\\/\"},\"wordCount\":456,\"commentCount\":0,\"articleSection\":[\"News\"],\"inLanguage\":\"en-US\",\"potentialAction\":[{\"@type\":\"CommentAction\",\"name\":\"Comment\",\"target\":[\"https:\\\/\\\/archiwum.invest-park.com.pl\\\/en\\\/blog\\\/2015\\\/01\\\/28\\\/together-for-education-and-economy\\\/#respond\"]}]},{\"@type\":\"WebPage\",\"@id\":\"https:\\\/\\\/archiwum.invest-park.com.pl\\\/en\\\/blog\\\/2015\\\/01\\\/28\\\/together-for-education-and-economy\\\/\",\"url\":\"https:\\\/\\\/archiwum.invest-park.com.pl\\\/en\\\/blog\\\/2015\\\/01\\\/28\\\/together-for-education-and-economy\\\/\",\"name\":\"Together for education and economy - WSSE &quot;INVEST-PARK&quot;. Wa\u0142brzyska Specjalna Strefa Ekonomiczna &quot;INVEST-PARK&quot;.\",\"isPartOf\":{\"@id\":\"https:\\\/\\\/archiwum.invest-park.com.pl\\\/#website\"},\"datePublished\":\"2015-01-28T12:31:20+00:00\",\"dateModified\":\"2015-02-05T13:09:09+00:00\",\"author\":{\"@id\":\"https:\\\/\\\/archiwum.invest-park.com.pl\\\/#\\\/schema\\\/person\\\/e1a25243ece3d709f69b2f07f15f97bd\"},\"breadcrumb\":{\"@id\":\"https:\\\/\\\/archiwum.invest-park.com.pl\\\/en\\\/blog\\\/2015\\\/01\\\/28\\\/together-for-education-and-economy\\\/#breadcrumb\"},\"inLanguage\":\"en-US\",\"potentialAction\":[{\"@type\":\"ReadAction\",\"target\":[\"https:\\\/\\\/archiwum.invest-park.com.pl\\\/en\\\/blog\\\/2015\\\/01\\\/28\\\/together-for-education-and-economy\\\/\"]}]},{\"@type\":\"BreadcrumbList\",\"@id\":\"https:\\\/\\\/archiwum.invest-park.com.pl\\\/en\\\/blog\\\/2015\\\/01\\\/28\\\/together-for-education-and-economy\\\/#breadcrumb\",\"itemListElement\":[{\"@type\":\"ListItem\",\"position\":1,\"name\":\"Strona g\u0142\u00f3wna\",\"item\":\"https:\\\/\\\/archiwum.invest-park.com.pl\\\/en\\\/\"},{\"@type\":\"ListItem\",\"position\":2,\"name\":\"Together for education and economy\"}]},{\"@type\":\"WebSite\",\"@id\":\"https:\\\/\\\/archiwum.invest-park.com.pl\\\/#website\",\"url\":\"https:\\\/\\\/archiwum.invest-park.com.pl\\\/\",\"name\":\"WSSE &quot;INVEST-PARK&quot;. Wa\u0142brzyska Specjalna Strefa Ekonomiczna &quot;INVEST-PARK&quot;.\",\"description\":\"Wa\u0142brzyska Specjalna Strefa Ekonomiczna to jedna z najwi\u0119kszych i najdynamiczniej rozwijaj\u0105cych si\u0119 stref ekonomicznych w Polsce | Znajd\u017a tereny inwestycyjne z ulgami podatkowymi | Dzia\u0142ki inwestycyjne | Tereny inwestycyjne | Strefy ekonomiczne w Polsce | Invest in Poland in Special Economic Zone\",\"potentialAction\":[{\"@type\":\"SearchAction\",\"target\":{\"@type\":\"EntryPoint\",\"urlTemplate\":\"https:\\\/\\\/archiwum.invest-park.com.pl\\\/?s={search_term_string}\"},\"query-input\":{\"@type\":\"PropertyValueSpecification\",\"valueRequired\":true,\"valueName\":\"search_term_string\"}}],\"inLanguage\":\"en-US\"},{\"@type\":\"Person\",\"@id\":\"https:\\\/\\\/archiwum.invest-park.com.pl\\\/#\\\/schema\\\/person\\\/e1a25243ece3d709f69b2f07f15f97bd\",\"name\":\"Pion IT\",\"image\":{\"@type\":\"ImageObject\",\"inLanguage\":\"en-US\",\"@id\":\"https:\\\/\\\/secure.gravatar.com\\\/avatar\\\/c98fecba299a4b313b2b82702b1a69330e83b1d8288898b0d5a717c2eeeba508?s=96&d=mm&r=g\",\"url\":\"https:\\\/\\\/secure.gravatar.com\\\/avatar\\\/c98fecba299a4b313b2b82702b1a69330e83b1d8288898b0d5a717c2eeeba508?s=96&d=mm&r=g\",\"contentUrl\":\"https:\\\/\\\/secure.gravatar.com\\\/avatar\\\/c98fecba299a4b313b2b82702b1a69330e83b1d8288898b0d5a717c2eeeba508?s=96&d=mm&r=g\",\"caption\":\"Pion IT\"}}]}<\/script>\n<!-- \/ Yoast SEO plugin. -->","yoast_head_json":{"title":"Together for education and economy - WSSE &quot;INVEST-PARK&quot;. Wa\u0142brzyska Specjalna Strefa Ekonomiczna &quot;INVEST-PARK&quot;.","robots":{"index":"index","follow":"follow","max-snippet":"max-snippet:-1","max-image-preview":"max-image-preview:large","max-video-preview":"max-video-preview:-1"},"canonical":"https:\/\/archiwum.invest-park.com.pl\/en\/blog\/2015\/01\/28\/together-for-education-and-economy\/","og_locale":"en_US","og_type":"article","og_title":"Together for education and economy - WSSE &quot;INVEST-PARK&quot;. Wa\u0142brzyska Specjalna Strefa Ekonomiczna &quot;INVEST-PARK&quot;.","og_description":"The creation of Wa\u0142brzych Special Economic Zone&#8217;s Education Cluster &#8220;INVEST in EDU&#8221; and awarding the cooperating schools and entrepreneurs will be the main goals of upcoming conference in Boles\u0142awiec. Participating in the meeting will be amongst others: Joanna Kluzik \u2013 Rostkowska, The Minister of Education, Ilona Antoniszyn \u2013 Klik, Vice-minister of Economy and presidents of Read More...","og_url":"https:\/\/archiwum.invest-park.com.pl\/en\/blog\/2015\/01\/28\/together-for-education-and-economy\/","og_site_name":"WSSE &quot;INVEST-PARK&quot;. Wa\u0142brzyska Specjalna Strefa Ekonomiczna &quot;INVEST-PARK&quot;.","article_published_time":"2015-01-28T12:31:20+00:00","article_modified_time":"2015-02-05T13:09:09+00:00","author":"Pion IT","twitter_misc":{"Written by":"Pion IT","Est. reading time":"2 minutes"},"schema":{"@context":"https:\/\/schema.org","@graph":[{"@type":"Article","@id":"https:\/\/archiwum.invest-park.com.pl\/en\/blog\/2015\/01\/28\/together-for-education-and-economy\/#article","isPartOf":{"@id":"https:\/\/archiwum.invest-park.com.pl\/en\/blog\/2015\/01\/28\/together-for-education-and-economy\/"},"author":{"name":"Pion IT","@id":"https:\/\/archiwum.invest-park.com.pl\/#\/schema\/person\/e1a25243ece3d709f69b2f07f15f97bd"},"headline":"Together for education and economy","datePublished":"2015-01-28T12:31:20+00:00","dateModified":"2015-02-05T13:09:09+00:00","mainEntityOfPage":{"@id":"https:\/\/archiwum.invest-park.com.pl\/en\/blog\/2015\/01\/28\/together-for-education-and-economy\/"},"wordCount":456,"commentCount":0,"articleSection":["News"],"inLanguage":"en-US","potentialAction":[{"@type":"CommentAction","name":"Comment","target":["https:\/\/archiwum.invest-park.com.pl\/en\/blog\/2015\/01\/28\/together-for-education-and-economy\/#respond"]}]},{"@type":"WebPage","@id":"https:\/\/archiwum.invest-park.com.pl\/en\/blog\/2015\/01\/28\/together-for-education-and-economy\/","url":"https:\/\/archiwum.invest-park.com.pl\/en\/blog\/2015\/01\/28\/together-for-education-and-economy\/","name":"Together for education and economy - WSSE &quot;INVEST-PARK&quot;. Wa\u0142brzyska Specjalna Strefa Ekonomiczna &quot;INVEST-PARK&quot;.","isPartOf":{"@id":"https:\/\/archiwum.invest-park.com.pl\/#website"},"datePublished":"2015-01-28T12:31:20+00:00","dateModified":"2015-02-05T13:09:09+00:00","author":{"@id":"https:\/\/archiwum.invest-park.com.pl\/#\/schema\/person\/e1a25243ece3d709f69b2f07f15f97bd"},"breadcrumb":{"@id":"https:\/\/archiwum.invest-park.com.pl\/en\/blog\/2015\/01\/28\/together-for-education-and-economy\/#breadcrumb"},"inLanguage":"en-US","potentialAction":[{"@type":"ReadAction","target":["https:\/\/archiwum.invest-park.com.pl\/en\/blog\/2015\/01\/28\/together-for-education-and-economy\/"]}]},{"@type":"BreadcrumbList","@id":"https:\/\/archiwum.invest-park.com.pl\/en\/blog\/2015\/01\/28\/together-for-education-and-economy\/#breadcrumb","itemListElement":[{"@type":"ListItem","position":1,"name":"Strona g\u0142\u00f3wna","item":"https:\/\/archiwum.invest-park.com.pl\/en\/"},{"@type":"ListItem","position":2,"name":"Together for education and economy"}]},{"@type":"WebSite","@id":"https:\/\/archiwum.invest-park.com.pl\/#website","url":"https:\/\/archiwum.invest-park.com.pl\/","name":"WSSE &quot;INVEST-PARK&quot;. Wa\u0142brzyska Specjalna Strefa Ekonomiczna &quot;INVEST-PARK&quot;.","description":"Wa\u0142brzyska Specjalna Strefa Ekonomiczna to jedna z najwi\u0119kszych i najdynamiczniej rozwijaj\u0105cych si\u0119 stref ekonomicznych w Polsce | Znajd\u017a tereny inwestycyjne z ulgami podatkowymi | Dzia\u0142ki inwestycyjne | Tereny inwestycyjne | Strefy ekonomiczne w Polsce | Invest in Poland in Special Economic Zone","potentialAction":[{"@type":"SearchAction","target":{"@type":"EntryPoint","urlTemplate":"https:\/\/archiwum.invest-park.com.pl\/?s={search_term_string}"},"query-input":{"@type":"PropertyValueSpecification","valueRequired":true,"valueName":"search_term_string"}}],"inLanguage":"en-US"},{"@type":"Person","@id":"https:\/\/archiwum.invest-park.com.pl\/#\/schema\/person\/e1a25243ece3d709f69b2f07f15f97bd","name":"Pion IT","image":{"@type":"ImageObject","inLanguage":"en-US","@id":"https:\/\/secure.gravatar.com\/avatar\/c98fecba299a4b313b2b82702b1a69330e83b1d8288898b0d5a717c2eeeba508?s=96&d=mm&r=g","url":"https:\/\/secure.gravatar.com\/avatar\/c98fecba299a4b313b2b82702b1a69330e83b1d8288898b0d5a717c2eeeba508?s=96&d=mm&r=g","contentUrl":"https:\/\/secure.gravatar.com\/avatar\/c98fecba299a4b313b2b82702b1a69330e83b1d8288898b0d5a717c2eeeba508?s=96&d=mm&r=g","caption":"Pion IT"}}]}},"_links":{"self":[{"href":"https:\/\/archiwum.invest-park.com.pl\/en\/wp-json\/wp\/v2\/posts\/2511","targetHints":{"allow":["GET"]}}],"collection":[{"href":"https:\/\/archiwum.invest-park.com.pl\/en\/wp-json\/wp\/v2\/posts"}],"about":[{"href":"https:\/\/archiwum.invest-park.com.pl\/en\/wp-json\/wp\/v2\/types\/post"}],"author":[{"embeddable":true,"href":"https:\/\/archiwum.invest-park.com.pl\/en\/wp-json\/wp\/v2\/users\/1"}],"replies":[{"embeddable":true,"href":"https:\/\/archiwum.invest-park.com.pl\/en\/wp-json\/wp\/v2\/comments?post=2511"}],"version-history":[{"count":3,"href":"https:\/\/archiwum.invest-park.com.pl\/en\/wp-json\/wp\/v2\/posts\/2511\/revisions"}],"predecessor-version":[{"id":2515,"href":"https:\/\/archiwum.invest-park.com.pl\/en\/wp-json\/wp\/v2\/posts\/2511\/revisions\/2515"}],"wp:attachment":[{"href":"https:\/\/archiwum.invest-park.com.pl\/en\/wp-json\/wp\/v2\/media?parent=2511"}],"wp:term":[{"taxonomy":"category","embeddable":true,"href":"https:\/\/archiwum.invest-park.com.pl\/en\/wp-json\/wp\/v2\/categories?post=2511"},{"taxonomy":"post_tag","embeddable":true,"href":"https:\/\/archiwum.invest-park.com.pl\/en\/wp-json\/wp\/v2\/tags?post=2511"}],"curies":[{"name":"wp","href":"https:\/\/api.w.org\/{rel}","templated":true}]}}