{"id":10005,"date":"2019-02-25T11:53:25","date_gmt":"2019-02-25T10:53:25","guid":{"rendered":"https:\/\/invest-park.com.pl\/?p=10005"},"modified":"2019-02-25T11:57:28","modified_gmt":"2019-02-25T10:57:28","slug":"automotive-cee-day-2019en","status":"publish","type":"post","link":"https:\/\/archiwum.invest-park.com.pl\/en\/blog\/2019\/02\/25\/automotive-cee-day-2019en\/","title":{"rendered":"Automotive CEE Day 2019"},"content":{"rendered":"<p><strong>Wa\u0142brzych Special Economic Zone would like to invite to the sixth edition of purchasing meeting Automotive CEE Day that will take place on 28-29 March 2019 in Opole (Poland). The objective of the meeting is the opportunity to establish first contact between car manufacturers\u2019 purchasing departments, tier 1 suppliers and potential suppliers.<\/strong><!--more--><\/p>\n<p><a href=\"https:\/\/archiwum.invest-park.com.pl\/wp-content\/uploads\/2019\/02\/DSC_0245-e1551091693270.jpg\"><img loading=\"lazy\" decoding=\"async\" class=\"alignnone wp-image-10004 size-large\" src=\"https:\/\/archiwum.invest-park.com.pl\/wp-content\/uploads\/2019\/02\/DSC_0245-e1551091693270-1024x331.jpg\" alt=\"DSC_0245\" width=\"1024\" height=\"331\" \/><\/a><\/p>\n<p>In edition 2018 hosted 240 companies from nine countries, which held over 1 100 talks arranged by means of the IT platform and several hundred additional, ad hoc meetings. Such companies as FCA, Polaris, Adient, Gedia, Nidec, Sanden and ZF (Electronics) have confirmed their presence during the Automotive CEE Day 2019. Automotive CEE Day 2019 is a perfect opportunity to meet many potential partners or suppliers at a single place and time.<\/p>\n<p>Detailed information is available on <strong><a href=\"http:\/\/www.automotiveceeday.eu\" target=\"_blank\">www.automotiveceeday.eu<\/a><\/strong><br \/>\nThis event is organized by the research and analysis company AutomotiveSuppliers.pl. WSEZ is the co-organizer of the event.<\/p>\n<p>Photos from the last edition:<\/p>\n<p><a href=\"https:\/\/archiwum.invest-park.com.pl\/wp-content\/uploads\/2019\/02\/DSC_0236.jpg\"><img loading=\"lazy\" decoding=\"async\" class=\"alignnone size-thumbnail wp-image-10003\" src=\"https:\/\/archiwum.invest-park.com.pl\/wp-content\/uploads\/2019\/02\/DSC_0236-270x180.jpg\" alt=\"DSC_0236\" width=\"270\" height=\"180\" srcset=\"https:\/\/archiwum.invest-park.com.pl\/wp-content\/uploads\/2019\/02\/DSC_0236-270x180.jpg 270w, https:\/\/archiwum.invest-park.com.pl\/wp-content\/uploads\/2019\/02\/DSC_0236-768x512.jpg 768w, https:\/\/archiwum.invest-park.com.pl\/wp-content\/uploads\/2019\/02\/DSC_0236-393x262.jpg 393w, https:\/\/archiwum.invest-park.com.pl\/wp-content\/uploads\/2019\/02\/DSC_0236-300x200.jpg 300w, https:\/\/archiwum.invest-park.com.pl\/wp-content\/uploads\/2019\/02\/DSC_0236-1024x683.jpg 1024w, https:\/\/archiwum.invest-park.com.pl\/wp-content\/uploads\/2019\/02\/DSC_0236-600x400.jpg 600w\" sizes=\"auto, (max-width: 270px) 100vw, 270px\" \/><\/a> <a href=\"https:\/\/archiwum.invest-park.com.pl\/wp-content\/uploads\/2019\/02\/700x450-crop-90-dsc_2563.jpg\"><img loading=\"lazy\" decoding=\"async\" class=\"alignnone size-thumbnail wp-image-10002\" src=\"https:\/\/archiwum.invest-park.com.pl\/wp-content\/uploads\/2019\/02\/700x450-crop-90-dsc_2563-270x173.jpg\" alt=\"700x450-crop-90-dsc_2563\" width=\"270\" height=\"173\" \/><\/a> <a href=\"https:\/\/archiwum.invest-park.com.pl\/wp-content\/uploads\/2019\/02\/700x450-crop-90-dsc_2336.jpg\"><img loading=\"lazy\" decoding=\"async\" class=\"alignnone size-thumbnail wp-image-10001\" src=\"https:\/\/archiwum.invest-park.com.pl\/wp-content\/uploads\/2019\/02\/700x450-crop-90-dsc_2336-270x173.jpg\" alt=\"700x450-crop-90-dsc_2336\" width=\"270\" height=\"173\" \/><\/a> <a href=\"https:\/\/archiwum.invest-park.com.pl\/wp-content\/uploads\/2019\/02\/dsc_2558.jpg\"><img loading=\"lazy\" decoding=\"async\" class=\"alignnone size-thumbnail wp-image-10000\" src=\"https:\/\/archiwum.invest-park.com.pl\/wp-content\/uploads\/2019\/02\/dsc_2558-270x180.jpg\" alt=\"dsc_2558\" width=\"270\" height=\"180\" srcset=\"https:\/\/archiwum.invest-park.com.pl\/wp-content\/uploads\/2019\/02\/dsc_2558-270x180.jpg 270w, https:\/\/archiwum.invest-park.com.pl\/wp-content\/uploads\/2019\/02\/dsc_2558-768x512.jpg 768w, https:\/\/archiwum.invest-park.com.pl\/wp-content\/uploads\/2019\/02\/dsc_2558-1024x683.jpg 1024w, https:\/\/archiwum.invest-park.com.pl\/wp-content\/uploads\/2019\/02\/dsc_2558-393x262.jpg 393w, https:\/\/archiwum.invest-park.com.pl\/wp-content\/uploads\/2019\/02\/dsc_2558-300x200.jpg 300w, https:\/\/archiwum.invest-park.com.pl\/wp-content\/uploads\/2019\/02\/dsc_2558-600x400.jpg 600w, https:\/\/archiwum.invest-park.com.pl\/wp-content\/uploads\/2019\/02\/dsc_2558.jpg 1200w\" sizes=\"auto, (max-width: 270px) 100vw, 270px\" \/><\/a><\/p>\n<p>&nbsp;<\/p>\n<p>&nbsp;<\/p>\n","protected":false},"excerpt":{"rendered":"<p>Wa\u0142brzych Special Economic Zone would like to invite to the sixth edition of purchasing meeting Automotive CEE Day that will take place on 28-29 March 2019 in Opole (Poland). The objective of the meeting is the opportunity to establish first contact between car manufacturers\u2019 purchasing departments, tier 1 suppliers and potential suppliers. <\/p>\n<p class=\"text-right\"><a class=\"btn btn-secondary understrap-read-more-link\" href=\"https:\/\/archiwum.invest-park.com.pl\/en\/blog\/2019\/02\/25\/automotive-cee-day-2019en\/\">Read More&#8230;<\/a><\/p>\n","protected":false},"author":1,"featured_media":10004,"comment_status":"open","ping_status":"closed","sticky":false,"template":"","format":"standard","meta":{"_acf_changed":false,"footnotes":""},"categories":[85],"tags":[],"class_list":["post-10005","post","type-post","status-publish","format-standard","has-post-thumbnail","hentry","category-news"],"acf":[],"yoast_head":"<!-- This site is optimized with the Yoast SEO plugin v27.5 - https:\/\/yoast.com\/product\/yoast-seo-wordpress\/ -->\n<title>Automotive CEE Day 2019 - WSSE &quot;INVEST-PARK&quot;. Wa\u0142brzyska Specjalna Strefa Ekonomiczna &quot;INVEST-PARK&quot;.<\/title>\n<meta name=\"robots\" content=\"index, follow, max-snippet:-1, max-image-preview:large, max-video-preview:-1\" \/>\n<link rel=\"canonical\" href=\"https:\/\/archiwum.invest-park.com.pl\/en\/blog\/2019\/02\/25\/automotive-cee-day-2019en\/\" \/>\n<meta property=\"og:locale\" content=\"en_US\" \/>\n<meta property=\"og:type\" content=\"article\" \/>\n<meta property=\"og:title\" content=\"Automotive CEE Day 2019 - WSSE &quot;INVEST-PARK&quot;. Wa\u0142brzyska Specjalna Strefa Ekonomiczna &quot;INVEST-PARK&quot;.\" \/>\n<meta property=\"og:description\" content=\"Wa\u0142brzych Special Economic Zone would like to invite to the sixth edition of purchasing meeting Automotive CEE Day that will take place on 28-29 March 2019 in Opole (Poland). The objective of the meeting is the opportunity to establish first contact between car manufacturers\u2019 purchasing departments, tier 1 suppliers and potential suppliers. Read More...\" \/>\n<meta property=\"og:url\" content=\"https:\/\/archiwum.invest-park.com.pl\/en\/blog\/2019\/02\/25\/automotive-cee-day-2019en\/\" \/>\n<meta property=\"og:site_name\" content=\"WSSE &quot;INVEST-PARK&quot;. Wa\u0142brzyska Specjalna Strefa Ekonomiczna &quot;INVEST-PARK&quot;.\" \/>\n<meta property=\"article:published_time\" content=\"2019-02-25T10:53:25+00:00\" \/>\n<meta property=\"article:modified_time\" content=\"2019-02-25T10:57:28+00:00\" \/>\n<meta property=\"og:image\" content=\"https:\/\/archiwum.invest-park.com.pl\/wp-content\/uploads\/2019\/02\/DSC_0245-e1551091693270-1024x332.jpg\" \/>\n\t<meta property=\"og:image:width\" content=\"1024\" \/>\n\t<meta property=\"og:image:height\" content=\"332\" \/>\n\t<meta property=\"og:image:type\" content=\"image\/jpeg\" \/>\n<meta name=\"author\" content=\"Pion IT\" \/>\n<meta name=\"twitter:label1\" content=\"Written by\" \/>\n\t<meta name=\"twitter:data1\" content=\"Pion IT\" \/>\n\t<meta name=\"twitter:label2\" content=\"Est. reading time\" \/>\n\t<meta name=\"twitter:data2\" content=\"1 minute\" \/>\n<script type=\"application\/ld+json\" class=\"yoast-schema-graph\">{\"@context\":\"https:\\\/\\\/schema.org\",\"@graph\":[{\"@type\":\"Article\",\"@id\":\"https:\\\/\\\/archiwum.invest-park.com.pl\\\/en\\\/blog\\\/2019\\\/02\\\/25\\\/automotive-cee-day-2019en\\\/#article\",\"isPartOf\":{\"@id\":\"https:\\\/\\\/archiwum.invest-park.com.pl\\\/en\\\/blog\\\/2019\\\/02\\\/25\\\/automotive-cee-day-2019en\\\/\"},\"author\":{\"name\":\"Pion IT\",\"@id\":\"https:\\\/\\\/archiwum.invest-park.com.pl\\\/#\\\/schema\\\/person\\\/e1a25243ece3d709f69b2f07f15f97bd\"},\"headline\":\"Automotive CEE Day 2019\",\"datePublished\":\"2019-02-25T10:53:25+00:00\",\"dateModified\":\"2019-02-25T10:57:28+00:00\",\"mainEntityOfPage\":{\"@id\":\"https:\\\/\\\/archiwum.invest-park.com.pl\\\/en\\\/blog\\\/2019\\\/02\\\/25\\\/automotive-cee-day-2019en\\\/\"},\"wordCount\":154,\"commentCount\":0,\"image\":{\"@id\":\"https:\\\/\\\/archiwum.invest-park.com.pl\\\/en\\\/blog\\\/2019\\\/02\\\/25\\\/automotive-cee-day-2019en\\\/#primaryimage\"},\"thumbnailUrl\":\"https:\\\/\\\/archiwum.invest-park.com.pl\\\/wp-content\\\/uploads\\\/2019\\\/02\\\/DSC_0245-e1551091693270.jpg\",\"articleSection\":[\"News\"],\"inLanguage\":\"en-US\",\"potentialAction\":[{\"@type\":\"CommentAction\",\"name\":\"Comment\",\"target\":[\"https:\\\/\\\/archiwum.invest-park.com.pl\\\/en\\\/blog\\\/2019\\\/02\\\/25\\\/automotive-cee-day-2019en\\\/#respond\"]}]},{\"@type\":\"WebPage\",\"@id\":\"https:\\\/\\\/archiwum.invest-park.com.pl\\\/en\\\/blog\\\/2019\\\/02\\\/25\\\/automotive-cee-day-2019en\\\/\",\"url\":\"https:\\\/\\\/archiwum.invest-park.com.pl\\\/en\\\/blog\\\/2019\\\/02\\\/25\\\/automotive-cee-day-2019en\\\/\",\"name\":\"Automotive CEE Day 2019 - WSSE &quot;INVEST-PARK&quot;. Wa\u0142brzyska Specjalna Strefa Ekonomiczna &quot;INVEST-PARK&quot;.\",\"isPartOf\":{\"@id\":\"https:\\\/\\\/archiwum.invest-park.com.pl\\\/#website\"},\"primaryImageOfPage\":{\"@id\":\"https:\\\/\\\/archiwum.invest-park.com.pl\\\/en\\\/blog\\\/2019\\\/02\\\/25\\\/automotive-cee-day-2019en\\\/#primaryimage\"},\"image\":{\"@id\":\"https:\\\/\\\/archiwum.invest-park.com.pl\\\/en\\\/blog\\\/2019\\\/02\\\/25\\\/automotive-cee-day-2019en\\\/#primaryimage\"},\"thumbnailUrl\":\"https:\\\/\\\/archiwum.invest-park.com.pl\\\/wp-content\\\/uploads\\\/2019\\\/02\\\/DSC_0245-e1551091693270.jpg\",\"datePublished\":\"2019-02-25T10:53:25+00:00\",\"dateModified\":\"2019-02-25T10:57:28+00:00\",\"author\":{\"@id\":\"https:\\\/\\\/archiwum.invest-park.com.pl\\\/#\\\/schema\\\/person\\\/e1a25243ece3d709f69b2f07f15f97bd\"},\"breadcrumb\":{\"@id\":\"https:\\\/\\\/archiwum.invest-park.com.pl\\\/en\\\/blog\\\/2019\\\/02\\\/25\\\/automotive-cee-day-2019en\\\/#breadcrumb\"},\"inLanguage\":\"en-US\",\"potentialAction\":[{\"@type\":\"ReadAction\",\"target\":[\"https:\\\/\\\/archiwum.invest-park.com.pl\\\/en\\\/blog\\\/2019\\\/02\\\/25\\\/automotive-cee-day-2019en\\\/\"]}]},{\"@type\":\"ImageObject\",\"inLanguage\":\"en-US\",\"@id\":\"https:\\\/\\\/archiwum.invest-park.com.pl\\\/en\\\/blog\\\/2019\\\/02\\\/25\\\/automotive-cee-day-2019en\\\/#primaryimage\",\"url\":\"https:\\\/\\\/archiwum.invest-park.com.pl\\\/wp-content\\\/uploads\\\/2019\\\/02\\\/DSC_0245-e1551091693270.jpg\",\"contentUrl\":\"https:\\\/\\\/archiwum.invest-park.com.pl\\\/wp-content\\\/uploads\\\/2019\\\/02\\\/DSC_0245-e1551091693270.jpg\",\"width\":4451,\"height\":1442},{\"@type\":\"BreadcrumbList\",\"@id\":\"https:\\\/\\\/archiwum.invest-park.com.pl\\\/en\\\/blog\\\/2019\\\/02\\\/25\\\/automotive-cee-day-2019en\\\/#breadcrumb\",\"itemListElement\":[{\"@type\":\"ListItem\",\"position\":1,\"name\":\"Strona g\u0142\u00f3wna\",\"item\":\"https:\\\/\\\/archiwum.invest-park.com.pl\\\/en\\\/\"},{\"@type\":\"ListItem\",\"position\":2,\"name\":\"Automotive CEE Day 2019\"}]},{\"@type\":\"WebSite\",\"@id\":\"https:\\\/\\\/archiwum.invest-park.com.pl\\\/#website\",\"url\":\"https:\\\/\\\/archiwum.invest-park.com.pl\\\/\",\"name\":\"WSSE &quot;INVEST-PARK&quot;. Wa\u0142brzyska Specjalna Strefa Ekonomiczna &quot;INVEST-PARK&quot;.\",\"description\":\"Wa\u0142brzyska Specjalna Strefa Ekonomiczna to jedna z najwi\u0119kszych i najdynamiczniej rozwijaj\u0105cych si\u0119 stref ekonomicznych w Polsce | Znajd\u017a tereny inwestycyjne z ulgami podatkowymi | Dzia\u0142ki inwestycyjne | Tereny inwestycyjne | Strefy ekonomiczne w Polsce | Invest in Poland in Special Economic Zone\",\"potentialAction\":[{\"@type\":\"SearchAction\",\"target\":{\"@type\":\"EntryPoint\",\"urlTemplate\":\"https:\\\/\\\/archiwum.invest-park.com.pl\\\/?s={search_term_string}\"},\"query-input\":{\"@type\":\"PropertyValueSpecification\",\"valueRequired\":true,\"valueName\":\"search_term_string\"}}],\"inLanguage\":\"en-US\"},{\"@type\":\"Person\",\"@id\":\"https:\\\/\\\/archiwum.invest-park.com.pl\\\/#\\\/schema\\\/person\\\/e1a25243ece3d709f69b2f07f15f97bd\",\"name\":\"Pion IT\",\"image\":{\"@type\":\"ImageObject\",\"inLanguage\":\"en-US\",\"@id\":\"https:\\\/\\\/secure.gravatar.com\\\/avatar\\\/c98fecba299a4b313b2b82702b1a69330e83b1d8288898b0d5a717c2eeeba508?s=96&d=mm&r=g\",\"url\":\"https:\\\/\\\/secure.gravatar.com\\\/avatar\\\/c98fecba299a4b313b2b82702b1a69330e83b1d8288898b0d5a717c2eeeba508?s=96&d=mm&r=g\",\"contentUrl\":\"https:\\\/\\\/secure.gravatar.com\\\/avatar\\\/c98fecba299a4b313b2b82702b1a69330e83b1d8288898b0d5a717c2eeeba508?s=96&d=mm&r=g\",\"caption\":\"Pion IT\"}}]}<\/script>\n<!-- \/ Yoast SEO plugin. -->","yoast_head_json":{"title":"Automotive CEE Day 2019 - WSSE &quot;INVEST-PARK&quot;. Wa\u0142brzyska Specjalna Strefa Ekonomiczna &quot;INVEST-PARK&quot;.","robots":{"index":"index","follow":"follow","max-snippet":"max-snippet:-1","max-image-preview":"max-image-preview:large","max-video-preview":"max-video-preview:-1"},"canonical":"https:\/\/archiwum.invest-park.com.pl\/en\/blog\/2019\/02\/25\/automotive-cee-day-2019en\/","og_locale":"en_US","og_type":"article","og_title":"Automotive CEE Day 2019 - WSSE &quot;INVEST-PARK&quot;. Wa\u0142brzyska Specjalna Strefa Ekonomiczna &quot;INVEST-PARK&quot;.","og_description":"Wa\u0142brzych Special Economic Zone would like to invite to the sixth edition of purchasing meeting Automotive CEE Day that will take place on 28-29 March 2019 in Opole (Poland). The objective of the meeting is the opportunity to establish first contact between car manufacturers\u2019 purchasing departments, tier 1 suppliers and potential suppliers. Read More...","og_url":"https:\/\/archiwum.invest-park.com.pl\/en\/blog\/2019\/02\/25\/automotive-cee-day-2019en\/","og_site_name":"WSSE &quot;INVEST-PARK&quot;. Wa\u0142brzyska Specjalna Strefa Ekonomiczna &quot;INVEST-PARK&quot;.","article_published_time":"2019-02-25T10:53:25+00:00","article_modified_time":"2019-02-25T10:57:28+00:00","og_image":[{"width":1024,"height":332,"url":"https:\/\/archiwum.invest-park.com.pl\/wp-content\/uploads\/2019\/02\/DSC_0245-e1551091693270-1024x332.jpg","type":"image\/jpeg"}],"author":"Pion IT","twitter_misc":{"Written by":"Pion IT","Est. reading time":"1 minute"},"schema":{"@context":"https:\/\/schema.org","@graph":[{"@type":"Article","@id":"https:\/\/archiwum.invest-park.com.pl\/en\/blog\/2019\/02\/25\/automotive-cee-day-2019en\/#article","isPartOf":{"@id":"https:\/\/archiwum.invest-park.com.pl\/en\/blog\/2019\/02\/25\/automotive-cee-day-2019en\/"},"author":{"name":"Pion IT","@id":"https:\/\/archiwum.invest-park.com.pl\/#\/schema\/person\/e1a25243ece3d709f69b2f07f15f97bd"},"headline":"Automotive CEE Day 2019","datePublished":"2019-02-25T10:53:25+00:00","dateModified":"2019-02-25T10:57:28+00:00","mainEntityOfPage":{"@id":"https:\/\/archiwum.invest-park.com.pl\/en\/blog\/2019\/02\/25\/automotive-cee-day-2019en\/"},"wordCount":154,"commentCount":0,"image":{"@id":"https:\/\/archiwum.invest-park.com.pl\/en\/blog\/2019\/02\/25\/automotive-cee-day-2019en\/#primaryimage"},"thumbnailUrl":"https:\/\/archiwum.invest-park.com.pl\/wp-content\/uploads\/2019\/02\/DSC_0245-e1551091693270.jpg","articleSection":["News"],"inLanguage":"en-US","potentialAction":[{"@type":"CommentAction","name":"Comment","target":["https:\/\/archiwum.invest-park.com.pl\/en\/blog\/2019\/02\/25\/automotive-cee-day-2019en\/#respond"]}]},{"@type":"WebPage","@id":"https:\/\/archiwum.invest-park.com.pl\/en\/blog\/2019\/02\/25\/automotive-cee-day-2019en\/","url":"https:\/\/archiwum.invest-park.com.pl\/en\/blog\/2019\/02\/25\/automotive-cee-day-2019en\/","name":"Automotive CEE Day 2019 - WSSE &quot;INVEST-PARK&quot;. Wa\u0142brzyska Specjalna Strefa Ekonomiczna &quot;INVEST-PARK&quot;.","isPartOf":{"@id":"https:\/\/archiwum.invest-park.com.pl\/#website"},"primaryImageOfPage":{"@id":"https:\/\/archiwum.invest-park.com.pl\/en\/blog\/2019\/02\/25\/automotive-cee-day-2019en\/#primaryimage"},"image":{"@id":"https:\/\/archiwum.invest-park.com.pl\/en\/blog\/2019\/02\/25\/automotive-cee-day-2019en\/#primaryimage"},"thumbnailUrl":"https:\/\/archiwum.invest-park.com.pl\/wp-content\/uploads\/2019\/02\/DSC_0245-e1551091693270.jpg","datePublished":"2019-02-25T10:53:25+00:00","dateModified":"2019-02-25T10:57:28+00:00","author":{"@id":"https:\/\/archiwum.invest-park.com.pl\/#\/schema\/person\/e1a25243ece3d709f69b2f07f15f97bd"},"breadcrumb":{"@id":"https:\/\/archiwum.invest-park.com.pl\/en\/blog\/2019\/02\/25\/automotive-cee-day-2019en\/#breadcrumb"},"inLanguage":"en-US","potentialAction":[{"@type":"ReadAction","target":["https:\/\/archiwum.invest-park.com.pl\/en\/blog\/2019\/02\/25\/automotive-cee-day-2019en\/"]}]},{"@type":"ImageObject","inLanguage":"en-US","@id":"https:\/\/archiwum.invest-park.com.pl\/en\/blog\/2019\/02\/25\/automotive-cee-day-2019en\/#primaryimage","url":"https:\/\/archiwum.invest-park.com.pl\/wp-content\/uploads\/2019\/02\/DSC_0245-e1551091693270.jpg","contentUrl":"https:\/\/archiwum.invest-park.com.pl\/wp-content\/uploads\/2019\/02\/DSC_0245-e1551091693270.jpg","width":4451,"height":1442},{"@type":"BreadcrumbList","@id":"https:\/\/archiwum.invest-park.com.pl\/en\/blog\/2019\/02\/25\/automotive-cee-day-2019en\/#breadcrumb","itemListElement":[{"@type":"ListItem","position":1,"name":"Strona g\u0142\u00f3wna","item":"https:\/\/archiwum.invest-park.com.pl\/en\/"},{"@type":"ListItem","position":2,"name":"Automotive CEE Day 2019"}]},{"@type":"WebSite","@id":"https:\/\/archiwum.invest-park.com.pl\/#website","url":"https:\/\/archiwum.invest-park.com.pl\/","name":"WSSE &quot;INVEST-PARK&quot;. Wa\u0142brzyska Specjalna Strefa Ekonomiczna &quot;INVEST-PARK&quot;.","description":"Wa\u0142brzyska Specjalna Strefa Ekonomiczna to jedna z najwi\u0119kszych i najdynamiczniej rozwijaj\u0105cych si\u0119 stref ekonomicznych w Polsce | Znajd\u017a tereny inwestycyjne z ulgami podatkowymi | Dzia\u0142ki inwestycyjne | Tereny inwestycyjne | Strefy ekonomiczne w Polsce | Invest in Poland in Special Economic Zone","potentialAction":[{"@type":"SearchAction","target":{"@type":"EntryPoint","urlTemplate":"https:\/\/archiwum.invest-park.com.pl\/?s={search_term_string}"},"query-input":{"@type":"PropertyValueSpecification","valueRequired":true,"valueName":"search_term_string"}}],"inLanguage":"en-US"},{"@type":"Person","@id":"https:\/\/archiwum.invest-park.com.pl\/#\/schema\/person\/e1a25243ece3d709f69b2f07f15f97bd","name":"Pion IT","image":{"@type":"ImageObject","inLanguage":"en-US","@id":"https:\/\/secure.gravatar.com\/avatar\/c98fecba299a4b313b2b82702b1a69330e83b1d8288898b0d5a717c2eeeba508?s=96&d=mm&r=g","url":"https:\/\/secure.gravatar.com\/avatar\/c98fecba299a4b313b2b82702b1a69330e83b1d8288898b0d5a717c2eeeba508?s=96&d=mm&r=g","contentUrl":"https:\/\/secure.gravatar.com\/avatar\/c98fecba299a4b313b2b82702b1a69330e83b1d8288898b0d5a717c2eeeba508?s=96&d=mm&r=g","caption":"Pion IT"}}]}},"_links":{"self":[{"href":"https:\/\/archiwum.invest-park.com.pl\/en\/wp-json\/wp\/v2\/posts\/10005","targetHints":{"allow":["GET"]}}],"collection":[{"href":"https:\/\/archiwum.invest-park.com.pl\/en\/wp-json\/wp\/v2\/posts"}],"about":[{"href":"https:\/\/archiwum.invest-park.com.pl\/en\/wp-json\/wp\/v2\/types\/post"}],"author":[{"embeddable":true,"href":"https:\/\/archiwum.invest-park.com.pl\/en\/wp-json\/wp\/v2\/users\/1"}],"replies":[{"embeddable":true,"href":"https:\/\/archiwum.invest-park.com.pl\/en\/wp-json\/wp\/v2\/comments?post=10005"}],"version-history":[{"count":2,"href":"https:\/\/archiwum.invest-park.com.pl\/en\/wp-json\/wp\/v2\/posts\/10005\/revisions"}],"predecessor-version":[{"id":10008,"href":"https:\/\/archiwum.invest-park.com.pl\/en\/wp-json\/wp\/v2\/posts\/10005\/revisions\/10008"}],"wp:featuredmedia":[{"embeddable":true,"href":"https:\/\/archiwum.invest-park.com.pl\/en\/wp-json\/wp\/v2\/media\/10004"}],"wp:attachment":[{"href":"https:\/\/archiwum.invest-park.com.pl\/en\/wp-json\/wp\/v2\/media?parent=10005"}],"wp:term":[{"taxonomy":"category","embeddable":true,"href":"https:\/\/archiwum.invest-park.com.pl\/en\/wp-json\/wp\/v2\/categories?post=10005"},{"taxonomy":"post_tag","embeddable":true,"href":"https:\/\/archiwum.invest-park.com.pl\/en\/wp-json\/wp\/v2\/tags?post=10005"}],"curies":[{"name":"wp","href":"https:\/\/api.w.org\/{rel}","templated":true}]}}